{"id":108,"date":"2021-06-18T17:09:32","date_gmt":"2021-06-18T17:09:32","guid":{"rendered":"https:\/\/www.cssigniter.com\/demos\/beat\/2020\/10\/30\/the-trilogy-tapes-and-palace-skateboards-team-up-on-new-label-2\/"},"modified":"2021-12-01T18:21:53","modified_gmt":"2021-12-01T18:21:53","slug":"concerto-solistas-1","status":"publish","type":"post","link":"https:\/\/corocantabile.gal\/es\/concerto-solistas-1\/","title":{"rendered":"Concerto de solistas 2021 &#8211; parte 1"},"content":{"rendered":"\n<p>Despois de moitas semanas sen actividade, <strong>por fin voltamos polas redes<\/strong>, familia! A&nbsp; verdade \u00e9 que est\u00e1n a ser tempos moi complicados para organizarmos os ensaios e m\u00e1is a\u00ednda os eventos, mais que vos imos contar? <strong>Xa levamos m\u00e1is dun ano de monta\u00f1a rusa e o traballo, diante e detr\u00e1s das pantallas, res\u00edntese<\/strong>. Con todo, nunca renunciamos a manter no pos\u00edbel a nosa actividade habitual, por iso hoxe fainos moita ilusi\u00f3n traervos alg\u00fans v\u00eddeos do noso \u00faltimo concerto de solistas.<\/p>\n\n\n\n<p>Como sabedes as persoas que nos seguides desde hai anos, <strong>en Cantabile organizamos habitualmente un concerto no fin de curso, onde os membros do coro poden mostrar os seus progresos<\/strong> co instrumento que tocan ou coas lecci\u00f3ns individuais de canto que reciben en diferentes conservatorios ou escolas de m\u00fasica. Este concerto de solistas \u00e9 moi especial para n\u00f3s, porque nos permite ver a evoluci\u00f3n musical das persoas que forman o coro, mais tam\u00e9n adestrar as nosas habilidades esc\u00e9nicas ante o p\u00fablico, achegarnos a novos repertorios, ou a instrumentos que non nos acompa\u00f1an habitualmente, e as\u00ed aprendermos en conxunto.<\/p>\n\n\n\n<p>Nesta ocasi\u00f3n, polas limitaci\u00f3ns de aforo exixidas pola situaci\u00f3n sanitaria, <strong>decidimos limitar a asistencia de p\u00fablico<\/strong> a familiares das persoas que tocaron no concerto e a socios e socias de Cantabile. Confiemos en que axi\u00f1a poidamos admitir m\u00e1is xente nos nosos concertos, mais hoxe , para compensar estas limitaci\u00f3ns, tra\u00e9mosvos oito v\u00eddeos do concerto. Por que oito? Pois porque n\u00f3s tam\u00e9n estabamos desexando facer m\u00fasica e finalmente xuntamos <strong>dezasete actuaci\u00f3ns<\/strong>, as\u00ed que, para que poidades desfrutalas todas como merecen, \u00edmolas dividir en <strong>d\u00faas partes<\/strong>.<\/p>\n\n\n\n<p>Como veredes, esta edici\u00f3n estivo chea de <strong>talento<\/strong> e de <strong>sorpresas<\/strong>: Romeu, \u00c1lex e Jaime abriron a tarde con \u201cTulerunt Dominum Meum\u201d de Mendelssohn, seguidos da versi\u00f3n de \u201cYesterday\u201d ao viol\u00edn de Mari\u00f1a.<\/p>\n\n\n\n<figure class=\"wp-block-embed is-type-video is-provider-youtube wp-block-embed-youtube wp-embed-aspect-16-9 wp-has-aspect-ratio\"><div class=\"wp-block-embed__wrapper\">\n<div class=\"ignition-responsive-embed\"><iframe loading=\"lazy\" title=\"Tulerunt Dominum Meum - F. Mendelssohn\" width=\"960\" height=\"540\" src=\"https:\/\/www.youtube.com\/embed\/RchG0OBdqa4?feature=oembed\" frameborder=\"0\" allow=\"accelerometer; autoplay; clipboard-write; encrypted-media; gyroscope; picture-in-picture\" allowfullscreen><\/iframe><\/div>\n<\/div><\/figure>\n\n\n\n<figure class=\"wp-block-embed is-type-video is-provider-youtube wp-block-embed-youtube wp-embed-aspect-16-9 wp-has-aspect-ratio\"><div class=\"wp-block-embed__wrapper\">\n<div class=\"ignition-responsive-embed\"><iframe loading=\"lazy\" title=\"Yesterday - The Beatles\" width=\"960\" height=\"540\" src=\"https:\/\/www.youtube.com\/embed\/4_ghAJnBeqc?feature=oembed\" frameborder=\"0\" allow=\"accelerometer; autoplay; clipboard-write; encrypted-media; gyroscope; picture-in-picture\" allowfullscreen><\/iframe><\/div>\n<\/div><\/figure>\n\n\n\n<p>A seguir, Pablo Ares deunos gana de bailar co \u201cVals Rainha de Ases\u201d ao acordeon, para dar paso a Irene \u00e1 frauta travesa e a Jaime de novo, esta vez ao tromb\u00f3n.<\/p>\n\n\n\n<figure class=\"wp-block-embed is-type-video is-provider-youtube wp-block-embed-youtube wp-embed-aspect-16-9 wp-has-aspect-ratio\"><div class=\"wp-block-embed__wrapper\">\n<div class=\"ignition-responsive-embed\"><iframe loading=\"lazy\" title=\"Vals Rainha de Ases - E.Basile\" width=\"960\" height=\"540\" src=\"https:\/\/www.youtube.com\/embed\/hduUcIM42BU?feature=oembed\" frameborder=\"0\" allow=\"accelerometer; autoplay; clipboard-write; encrypted-media; gyroscope; picture-in-picture\" allowfullscreen><\/iframe><\/div>\n<\/div><\/figure>\n\n\n\n<figure class=\"wp-block-embed is-type-video is-provider-youtube wp-block-embed-youtube wp-embed-aspect-16-9 wp-has-aspect-ratio\"><div class=\"wp-block-embed__wrapper\">\n<div class=\"ignition-responsive-embed\"><iframe loading=\"lazy\" title=\"Concerto en Sol maior (primeiro movemento) - Pergolesi\" width=\"960\" height=\"540\" src=\"https:\/\/www.youtube.com\/embed\/R87XLnRjYP8?feature=oembed\" frameborder=\"0\" allow=\"accelerometer; autoplay; clipboard-write; encrypted-media; gyroscope; picture-in-picture\" allowfullscreen><\/iframe><\/div>\n<\/div><\/figure>\n\n\n\n<figure class=\"wp-block-embed is-type-video is-provider-youtube wp-block-embed-youtube wp-embed-aspect-16-9 wp-has-aspect-ratio\"><div class=\"wp-block-embed__wrapper\">\n<div class=\"ignition-responsive-embed\"><iframe loading=\"lazy\" title=\"Sonata n\u00ba3 en La menor - B. Marcello\" width=\"960\" height=\"540\" src=\"https:\/\/www.youtube.com\/embed\/xCoSMpIPDxM?feature=oembed\" frameborder=\"0\" allow=\"accelerometer; autoplay; clipboard-write; encrypted-media; gyroscope; picture-in-picture\" allowfullscreen><\/iframe><\/div>\n<\/div><\/figure>\n\n\n\n<p>En s\u00e9timo lugar, Luc\u00eda Aba debutou cantando ante o p\u00fablico coa aria de Mozart \u201cVoi che sapete\u201d e, a continuaci\u00f3n, Luc\u00eda Cernadas interpretou \u00e1 guitarra \u201cElogio de la danza\u201d, de Leo Brouwer.<\/p>\n\n\n\n<figure class=\"wp-block-embed is-type-video is-provider-youtube wp-block-embed-youtube wp-embed-aspect-16-9 wp-has-aspect-ratio\"><div class=\"wp-block-embed__wrapper\">\n<div class=\"ignition-responsive-embed\"><iframe loading=\"lazy\" title=\"Voi che sapete - Le Nozze di Figaro - Mozart\" width=\"960\" height=\"540\" src=\"https:\/\/www.youtube.com\/embed\/7W-70dYVTyg?feature=oembed\" frameborder=\"0\" allow=\"accelerometer; autoplay; clipboard-write; encrypted-media; gyroscope; picture-in-picture\" allowfullscreen><\/iframe><\/div>\n<\/div><\/figure>\n\n\n\n<figure class=\"wp-block-embed is-type-video is-provider-youtube wp-block-embed-youtube wp-embed-aspect-16-9 wp-has-aspect-ratio\"><div class=\"wp-block-embed__wrapper\">\n<div class=\"ignition-responsive-embed\"><iframe loading=\"lazy\" title=\"Elogio de la danza - Leo Bouwer\" width=\"960\" height=\"540\" src=\"https:\/\/www.youtube.com\/embed\/fLldzBfqMG0?feature=oembed\" frameborder=\"0\" allow=\"accelerometer; autoplay; clipboard-write; encrypted-media; gyroscope; picture-in-picture\" allowfullscreen><\/iframe><\/div>\n<\/div><\/figure>\n\n\n\n<p>No ecuador do concerto, Marta Duckworth estreouse tam\u00e9n ante o p\u00fablico con \u201cAh, non credea mirarti\u201d da <em>Sonnambula <\/em>de Bellini.<\/p>\n\n\n\n<figure class=\"wp-block-embed is-type-video is-provider-youtube wp-block-embed-youtube wp-embed-aspect-16-9 wp-has-aspect-ratio\"><div class=\"wp-block-embed__wrapper\">\n<div class=\"ignition-responsive-embed\"><iframe loading=\"lazy\" title=\"Ah, non credea mirarti - La Sonnambula - V. Bellini\" width=\"960\" height=\"540\" src=\"https:\/\/www.youtube.com\/embed\/0SzoMHCIJdY?feature=oembed\" frameborder=\"0\" allow=\"accelerometer; autoplay; clipboard-write; encrypted-media; gyroscope; picture-in-picture\" allowfullscreen><\/iframe><\/div>\n<\/div><\/figure>\n\n\n\n<p>Esperamos que desfrutedes cos v\u00eddeos! Tam\u00e9n podedes encontralos <a href=\"https:\/\/youtube.com\/playlist?list=PLdPg3Pf8hFRJRDJDUoDhijxQAliLjGzAS\">directamente en Youtube, nunha listaxe de reproduci\u00f3n<\/a> que completaremos axi\u00f1a coas restantes actuaci\u00f3ns. <strong>V\u00e9monos axi\u00f1a, familia Cantabile!<\/strong><\/p>\n","protected":false},"excerpt":{"rendered":"<p>Despois de moitas semanas sen actividade, por fin voltamos polas redes, familia! A&nbsp; verdade \u00e9 que est\u00e1n a ser tempos moi complicados para organizarmos os ensaios e m\u00e1is a\u00ednda os eventos, mais que vos imos [&hellip;]<\/p>\n","protected":false},"author":3,"featured_media":377,"comment_status":"closed","ping_status":"closed","sticky":false,"template":"","format":"standard","meta":[],"categories":[80],"tags":[16,153,18],"jetpack_featured_media_url":"https:\/\/corocantabile.gal\/wp-content\/uploads\/2020\/10\/solistas-1-captura.jpg","_links":{"self":[{"href":"https:\/\/corocantabile.gal\/es\/wp-json\/wp\/v2\/posts\/108"}],"collection":[{"href":"https:\/\/corocantabile.gal\/es\/wp-json\/wp\/v2\/posts"}],"about":[{"href":"https:\/\/corocantabile.gal\/es\/wp-json\/wp\/v2\/types\/post"}],"author":[{"embeddable":true,"href":"https:\/\/corocantabile.gal\/es\/wp-json\/wp\/v2\/users\/3"}],"replies":[{"embeddable":true,"href":"https:\/\/corocantabile.gal\/es\/wp-json\/wp\/v2\/comments?post=108"}],"version-history":[{"count":1,"href":"https:\/\/corocantabile.gal\/es\/wp-json\/wp\/v2\/posts\/108\/revisions"}],"predecessor-version":[{"id":384,"href":"https:\/\/corocantabile.gal\/es\/wp-json\/wp\/v2\/posts\/108\/revisions\/384"}],"wp:featuredmedia":[{"embeddable":true,"href":"https:\/\/corocantabile.gal\/es\/wp-json\/wp\/v2\/media\/377"}],"wp:attachment":[{"href":"https:\/\/corocantabile.gal\/es\/wp-json\/wp\/v2\/media?parent=108"}],"wp:term":[{"taxonomy":"category","embeddable":true,"href":"https:\/\/corocantabile.gal\/es\/wp-json\/wp\/v2\/categories?post=108"},{"taxonomy":"post_tag","embeddable":true,"href":"https:\/\/corocantabile.gal\/es\/wp-json\/wp\/v2\/tags?post=108"}],"curies":[{"name":"wp","href":"https:\/\/api.w.org\/{rel}","templated":true}]}}