{"id":110,"date":"2021-06-26T17:09:35","date_gmt":"2021-06-26T17:09:35","guid":{"rendered":"https:\/\/www.cssigniter.com\/demos\/beat\/2020\/10\/30\/the-trilogy-tapes-and-palace-skateboards-team-up-on-new-label-4\/"},"modified":"2021-12-01T18:21:46","modified_gmt":"2021-12-01T18:21:46","slug":"concerto-solistas-2","status":"publish","type":"post","link":"https:\/\/corocantabile.gal\/es\/concerto-solistas-2\/","title":{"rendered":"Concerto de solistas 2021 \u2013 parte 2"},"content":{"rendered":"\n<p>Ola de novo! Como prometemos, <strong>aqu\u00ed est\u00e1 a segunda parte dos v\u00eddeos do concerto de solistas<\/strong> que celebramos o pasado 12 de xu\u00f1o. Xa vos dixemos que n\u00f3s estabamos con moita gana de m\u00fasica, as\u00ed que a\u00ednda vos faltan por ver 9 actuaci\u00f3ns. Vamos!<\/p>\n\n\n\n<p>Continuamos co d\u00fao de Romeu e Alejandro Carri\u00f3n ao piano, interpretando d\u00faas gavotas de J. S. Bach a catro mans. Tam\u00e9n ao piano, mais cunha peza de estilo totalmente diferente, sorprendeunos Gabriel, facendo que toda a sala contivese o alento na s\u00faa interpretaci\u00f3n do Preludio en Do # menor de Rachmaninov.<\/p>\n\n\n\n<figure class=\"wp-block-embed is-type-video is-provider-youtube wp-block-embed-youtube wp-embed-aspect-16-9 wp-has-aspect-ratio\"><div class=\"wp-block-embed__wrapper\">\n<div class=\"ignition-responsive-embed\"><iframe loading=\"lazy\" title=\"D\u00faas Gavotas - J. S. Bach\" width=\"960\" height=\"540\" src=\"https:\/\/www.youtube.com\/embed\/RXHdJC2dqKI?feature=oembed\" frameborder=\"0\" allow=\"accelerometer; autoplay; clipboard-write; encrypted-media; gyroscope; picture-in-picture\" allowfullscreen><\/iframe><\/div>\n<\/div><\/figure>\n\n\n\n<figure class=\"wp-block-embed is-type-video is-provider-youtube wp-block-embed-youtube wp-embed-aspect-16-9 wp-has-aspect-ratio\"><div class=\"wp-block-embed__wrapper\">\n<div class=\"ignition-responsive-embed\"><iframe loading=\"lazy\" title=\"Preludio en Do menor - Rachmaninov\" width=\"960\" height=\"540\" src=\"https:\/\/www.youtube.com\/embed\/VJzCStDtF1c?feature=oembed\" frameborder=\"0\" allow=\"accelerometer; autoplay; clipboard-write; encrypted-media; gyroscope; picture-in-picture\" allowfullscreen><\/iframe><\/div>\n<\/div><\/figure>\n\n\n\n<p>A seguir, Samuel interpretou ao bombardino a Fantasia de Gordon Jacob, unha peza moi exixente tanto para el como para a nosa pianista acompa\u00f1ante, Ludmila Orlova. A pesar da dificultade, foi un \u00e9xito!<\/p>\n\n\n\n<figure class=\"wp-block-embed is-type-video is-provider-youtube wp-block-embed-youtube wp-embed-aspect-16-9 wp-has-aspect-ratio\"><div class=\"wp-block-embed__wrapper\">\n<div class=\"ignition-responsive-embed\"><iframe loading=\"lazy\" title=\"Fantasia - Gordon Jacob\" width=\"960\" height=\"540\" src=\"https:\/\/www.youtube.com\/embed\/mvE3SDfOW5U?feature=oembed\" frameborder=\"0\" allow=\"accelerometer; autoplay; clipboard-write; encrypted-media; gyroscope; picture-in-picture\" allowfullscreen><\/iframe><\/div>\n<\/div><\/figure>\n\n\n\n<p>A volta a calma chegou coa elegante Romanza n.\u00ba 3 de Schumann, intepretada ao \u00f3boe por Alejandro Pecorelli.<\/p>\n\n\n\n<figure class=\"wp-block-embed is-type-video is-provider-youtube wp-block-embed-youtube wp-embed-aspect-16-9 wp-has-aspect-ratio\"><div class=\"wp-block-embed__wrapper\">\n<div class=\"ignition-responsive-embed\"><iframe loading=\"lazy\" title=\"Romanza n.\u00ba 3 - R. Schumann\" width=\"960\" height=\"540\" src=\"https:\/\/www.youtube.com\/embed\/m2-FwP-vjuk?feature=oembed\" frameborder=\"0\" allow=\"accelerometer; autoplay; clipboard-write; encrypted-media; gyroscope; picture-in-picture\" allowfullscreen><\/iframe><\/div>\n<\/div><\/figure>\n\n\n\n<p>A tarde continuou cunha serie de cantantes, alg\u00fans xa experimentados, outros caras novas para o noso p\u00fablico habitual: os tenores Mart\u00edn Y\u00e1\u00f1ez e Pablo Casti\u00f1eiras e a soprano In\u00e9s Carri\u00f3n.<\/p>\n\n\n\n<figure class=\"wp-block-embed is-type-video is-provider-youtube wp-block-embed-youtube wp-embed-aspect-16-9 wp-has-aspect-ratio\"><div class=\"wp-block-embed__wrapper\">\n<div class=\"ignition-responsive-embed\"><iframe loading=\"lazy\" title=\"Non ti scordar di me - Ernst Marischka \/ Ernesto De Curtis \/ Domenico Furno\" width=\"960\" height=\"540\" src=\"https:\/\/www.youtube.com\/embed\/gWVQdb7wzKc?feature=oembed\" frameborder=\"0\" allow=\"accelerometer; autoplay; clipboard-write; encrypted-media; gyroscope; picture-in-picture\" allowfullscreen><\/iframe><\/div>\n<\/div><\/figure>\n\n\n\n<figure class=\"wp-block-embed is-type-video is-provider-youtube wp-block-embed-youtube wp-embed-aspect-16-9 wp-has-aspect-ratio\"><div class=\"wp-block-embed__wrapper\">\n<div class=\"ignition-responsive-embed\"><iframe loading=\"lazy\" title=\"I Dreamed a Dream - Les Miserables\" width=\"960\" height=\"540\" src=\"https:\/\/www.youtube.com\/embed\/JbVfbn87vrI?feature=oembed\" frameborder=\"0\" allow=\"accelerometer; autoplay; clipboard-write; encrypted-media; gyroscope; picture-in-picture\" allowfullscreen><\/iframe><\/div>\n<\/div><\/figure>\n\n\n\n<figure class=\"wp-block-embed is-type-video is-provider-youtube wp-block-embed-youtube wp-embed-aspect-16-9 wp-has-aspect-ratio\"><div class=\"wp-block-embed__wrapper\">\n<div class=\"ignition-responsive-embed\"><iframe loading=\"lazy\" title=\"Oh quante volte - I Capuleti e i Montecchi - Bellini\" width=\"960\" height=\"540\" src=\"https:\/\/www.youtube.com\/embed\/8bpeRAJ5C_c?feature=oembed\" frameborder=\"0\" allow=\"accelerometer; autoplay; clipboard-write; encrypted-media; gyroscope; picture-in-picture\" allowfullscreen><\/iframe><\/div>\n<\/div><\/figure>\n\n\n\n<p>Contra o final do concerto, Romeu p\u00faxose novamente fronte ao piano, esta vez en solitario, para impresionarnos coa s\u00faa impec\u00e1bel interpretaci\u00f3n do Nocturno Op. 54 de E. Grieg.<\/p>\n\n\n\n<figure class=\"wp-block-embed is-type-video is-provider-youtube wp-block-embed-youtube wp-embed-aspect-16-9 wp-has-aspect-ratio\"><div class=\"wp-block-embed__wrapper\">\n<div class=\"ignition-responsive-embed\"><iframe loading=\"lazy\" title=\"Nocturno - E. Grieg\" width=\"960\" height=\"540\" src=\"https:\/\/www.youtube.com\/embed\/x3M1ig-FA7E?feature=oembed\" frameborder=\"0\" allow=\"accelerometer; autoplay; clipboard-write; encrypted-media; gyroscope; picture-in-picture\" allowfullscreen><\/iframe><\/div>\n<\/div><\/figure>\n\n\n\n<p>A seguir, <strong>unha desas cousas que s\u00f3 se lle poden ocorrer a Pablo Carballido<\/strong>: subir a Romeu, Jaime e Alex a cantar o tr\u00edo dos xenios da \u00f3pera <em>Die Zauberfl\u00f6te <\/em>(a frauta m\u00e1xica) ao retablo da igrexa. Desde logo, era un bo sitio para proxectar a voz!<\/p>\n\n\n\n<figure class=\"wp-block-embed is-type-video is-provider-youtube wp-block-embed-youtube wp-embed-aspect-16-9 wp-has-aspect-ratio\"><div class=\"wp-block-embed__wrapper\">\n<div class=\"ignition-responsive-embed\"><iframe loading=\"lazy\" title=\"Terceto de xenios - Die Zauberfl\u00f6te (A frauta m\u00e1xica) - Mozart\" width=\"960\" height=\"540\" src=\"https:\/\/www.youtube.com\/embed\/TCI5B5pqpSc?feature=oembed\" frameborder=\"0\" allow=\"accelerometer; autoplay; clipboard-write; encrypted-media; gyroscope; picture-in-picture\" allowfullscreen><\/iframe><\/div>\n<\/div><\/figure>\n\n\n\n<p>Por \u00faltimo, seguindo coa mesma \u00f3pera, In\u00e9s e Ant\u00f3n emocion\u00e1ronnos coa s\u00faa interpretaci\u00f3n do d\u00fao de Papageno e Papagena. Non s\u00f3 cantaron fenomenal, sen\u00f3n que ademais escenificaron a peza ao mil\u00edmetro, con toda a complicidade. O p\u00fablico, por suposto, aplaudiu a rebentar!<\/p>\n\n\n\n<figure class=\"wp-block-embed is-type-video is-provider-youtube wp-block-embed-youtube wp-embed-aspect-16-9 wp-has-aspect-ratio\"><div class=\"wp-block-embed__wrapper\">\n<div class=\"ignition-responsive-embed\"><iframe loading=\"lazy\" title=\"Duo Papageno e Papagena - Die Zauberfl\u00f6te (A frauta m\u00e1xica) - Mozart\" width=\"960\" height=\"540\" src=\"https:\/\/www.youtube.com\/embed\/vkPy2_t0FlU?feature=oembed\" frameborder=\"0\" allow=\"accelerometer; autoplay; clipboard-write; encrypted-media; gyroscope; picture-in-picture\" allowfullscreen><\/iframe><\/div>\n<\/div><\/figure>\n\n\n\n<p>En definitiva, agora xa podedes comprender porque estamos tan felices co resultado deste concerto. Foi unha tarde realmente emocionante e <strong>sent\u00edmonos moi afortunadas<\/strong> por contar con este marabilloso grupo de valentes artistas (e por suposto, do resto de integrantes do coro, que estiveron apoiando desde o p\u00fablico e virtualmente aos seus compa\u00f1eiros e compa\u00f1eiras!). Esperamos que desfrutedes destes v\u00eddeos tanto coma n\u00f3s do directo e <strong>atenci\u00f3n \u00e1s redes<\/strong>, porque axi\u00f1a nos veremos nos pr\u00f3ximos concertos, <strong>#familiacantabile<\/strong>!<\/p>\n","protected":false},"excerpt":{"rendered":"<p>Ola de novo! Como prometemos, aqu\u00ed est\u00e1 a segunda parte dos v\u00eddeos do concerto de solistas que celebramos o pasado 12 de xu\u00f1o. Xa vos dixemos que n\u00f3s estabamos con moita gana de m\u00fasica, as\u00ed [&hellip;]<\/p>\n","protected":false},"author":3,"featured_media":364,"comment_status":"closed","ping_status":"closed","sticky":false,"template":"","format":"standard","meta":[],"categories":[80],"tags":[16,153,18],"jetpack_featured_media_url":"https:\/\/corocantabile.gal\/wp-content\/uploads\/2020\/10\/solistas-2-captura.jpg","_links":{"self":[{"href":"https:\/\/corocantabile.gal\/es\/wp-json\/wp\/v2\/posts\/110"}],"collection":[{"href":"https:\/\/corocantabile.gal\/es\/wp-json\/wp\/v2\/posts"}],"about":[{"href":"https:\/\/corocantabile.gal\/es\/wp-json\/wp\/v2\/types\/post"}],"author":[{"embeddable":true,"href":"https:\/\/corocantabile.gal\/es\/wp-json\/wp\/v2\/users\/3"}],"replies":[{"embeddable":true,"href":"https:\/\/corocantabile.gal\/es\/wp-json\/wp\/v2\/comments?post=110"}],"version-history":[{"count":1,"href":"https:\/\/corocantabile.gal\/es\/wp-json\/wp\/v2\/posts\/110\/revisions"}],"predecessor-version":[{"id":383,"href":"https:\/\/corocantabile.gal\/es\/wp-json\/wp\/v2\/posts\/110\/revisions\/383"}],"wp:featuredmedia":[{"embeddable":true,"href":"https:\/\/corocantabile.gal\/es\/wp-json\/wp\/v2\/media\/364"}],"wp:attachment":[{"href":"https:\/\/corocantabile.gal\/es\/wp-json\/wp\/v2\/media?parent=110"}],"wp:term":[{"taxonomy":"category","embeddable":true,"href":"https:\/\/corocantabile.gal\/es\/wp-json\/wp\/v2\/categories?post=110"},{"taxonomy":"post_tag","embeddable":true,"href":"https:\/\/corocantabile.gal\/es\/wp-json\/wp\/v2\/tags?post=110"}],"curies":[{"name":"wp","href":"https:\/\/api.w.org\/{rel}","templated":true}]}}