{"id":1553,"date":"2022-02-08T20:27:37","date_gmt":"2022-02-08T20:27:37","guid":{"rendered":"https:\/\/corocantabile.gal\/?p=1553"},"modified":"2023-09-24T13:54:09","modified_gmt":"2023-09-24T13:54:09","slug":"xix-aniversario-coro-cantabile-i","status":"publish","type":"post","link":"https:\/\/corocantabile.gal\/es\/xix-aniversario-coro-cantabile-i\/","title":{"rendered":"Rememorando o XIX Aniversario Cantabile (I)"},"content":{"rendered":"\n<p>Estamos de volta, #familiacantabile! <\/p>\n\n\n\n<p>Sabemos que estes meses non houbo moita actividade por aqu\u00ed. A verdade \u00e9 que este estado de actividade baixo m\u00ednimos estase prolongando m\u00e1is do que quereriamos, porque a pandemia non nos facilita demasiado o traballo, mais, en calquera caso, aqu\u00ed estamos! Mentres nos preparamos para todo o que est\u00e1 por vir neste novo ano, quer\u00e9mosvos deixar os primeiros v\u00eddeos do noso XIX Aniversario, celebrado o pasado 6 de novembro de 2021 na igrexa de Santiago da Coru\u00f1a. Neste concerto, exploramos repertorio renacentista italiano, franc\u00e9s, ingl\u00e9s&#8230; acompa\u00f1ados polo excelente ensemble In Nomine Consort e os seus instrumentos de \u00e9poca.<\/p>\n\n\n\n<p>Como xa \u00e9 habitual, os v\u00eddeos que vos presentamos a seguir son obra de MicroRec. Desexamos que, grazas a eles, aquelas persoas que non puidestes estar presentes no noso XIX aniversario desfrutedes coa nosa m\u00fasica, e que os que xa o vivistes en persoa desfrutedes tam\u00e9n de rememoralo:<\/p>\n\n\n\n<figure class=\"wp-block-embed is-type-video is-provider-youtube wp-block-embed-youtube wp-embed-aspect-16-9 wp-has-aspect-ratio\"><div class=\"wp-block-embed__wrapper\">\n<div class=\"ignition-responsive-embed\"><iframe loading=\"lazy\" title=\"Concerto XIX Aniversario Coro Cantabile - Amor vittorioso\" width=\"960\" height=\"540\" src=\"https:\/\/www.youtube.com\/embed\/TkiwR1ozLHU?feature=oembed\" frameborder=\"0\" allow=\"accelerometer; autoplay; clipboard-write; encrypted-media; gyroscope; picture-in-picture\" allowfullscreen><\/iframe><\/div>\n<\/div><figcaption>Amor Vittorioso<\/figcaption><\/figure>\n\n\n\n<figure class=\"wp-block-embed is-type-video is-provider-youtube wp-block-embed-youtube wp-embed-aspect-16-9 wp-has-aspect-ratio\"><div class=\"wp-block-embed__wrapper\">\n<div class=\"ignition-responsive-embed\"><iframe loading=\"lazy\" title=\"Concerto XIX Aniversario Coro Cantabile - Belle qui tiens ma vie\" width=\"960\" height=\"540\" src=\"https:\/\/www.youtube.com\/embed\/6Fmeyv586Jg?feature=oembed\" frameborder=\"0\" allow=\"accelerometer; autoplay; clipboard-write; encrypted-media; gyroscope; picture-in-picture\" allowfullscreen><\/iframe><\/div>\n<\/div><figcaption>Belle qui tiens ma vie<\/figcaption><\/figure>\n\n\n\n<figure class=\"wp-block-embed is-type-video is-provider-youtube wp-block-embed-youtube wp-embed-aspect-16-9 wp-has-aspect-ratio\"><div class=\"wp-block-embed__wrapper\">\n<div class=\"ignition-responsive-embed\"><iframe loading=\"lazy\" title=\"Concerto XIX Aniversario Coro Cantabile -  Now is the month of maying\" width=\"960\" height=\"540\" src=\"https:\/\/www.youtube.com\/embed\/4l9E1VV7XQQ?feature=oembed\" frameborder=\"0\" allow=\"accelerometer; autoplay; clipboard-write; encrypted-media; gyroscope; picture-in-picture\" allowfullscreen><\/iframe><\/div>\n<\/div><figcaption>Now Is The Month of Maying<\/figcaption><\/figure>\n\n\n\n<figure class=\"wp-block-embed is-type-video is-provider-youtube wp-block-embed-youtube wp-embed-aspect-16-9 wp-has-aspect-ratio\"><div class=\"wp-block-embed__wrapper\">\n<div class=\"ignition-responsive-embed\"><iframe loading=\"lazy\" title=\"Concerto XIX Aniversario Coro Cantabile - Matona mia cara\" width=\"960\" height=\"540\" src=\"https:\/\/www.youtube.com\/embed\/aDoZROQG6Oo?feature=oembed\" frameborder=\"0\" allow=\"accelerometer; autoplay; clipboard-write; encrypted-media; gyroscope; picture-in-picture\" allowfullscreen><\/iframe><\/div>\n<\/div><figcaption>Matona mia cara<\/figcaption><\/figure>\n\n\n\n<figure class=\"wp-block-embed is-type-video is-provider-youtube wp-block-embed-youtube wp-embed-aspect-16-9 wp-has-aspect-ratio\"><div class=\"wp-block-embed__wrapper\">\n<div class=\"ignition-responsive-embed\"><iframe loading=\"lazy\" title=\"Concerto XIX Aniversario Coro Cantabile - Lachrimae antiquae\" width=\"960\" height=\"540\" src=\"https:\/\/www.youtube.com\/embed\/RZ3D55WxwvQ?feature=oembed\" frameborder=\"0\" allow=\"accelerometer; autoplay; clipboard-write; encrypted-media; gyroscope; picture-in-picture\" allowfullscreen><\/iframe><\/div>\n<\/div><figcaption>Lachrimae antiquae<\/figcaption><\/figure>\n\n\n\n<figure class=\"wp-block-embed is-type-video is-provider-youtube wp-block-embed-youtube wp-embed-aspect-16-9 wp-has-aspect-ratio\"><div class=\"wp-block-embed__wrapper\">\n<div class=\"ignition-responsive-embed\"><iframe loading=\"lazy\" title=\"Concerto XIX Aniversario Coro Cantabile - Dadme albricias\" width=\"960\" height=\"540\" src=\"https:\/\/www.youtube.com\/embed\/9df0tqYZt4w?feature=oembed\" frameborder=\"0\" allow=\"accelerometer; autoplay; clipboard-write; encrypted-media; gyroscope; picture-in-picture\" allowfullscreen><\/iframe><\/div>\n<\/div><figcaption>Dadme albricias<\/figcaption><\/figure>\n\n\n\n<p>Para acceder sempre que queirades aos v\u00eddeos, tam\u00e9n vos deixamos a ligaz\u00f3n \u00e1 listaxe de reproduci\u00f3n na nosa canle de YouTube: <a href=\"https:\/\/youtube.com\/playlist?list=PLdPg3Pf8hFRL_mQaaQCi8eQs6Z3gJP-7U\">https:\/\/youtube.com\/playlist?list=PLdPg3Pf8hFRL_mQaaQCi8eQs6Z3gJP-7U<\/a><\/p>\n\n\n\n<p>Para n\u00f3s \u00e9 unha inmensa sorte contar convosco nesta gran familia. A pesar das circunstancias, o d\u00eda do noso aniversario encontramos unha igrexa chea de p\u00fablico, e iso \u00e9 algo que nos enche de \u00e1nimos para seguir traballando. Por iso, como prop\u00f3sito deste ano 2022, intentaremos corresponder o voso apoio t\u00e9ndovos m\u00e1is ao d\u00eda dos nosos enredos e tra\u00e9ndovos moitas novidades. Veredes como axi\u00f1a estamos outra vez celebrando xuntos a m\u00fasica e a vida! <\/p>\n","protected":false},"excerpt":{"rendered":"<p>Estamos de volta, #familiacantabile! Sabemos que estes meses non houbo moita actividade por aqu\u00ed. A verdade \u00e9 que este estado de actividade baixo m\u00ednimos estase prolongando m\u00e1is do que quereriamos, porque a pandemia non nos [&hellip;]<\/p>\n","protected":false},"author":3,"featured_media":1558,"comment_status":"open","ping_status":"closed","sticky":true,"template":"","format":"standard","meta":[],"categories":[80],"tags":[30,16,18],"jetpack_featured_media_url":"https:\/\/corocantabile.gal\/wp-content\/uploads\/2022\/02\/XIX-Aniversario-Coro-Cantabile-1-scaled.jpg","_links":{"self":[{"href":"https:\/\/corocantabile.gal\/es\/wp-json\/wp\/v2\/posts\/1553"}],"collection":[{"href":"https:\/\/corocantabile.gal\/es\/wp-json\/wp\/v2\/posts"}],"about":[{"href":"https:\/\/corocantabile.gal\/es\/wp-json\/wp\/v2\/types\/post"}],"author":[{"embeddable":true,"href":"https:\/\/corocantabile.gal\/es\/wp-json\/wp\/v2\/users\/3"}],"replies":[{"embeddable":true,"href":"https:\/\/corocantabile.gal\/es\/wp-json\/wp\/v2\/comments?post=1553"}],"version-history":[{"count":1,"href":"https:\/\/corocantabile.gal\/es\/wp-json\/wp\/v2\/posts\/1553\/revisions"}],"predecessor-version":[{"id":1585,"href":"https:\/\/corocantabile.gal\/es\/wp-json\/wp\/v2\/posts\/1553\/revisions\/1585"}],"wp:featuredmedia":[{"embeddable":true,"href":"https:\/\/corocantabile.gal\/es\/wp-json\/wp\/v2\/media\/1558"}],"wp:attachment":[{"href":"https:\/\/corocantabile.gal\/es\/wp-json\/wp\/v2\/media?parent=1553"}],"wp:term":[{"taxonomy":"category","embeddable":true,"href":"https:\/\/corocantabile.gal\/es\/wp-json\/wp\/v2\/categories?post=1553"},{"taxonomy":"post_tag","embeddable":true,"href":"https:\/\/corocantabile.gal\/es\/wp-json\/wp\/v2\/tags?post=1553"}],"curies":[{"name":"wp","href":"https:\/\/api.w.org\/{rel}","templated":true}]}}