{"id":1570,"date":"2022-02-11T15:00:00","date_gmt":"2022-02-11T15:00:00","guid":{"rendered":"https:\/\/corocantabile.gal\/?p=1570"},"modified":"2023-01-12T15:29:55","modified_gmt":"2023-01-12T15:29:55","slug":"xix-aniversario-cantabile-ii","status":"publish","type":"post","link":"https:\/\/corocantabile.gal\/es\/xix-aniversario-cantabile-ii\/","title":{"rendered":"Rememorando o XIX Aniversario Cantabile (II)"},"content":{"rendered":"\n<p>Como estades, #familiacantabile?<\/p>\n\n\n\n<p>O outro d\u00eda publicamos alg\u00fans v\u00eddeos do noso concerto do XIX Aniversario, as\u00ed que hoxe vimos cos que faltan. A pesar de que sempre se di que as segundas partes nunca foron boas&#8230; n\u00f3s opinamos que estes v\u00eddeos vos van gustar tanto coma os anteriores!<\/p>\n\n\n\n<p>Se perdestes a primeira parte e vos gusta a m\u00fasica renacentista, clicade na seguinte ligaz\u00f3n <a href=\" https:\/\/youtube.com\/playlist?list=PLdPg3Pf8hFRL_mQaaQCi8eQs6Z3gJP-7U\">(https:\/\/youtube.com\/playlist?list=PLdPg3Pf8hFRL_mQaaQCi8eQs6Z3gJP-7U<\/a>) para ser redireccionados \u00e1 nosa canle de YouTube. Al\u00ed poderedes atopar unha listaxe con todos os v\u00eddeos do XIX Aniversario Cantabile.  <\/p>\n\n\n\n<p>As obras que escoitaredes son algunhas das m\u00e1is co\u00f1ecidas do Renacemento e xuntas constit\u00faen unha selecci\u00f3n que abarca pouco m\u00e1is de cen anos, inclu\u00edndose dende o madrigal italiano ata a chanson francesa, entre outros. <\/p>\n\n\n\n<figure class=\"wp-block-embed is-type-video is-provider-youtube wp-block-embed-youtube wp-embed-aspect-16-9 wp-has-aspect-ratio\"><div class=\"wp-block-embed__wrapper\">\n<div class=\"ignition-responsive-embed\"><iframe loading=\"lazy\" title=\"Concerto XIX Aniversario Coro Cantabile - Ay mi Dios\" width=\"960\" height=\"540\" src=\"https:\/\/www.youtube.com\/embed\/POi4kk3uSbY?feature=oembed\" frameborder=\"0\" allow=\"accelerometer; autoplay; clipboard-write; encrypted-media; gyroscope; picture-in-picture\" allowfullscreen><\/iframe><\/div>\n<\/div><figcaption>                                                                                  <span style=\"color:#ffda55\" class=\"has-inline-color\">Ay mi dios<\/span><\/figcaption><\/figure>\n\n\n\n<figure class=\"wp-block-embed is-type-video is-provider-youtube wp-block-embed-youtube wp-embed-aspect-16-9 wp-has-aspect-ratio\"><div class=\"wp-block-embed__wrapper\">\n<div class=\"ignition-responsive-embed\"><iframe loading=\"lazy\" title=\"Concerto XIX Aniversario Coro Cantabile - Il est bel et bon\" width=\"960\" height=\"540\" src=\"https:\/\/www.youtube.com\/embed\/tiVNReCRvHc?feature=oembed\" frameborder=\"0\" allow=\"accelerometer; autoplay; clipboard-write; encrypted-media; gyroscope; picture-in-picture\" allowfullscreen><\/iframe><\/div>\n<\/div><figcaption>                                                                              <span style=\"color:#ffd95c\" class=\"has-inline-color\">Il est bel et bon<\/span><\/figcaption><\/figure>\n\n\n\n<figure class=\"wp-block-embed is-type-video is-provider-youtube wp-block-embed-youtube wp-embed-aspect-16-9 wp-has-aspect-ratio\"><div class=\"wp-block-embed__wrapper\">\n<div class=\"ignition-responsive-embed\"><iframe loading=\"lazy\" title=\"Concerto XIX Aniversario Coro Cantabile - Hoy comamos y bebamos\" width=\"960\" height=\"540\" src=\"https:\/\/www.youtube.com\/embed\/JDR8UjMp8EA?feature=oembed\" frameborder=\"0\" allow=\"accelerometer; autoplay; clipboard-write; encrypted-media; gyroscope; picture-in-picture\" allowfullscreen><\/iframe><\/div>\n<\/div><figcaption>                                                                        <span style=\"color:#ffe95c\" class=\"has-inline-color\">Hoy comamos y bebamos<\/span><\/figcaption><\/figure>\n\n\n\n<figure class=\"wp-block-embed is-type-video is-provider-youtube wp-block-embed-youtube wp-embed-aspect-16-9 wp-has-aspect-ratio\"><div class=\"wp-block-embed__wrapper\">\n<div class=\"ignition-responsive-embed\"><iframe loading=\"lazy\" title=\"Concerto XIX Aniversario Coro Cantabile - Tourdion\" width=\"960\" height=\"540\" src=\"https:\/\/www.youtube.com\/embed\/e2XNyLOs3a0?feature=oembed\" frameborder=\"0\" allow=\"accelerometer; autoplay; clipboard-write; encrypted-media; gyroscope; picture-in-picture\" allowfullscreen><\/iframe><\/div>\n<\/div><figcaption>                                                                                    <span style=\"color:#ffd95e\" class=\"has-inline-color\">Tourdion<\/span><\/figcaption><\/figure>\n\n\n\n<p>Como broche final ao concerto (e debemos reco\u00f1ecer que \u00e9 das nosas pezas favoritas), poderedes escoitar a obra m\u00e1is moderna do programa, <em>Un sarao de la chacona <\/em>de Juan Ara\u00f1\u00e9s, unha peza festiva cun significado escondido intemporal: &#8220;A la vida, vidita bona, vida, v\u00e1monos a chacona&#8221; que v\u00e9n a decirnos que gozemos da boa vida mentres poidamos. <\/p>\n\n\n\n<figure class=\"wp-block-embed aligncenter is-type-video is-provider-youtube wp-block-embed-youtube wp-embed-aspect-16-9 wp-has-aspect-ratio\"><div class=\"wp-block-embed__wrapper\">\n<div class=\"ignition-responsive-embed\"><iframe loading=\"lazy\" title=\"Concerto XIX Aniversario Coro Cantabile - Un sarao de la chacona\" width=\"960\" height=\"540\" src=\"https:\/\/www.youtube.com\/embed\/DQEqYbHNcOA?feature=oembed\" frameborder=\"0\" allow=\"accelerometer; autoplay; clipboard-write; encrypted-media; gyroscope; picture-in-picture\" allowfullscreen><\/iframe><\/div>\n<\/div><figcaption>                                                                         <span style=\"color:#f9d949\" class=\"has-inline-color\">Un sarao de la chacona <\/span><\/figcaption><\/figure>\n\n\n\n<p>Recomend\u00e1mosvos que collades a merenda, que tomedes asento e que desfrutedes con n\u00f3s deste concerto ao completo. Promet\u00e9mosvos que merecer\u00e1 a pena!<\/p>\n","protected":false},"excerpt":{"rendered":"<p>Como estades, #familiacantabile? O outro d\u00eda publicamos alg\u00fans v\u00eddeos do noso concerto do XIX Aniversario, as\u00ed que hoxe vimos cos que faltan. A pesar de que sempre se di que as segundas partes nunca foron [&hellip;]<\/p>\n","protected":false},"author":3,"featured_media":1573,"comment_status":"open","ping_status":"closed","sticky":false,"template":"","format":"standard","meta":[],"categories":[80],"tags":[30,16,18],"jetpack_featured_media_url":"https:\/\/corocantabile.gal\/wp-content\/uploads\/2022\/02\/Concerto-XIX-Aniversario-Coro-Cantabile-scaled-e1644268383105.jpg","_links":{"self":[{"href":"https:\/\/corocantabile.gal\/es\/wp-json\/wp\/v2\/posts\/1570"}],"collection":[{"href":"https:\/\/corocantabile.gal\/es\/wp-json\/wp\/v2\/posts"}],"about":[{"href":"https:\/\/corocantabile.gal\/es\/wp-json\/wp\/v2\/types\/post"}],"author":[{"embeddable":true,"href":"https:\/\/corocantabile.gal\/es\/wp-json\/wp\/v2\/users\/3"}],"replies":[{"embeddable":true,"href":"https:\/\/corocantabile.gal\/es\/wp-json\/wp\/v2\/comments?post=1570"}],"version-history":[{"count":1,"href":"https:\/\/corocantabile.gal\/es\/wp-json\/wp\/v2\/posts\/1570\/revisions"}],"predecessor-version":[{"id":1588,"href":"https:\/\/corocantabile.gal\/es\/wp-json\/wp\/v2\/posts\/1570\/revisions\/1588"}],"wp:featuredmedia":[{"embeddable":true,"href":"https:\/\/corocantabile.gal\/es\/wp-json\/wp\/v2\/media\/1573"}],"wp:attachment":[{"href":"https:\/\/corocantabile.gal\/es\/wp-json\/wp\/v2\/media?parent=1570"}],"wp:term":[{"taxonomy":"category","embeddable":true,"href":"https:\/\/corocantabile.gal\/es\/wp-json\/wp\/v2\/categories?post=1570"},{"taxonomy":"post_tag","embeddable":true,"href":"https:\/\/corocantabile.gal\/es\/wp-json\/wp\/v2\/tags?post=1570"}],"curies":[{"name":"wp","href":"https:\/\/api.w.org\/{rel}","templated":true}]}}