{"id":1704,"date":"2022-08-11T11:12:14","date_gmt":"2022-08-11T11:12:14","guid":{"rendered":"https:\/\/corocantabile.gal\/?p=1704"},"modified":"2022-10-06T10:10:08","modified_gmt":"2022-10-06T10:10:08","slug":"cantabileando-2022-cuenca-godelleta-valencia","status":"publish","type":"post","link":"https:\/\/corocantabile.gal\/es\/cantabileando-2022-cuenca-godelleta-valencia\/","title":{"rendered":"Cantabileando 2022. Cuenca &#8211; Godelleta &#8211; Valencia"},"content":{"rendered":"\n<p>Toda a viaxe aguantando a respiraci\u00f3n. Despois de tres anos, logo dunha pandemia, era unha responsabilidade organizar unha viaxe. Aos problemas habituais que poden aparecer (e apareceron) eng\u00e1dese a COVID. Que pasa se unha persoa se contaxia? Pode continuar a viaxe se os s\u00edntomas llo permiten? Multitude de preguntas asomaban ante a multitude de circunstancias que se pod\u00edan dar.<\/p>\n\n\n\n<p>Afortunadamente, a COVID non apareceu. Si apareceron outras enfermidades e incidencias que fomos solucionando a medida que aparec\u00edan.<\/p>\n\n\n\n<p>Mais era necesario asumir os riscos. Despois de tres anos inmersos (con poucas excepci\u00f3ns) na rutina de ensaio \u2013 concerto, cumpr\u00eda convivir. A convivencia \u00e9 o pegamento do coro. As an\u00e9cdotas, as partidas de lobo, os audios de Pablo Carballido no autob\u00fas, cantar nos restaurantes nas viaxes son o lubricante que fai funcionar as engranaxes de Cantabile.<\/p>\n\n\n\n<p>As\u00ed que, como \u00e9 habitual, o pasado d\u00eda 31 de xullo partimos do Aquarium Finisterrae cara o noso primeiro destino: Cuenca.<\/p>\n\n\n\n<figure class=\"wp-container-2 wp-block-gallery-1 wp-block-gallery has-nested-images columns-default is-cropped\">\n<figure class=\"wp-block-image size-large\"><img loading=\"lazy\" width=\"1024\" height=\"461\" data-id=\"1710\"  src=\"https:\/\/corocantabile.gal\/wp-content\/uploads\/2022\/08\/PiscinaIsis-1024x461.jpeg\" alt=\"\" class=\"wp-image-1710\" srcset=\"https:\/\/corocantabile.gal\/wp-content\/uploads\/2022\/08\/PiscinaIsis-1024x461.jpeg 1024w, https:\/\/corocantabile.gal\/wp-content\/uploads\/2022\/08\/PiscinaIsis-300x135.jpeg 300w, https:\/\/corocantabile.gal\/wp-content\/uploads\/2022\/08\/PiscinaIsis-768x346.jpeg 768w, https:\/\/corocantabile.gal\/wp-content\/uploads\/2022\/08\/PiscinaIsis-1536x691.jpeg 1536w, https:\/\/corocantabile.gal\/wp-content\/uploads\/2022\/08\/PiscinaIsis-690x311.jpeg 690w, https:\/\/corocantabile.gal\/wp-content\/uploads\/2022\/08\/PiscinaIsis.jpeg 1600w\" sizes=\"(max-width: 1024px) 100vw, 1024px\" \/><\/figure>\n\n\n\n<figure class=\"wp-block-image size-large\"><img loading=\"lazy\" width=\"1024\" height=\"768\" data-id=\"1712\"  src=\"https:\/\/corocantabile.gal\/wp-content\/uploads\/2022\/08\/Comida-Viaxe-Ida-1024x768.jpeg\" alt=\"\" class=\"wp-image-1712\" srcset=\"https:\/\/corocantabile.gal\/wp-content\/uploads\/2022\/08\/Comida-Viaxe-Ida-1024x768.jpeg 1024w, https:\/\/corocantabile.gal\/wp-content\/uploads\/2022\/08\/Comida-Viaxe-Ida-300x225.jpeg 300w, https:\/\/corocantabile.gal\/wp-content\/uploads\/2022\/08\/Comida-Viaxe-Ida-768x576.jpeg 768w, https:\/\/corocantabile.gal\/wp-content\/uploads\/2022\/08\/Comida-Viaxe-Ida-1536x1152.jpeg 1536w, https:\/\/corocantabile.gal\/wp-content\/uploads\/2022\/08\/Comida-Viaxe-Ida-690x518.jpeg 690w, https:\/\/corocantabile.gal\/wp-content\/uploads\/2022\/08\/Comida-Viaxe-Ida.jpeg 2048w\" sizes=\"(max-width: 1024px) 100vw, 1024px\" \/><\/figure>\n<\/figure>\n\n\n\n<p>Por desgracia, vaise facendo coti\u00e1 que as vagas de calor sexan cada vez m\u00e1is prolongadas. Isto foi o que aconteceu na nosa viaxe o que nos obrigou a facer un uso intensivo de piscinas. Comezando pola do Hostal Isis, nas proximidades de Cuenca, onde chegamos o mesmo d\u00eda 31. Antes, parada no cami\u00f1o para comer.<\/p>\n\n\n\n<p>Ao d\u00eda seguinte, iniciamos o d\u00eda cunha visita a Cuenca, patrimonio da humanidade. Visitamos a Catedral, as casas colgadas, plaza Mayor, varios miradores, puente de San Pablo, etc.<\/p>\n\n\n\n<figure class=\"wp-block-image size-large\"><img loading=\"lazy\" width=\"768\" height=\"1024\" src=\"https:\/\/corocantabile.gal\/wp-content\/uploads\/2022\/08\/Cuenca-768x1024.jpeg\" alt=\"\" class=\"wp-image-1708\" srcset=\"https:\/\/corocantabile.gal\/wp-content\/uploads\/2022\/08\/Cuenca-768x1024.jpeg 768w, https:\/\/corocantabile.gal\/wp-content\/uploads\/2022\/08\/Cuenca-225x300.jpeg 225w, https:\/\/corocantabile.gal\/wp-content\/uploads\/2022\/08\/Cuenca-1152x1536.jpeg 1152w, https:\/\/corocantabile.gal\/wp-content\/uploads\/2022\/08\/Cuenca-690x920.jpeg 690w, https:\/\/corocantabile.gal\/wp-content\/uploads\/2022\/08\/Cuenca.jpeg 1536w\" sizes=\"(max-width: 768px) 100vw, 768px\" \/><\/figure>\n\n\n\n<p>Despois de comer, novamente subimos ao autob\u00fas na procura do noso destino definitivo: Godelleta (Valencia). Sorprendeunos a choiva no medio do cami\u00f1o.<\/p>\n\n\n\n<p>Marabillosas as instalaci\u00f3ns de Godelleta. Tr\u00e1tase dunha escola de educaci\u00f3n ambiental xestionada por Salesianos. Fomos estupendamente recibidos e disfrutamos das instalaci\u00f3ns e dos coidados de Paco, Maricarmen e o resto do persoal que se empe\u00f1aron desde o primeiro momento en que nos sent\u00edsemos como na casa.<\/p>\n\n\n\n<p>Logo de tomar posesi\u00f3n das instalaci\u00f3ns, da piscina, o futbol\u00edn, a mesa de pingpong e os xard\u00edns, a\u00ednda tivemos tempo de facer un ensaio preparatorio do concerto do d\u00eda seguinte.<\/p>\n\n\n\n<figure class=\"wp-block-image size-large\"><img loading=\"lazy\" width=\"1024\" height=\"768\" src=\"https:\/\/corocantabile.gal\/wp-content\/uploads\/2022\/08\/EnsaioGodelleta-1024x768.jpeg\" alt=\"\" class=\"wp-image-1706\" srcset=\"https:\/\/corocantabile.gal\/wp-content\/uploads\/2022\/08\/EnsaioGodelleta-1024x768.jpeg 1024w, https:\/\/corocantabile.gal\/wp-content\/uploads\/2022\/08\/EnsaioGodelleta-300x225.jpeg 300w, https:\/\/corocantabile.gal\/wp-content\/uploads\/2022\/08\/EnsaioGodelleta-768x576.jpeg 768w, https:\/\/corocantabile.gal\/wp-content\/uploads\/2022\/08\/EnsaioGodelleta-1536x1152.jpeg 1536w, https:\/\/corocantabile.gal\/wp-content\/uploads\/2022\/08\/EnsaioGodelleta-690x518.jpeg 690w, https:\/\/corocantabile.gal\/wp-content\/uploads\/2022\/08\/EnsaioGodelleta.jpeg 2048w\" sizes=\"(max-width: 1024px) 100vw, 1024px\" \/><\/figure>\n\n\n\n<p>Ao d\u00eda seguinte, xa en Valencia, visitamos L\u2019Oceanogr\u00e0fic. Despois de comer na Casa del Tapeo, lugar moi recomendable, visitamos a Catedral e a capela que custodia o Santo C\u00e1liz. Como non pod\u00eda ser doutro xeito, cantamos. Despois desta visita dirix\u00edmonos \u00e1 Real Bas\u00edlica de Nuestra Se\u00f1ora de los Desamparados, santuario da Virxe dos Desamparados, patrona de Valencia. Al\u00ed, cantamos na misa e ofrecemos, a continuaci\u00f3n, un pequeno concerto. Converteuse nun concerto moi emotivo, pola grande afluencia de xente e a interpretaci\u00f3n, ao remate da misa, do himno \u00e1 Virxe dos desamparados. As persoas asistentes acheg\u00e1ronse a n\u00f3s emocionadas para agradecernos a interpretaci\u00f3n do himno.<\/p>\n\n\n\n<div class=\"wp-container-5 wp-block-group\"><div class=\"wp-block-group__inner-container\">\n<figure class=\"wp-container-4 wp-block-gallery-3 wp-block-gallery has-nested-images columns-default is-cropped\">\n<figure class=\"wp-block-image size-large\"><img loading=\"lazy\" width=\"1024\" height=\"768\" src=\"https:\/\/corocantabile.gal\/wp-content\/uploads\/2022\/08\/WhatsApp-Image-2022-08-03-at-12.18.08-AM-1024x768.jpeg\" alt=\"\" class=\"wp-image-1733\" srcset=\"https:\/\/corocantabile.gal\/wp-content\/uploads\/2022\/08\/WhatsApp-Image-2022-08-03-at-12.18.08-AM-1024x768.jpeg 1024w, https:\/\/corocantabile.gal\/wp-content\/uploads\/2022\/08\/WhatsApp-Image-2022-08-03-at-12.18.08-AM-300x225.jpeg 300w, https:\/\/corocantabile.gal\/wp-content\/uploads\/2022\/08\/WhatsApp-Image-2022-08-03-at-12.18.08-AM-768x576.jpeg 768w, https:\/\/corocantabile.gal\/wp-content\/uploads\/2022\/08\/WhatsApp-Image-2022-08-03-at-12.18.08-AM-1536x1152.jpeg 1536w, https:\/\/corocantabile.gal\/wp-content\/uploads\/2022\/08\/WhatsApp-Image-2022-08-03-at-12.18.08-AM-690x518.jpeg 690w, https:\/\/corocantabile.gal\/wp-content\/uploads\/2022\/08\/WhatsApp-Image-2022-08-03-at-12.18.08-AM.jpeg 1600w\" sizes=\"(max-width: 1024px) 100vw, 1024px\" \/><\/figure>\n\n\n\n<figure class=\"wp-block-image size-large\"><img loading=\"lazy\" width=\"1024\" height=\"768\" src=\"https:\/\/corocantabile.gal\/wp-content\/uploads\/2022\/08\/WhatsApp-Image-2022-08-03-at-12.20.18-AM-1024x768.jpeg\" alt=\"\" class=\"wp-image-1735\" srcset=\"https:\/\/corocantabile.gal\/wp-content\/uploads\/2022\/08\/WhatsApp-Image-2022-08-03-at-12.20.18-AM-1024x768.jpeg 1024w, https:\/\/corocantabile.gal\/wp-content\/uploads\/2022\/08\/WhatsApp-Image-2022-08-03-at-12.20.18-AM-300x225.jpeg 300w, https:\/\/corocantabile.gal\/wp-content\/uploads\/2022\/08\/WhatsApp-Image-2022-08-03-at-12.20.18-AM-768x576.jpeg 768w, https:\/\/corocantabile.gal\/wp-content\/uploads\/2022\/08\/WhatsApp-Image-2022-08-03-at-12.20.18-AM-1536x1153.jpeg 1536w, https:\/\/corocantabile.gal\/wp-content\/uploads\/2022\/08\/WhatsApp-Image-2022-08-03-at-12.20.18-AM-690x518.jpeg 690w, https:\/\/corocantabile.gal\/wp-content\/uploads\/2022\/08\/WhatsApp-Image-2022-08-03-at-12.20.18-AM.jpeg 1599w\" sizes=\"(max-width: 1024px) 100vw, 1024px\" \/><\/figure>\n\n\n\n<figure class=\"wp-block-image size-large\"><img loading=\"lazy\" width=\"1024\" height=\"768\" src=\"https:\/\/corocantabile.gal\/wp-content\/uploads\/2022\/08\/WhatsApp-Image-2022-08-03-at-12.20.19-AM-1024x768.jpeg\" alt=\"\" class=\"wp-image-1737\" srcset=\"https:\/\/corocantabile.gal\/wp-content\/uploads\/2022\/08\/WhatsApp-Image-2022-08-03-at-12.20.19-AM-1024x768.jpeg 1024w, https:\/\/corocantabile.gal\/wp-content\/uploads\/2022\/08\/WhatsApp-Image-2022-08-03-at-12.20.19-AM-300x225.jpeg 300w, https:\/\/corocantabile.gal\/wp-content\/uploads\/2022\/08\/WhatsApp-Image-2022-08-03-at-12.20.19-AM-768x576.jpeg 768w, https:\/\/corocantabile.gal\/wp-content\/uploads\/2022\/08\/WhatsApp-Image-2022-08-03-at-12.20.19-AM-1536x1153.jpeg 1536w, https:\/\/corocantabile.gal\/wp-content\/uploads\/2022\/08\/WhatsApp-Image-2022-08-03-at-12.20.19-AM-690x518.jpeg 690w, https:\/\/corocantabile.gal\/wp-content\/uploads\/2022\/08\/WhatsApp-Image-2022-08-03-at-12.20.19-AM.jpeg 1599w\" sizes=\"(max-width: 1024px) 100vw, 1024px\" \/><\/figure>\n\n\n\n<figure class=\"wp-block-image size-large\"><img loading=\"lazy\" width=\"1024\" height=\"768\" src=\"https:\/\/corocantabile.gal\/wp-content\/uploads\/2022\/08\/WhatsApp-Image-2022-08-02-at-9.49.13-PM-1024x768.jpeg\" alt=\"\" class=\"wp-image-1739\" srcset=\"https:\/\/corocantabile.gal\/wp-content\/uploads\/2022\/08\/WhatsApp-Image-2022-08-02-at-9.49.13-PM-1024x768.jpeg 1024w, https:\/\/corocantabile.gal\/wp-content\/uploads\/2022\/08\/WhatsApp-Image-2022-08-02-at-9.49.13-PM-300x225.jpeg 300w, https:\/\/corocantabile.gal\/wp-content\/uploads\/2022\/08\/WhatsApp-Image-2022-08-02-at-9.49.13-PM-768x576.jpeg 768w, https:\/\/corocantabile.gal\/wp-content\/uploads\/2022\/08\/WhatsApp-Image-2022-08-02-at-9.49.13-PM-1536x1152.jpeg 1536w, https:\/\/corocantabile.gal\/wp-content\/uploads\/2022\/08\/WhatsApp-Image-2022-08-02-at-9.49.13-PM-690x518.jpeg 690w, https:\/\/corocantabile.gal\/wp-content\/uploads\/2022\/08\/WhatsApp-Image-2022-08-02-at-9.49.13-PM.jpeg 2048w\" sizes=\"(max-width: 1024px) 100vw, 1024px\" \/><\/figure>\n\n\n\n<figure class=\"wp-block-image size-large\"><img loading=\"lazy\" width=\"1024\" height=\"576\" src=\"https:\/\/corocantabile.gal\/wp-content\/uploads\/2022\/08\/WhatsApp-Image-2022-08-02-at-9.56.50-PM-1024x576.jpeg\" alt=\"\" class=\"wp-image-1741\" srcset=\"https:\/\/corocantabile.gal\/wp-content\/uploads\/2022\/08\/WhatsApp-Image-2022-08-02-at-9.56.50-PM-1024x576.jpeg 1024w, https:\/\/corocantabile.gal\/wp-content\/uploads\/2022\/08\/WhatsApp-Image-2022-08-02-at-9.56.50-PM-300x169.jpeg 300w, https:\/\/corocantabile.gal\/wp-content\/uploads\/2022\/08\/WhatsApp-Image-2022-08-02-at-9.56.50-PM-768x432.jpeg 768w, https:\/\/corocantabile.gal\/wp-content\/uploads\/2022\/08\/WhatsApp-Image-2022-08-02-at-9.56.50-PM-1536x864.jpeg 1536w, https:\/\/corocantabile.gal\/wp-content\/uploads\/2022\/08\/WhatsApp-Image-2022-08-02-at-9.56.50-PM-690x388.jpeg 690w, https:\/\/corocantabile.gal\/wp-content\/uploads\/2022\/08\/WhatsApp-Image-2022-08-02-at-9.56.50-PM.jpeg 2000w\" sizes=\"(max-width: 1024px) 100vw, 1024px\" \/><\/figure>\n\n\n\n<figure class=\"wp-block-image size-large\"><img loading=\"lazy\" width=\"768\" height=\"1024\" src=\"https:\/\/corocantabile.gal\/wp-content\/uploads\/2022\/08\/WhatsApp-Image-2022-08-02-at-10.45.16-PM-768x1024.jpeg\" alt=\"\" class=\"wp-image-1743\" srcset=\"https:\/\/corocantabile.gal\/wp-content\/uploads\/2022\/08\/WhatsApp-Image-2022-08-02-at-10.45.16-PM-768x1024.jpeg 768w, https:\/\/corocantabile.gal\/wp-content\/uploads\/2022\/08\/WhatsApp-Image-2022-08-02-at-10.45.16-PM-225x300.jpeg 225w, https:\/\/corocantabile.gal\/wp-content\/uploads\/2022\/08\/WhatsApp-Image-2022-08-02-at-10.45.16-PM-1152x1536.jpeg 1152w, https:\/\/corocantabile.gal\/wp-content\/uploads\/2022\/08\/WhatsApp-Image-2022-08-02-at-10.45.16-PM-690x920.jpeg 690w, https:\/\/corocantabile.gal\/wp-content\/uploads\/2022\/08\/WhatsApp-Image-2022-08-02-at-10.45.16-PM.jpeg 1200w\" sizes=\"(max-width: 768px) 100vw, 768px\" \/><\/figure>\n<\/figure>\n\n\n\n<p><\/p>\n<\/div><\/div>\n\n\n\n<p>Logo da cea en Valencia, regresamos a Godelleta.<\/p>\n\n\n\n<p>Ao d\u00eda seguinte, tocaba disfrutar das instalaci\u00f3ns de Godelleta. Paseos polos xard\u00edns, piscina, xogos&#8230; O d\u00eda rematou co grande Alberto, que organizou un \u201cCaso Cerrado\u201d sobre unha relaci\u00f3n familiar bastante turbia, coa colaboraci\u00f3n de varios expertos na materia, como o doutor H\u00e1sper Matozoide, a doutora \u00c1gata Zanahorio e os padres Zacar\u00edas e Jerem\u00edas. Ocasi\u00f3n perfecta para sacar o talento da xente de Cantabile para unha noite que rematou con moitas risas.<\/p>\n\n\n\n<p>Pasado o ecuador da viaxe, \u00e1 ma\u00f1\u00e1 seguinte tocaba visita ao Biopark en Valencia. Pola tarde, debido \u00e1 calor, ped\u00edmoslle a Adri\u00e1n Raposo que nos fixese un City Tour no autob\u00fas. Grazas a el, puidemos facernos unha idea xeral da cidade de Valencia. Pola noite, xa en Godelleta, avanzamos na coreograf\u00eda para o v\u00eddeo da viaxe.<\/p>\n\n\n\n<p>E chegamos xa ao pen\u00faltimo d\u00eda da viaxe. Tocaba visitar o parque natural de L\u2019Albufera. Grazas \u00e1s explicaci\u00f3ns de Voro no paseo na barca puidemos entender o funcionamento deste ecosistema. Os m\u00e1is vellos rememoramos a famosa serie de TVE <em>Ca\u00f1as y Barro.<\/em> Os m\u00e1is novos, non sab\u00edan de que fal\u00e1bamos. Non pod\u00edamos deixar o Levante sen probar as augas do Mediterr\u00e1neo, as\u00ed que nos diriximos \u00e1 praia de El Saler para facelo, antes de comer unha paella en El Palmar. As visitas que ti\u00f1amos previstas para a tarde tiveron que suspenderse por un problema mec\u00e1nico no autob\u00fas, perfectamente solucionado por Adri\u00e1n. Ao d\u00eda seguinte ti\u00f1amos que volver e a reparaci\u00f3n do autob\u00fas era unha actuaci\u00f3n prioritaria. Pola noite ceamos en Godelleta, e xogamos as \u00faltimas partidas ao Lobo. Hab\u00eda que deixar as maletas preparadas xa que o cami\u00f1o do d\u00eda seguinte ser\u00eda moi longo.<\/p>\n\n\n\n<figure class=\"wp-container-7 wp-block-gallery-6 wp-block-gallery has-nested-images columns-default is-cropped\">\n<figure class=\"wp-block-image size-large\"><img loading=\"lazy\" width=\"768\" height=\"1024\" data-id=\"1714\"  src=\"https:\/\/corocantabile.gal\/wp-content\/uploads\/2022\/08\/WhatsApp-Image-2022-08-05-at-10.35.21-PM-768x1024.jpeg\" alt=\"\" class=\"wp-image-1714\" srcset=\"https:\/\/corocantabile.gal\/wp-content\/uploads\/2022\/08\/WhatsApp-Image-2022-08-05-at-10.35.21-PM-768x1024.jpeg 768w, https:\/\/corocantabile.gal\/wp-content\/uploads\/2022\/08\/WhatsApp-Image-2022-08-05-at-10.35.21-PM-225x300.jpeg 225w, https:\/\/corocantabile.gal\/wp-content\/uploads\/2022\/08\/WhatsApp-Image-2022-08-05-at-10.35.21-PM-1152x1536.jpeg 1152w, https:\/\/corocantabile.gal\/wp-content\/uploads\/2022\/08\/WhatsApp-Image-2022-08-05-at-10.35.21-PM-690x920.jpeg 690w, https:\/\/corocantabile.gal\/wp-content\/uploads\/2022\/08\/WhatsApp-Image-2022-08-05-at-10.35.21-PM.jpeg 1536w\" sizes=\"(max-width: 768px) 100vw, 768px\" \/><\/figure>\n\n\n\n<figure class=\"wp-block-image size-large\"><img loading=\"lazy\" width=\"1024\" height=\"768\" data-id=\"1716\"  src=\"https:\/\/corocantabile.gal\/wp-content\/uploads\/2022\/08\/WhatsApp-Image-2022-08-05-at-10.35.31-PM-1024x768.jpeg\" alt=\"\" class=\"wp-image-1716\" srcset=\"https:\/\/corocantabile.gal\/wp-content\/uploads\/2022\/08\/WhatsApp-Image-2022-08-05-at-10.35.31-PM-1024x768.jpeg 1024w, https:\/\/corocantabile.gal\/wp-content\/uploads\/2022\/08\/WhatsApp-Image-2022-08-05-at-10.35.31-PM-300x225.jpeg 300w, https:\/\/corocantabile.gal\/wp-content\/uploads\/2022\/08\/WhatsApp-Image-2022-08-05-at-10.35.31-PM-768x576.jpeg 768w, https:\/\/corocantabile.gal\/wp-content\/uploads\/2022\/08\/WhatsApp-Image-2022-08-05-at-10.35.31-PM-1536x1152.jpeg 1536w, https:\/\/corocantabile.gal\/wp-content\/uploads\/2022\/08\/WhatsApp-Image-2022-08-05-at-10.35.31-PM-690x518.jpeg 690w, https:\/\/corocantabile.gal\/wp-content\/uploads\/2022\/08\/WhatsApp-Image-2022-08-05-at-10.35.31-PM.jpeg 2048w\" sizes=\"(max-width: 1024px) 100vw, 1024px\" \/><\/figure>\n\n\n\n<figure class=\"wp-block-image size-large\"><img loading=\"lazy\" width=\"1024\" height=\"768\" data-id=\"1718\"  src=\"https:\/\/corocantabile.gal\/wp-content\/uploads\/2022\/08\/WhatsApp-Image-2022-08-05-at-10.35.18-PM-1024x768.jpeg\" alt=\"\" class=\"wp-image-1718\" srcset=\"https:\/\/corocantabile.gal\/wp-content\/uploads\/2022\/08\/WhatsApp-Image-2022-08-05-at-10.35.18-PM-1024x768.jpeg 1024w, https:\/\/corocantabile.gal\/wp-content\/uploads\/2022\/08\/WhatsApp-Image-2022-08-05-at-10.35.18-PM-300x225.jpeg 300w, https:\/\/corocantabile.gal\/wp-content\/uploads\/2022\/08\/WhatsApp-Image-2022-08-05-at-10.35.18-PM-768x576.jpeg 768w, https:\/\/corocantabile.gal\/wp-content\/uploads\/2022\/08\/WhatsApp-Image-2022-08-05-at-10.35.18-PM-1536x1152.jpeg 1536w, https:\/\/corocantabile.gal\/wp-content\/uploads\/2022\/08\/WhatsApp-Image-2022-08-05-at-10.35.18-PM-690x518.jpeg 690w, https:\/\/corocantabile.gal\/wp-content\/uploads\/2022\/08\/WhatsApp-Image-2022-08-05-at-10.35.18-PM.jpeg 2048w\" sizes=\"(max-width: 1024px) 100vw, 1024px\" \/><\/figure>\n\n\n\n<figure class=\"wp-block-image size-large\"><img loading=\"lazy\" width=\"768\" height=\"1024\" data-id=\"1720\"  src=\"https:\/\/corocantabile.gal\/wp-content\/uploads\/2022\/08\/WhatsApp-Image-2022-08-05-at-10.35.15-PM-768x1024.jpeg\" alt=\"\" class=\"wp-image-1720\" srcset=\"https:\/\/corocantabile.gal\/wp-content\/uploads\/2022\/08\/WhatsApp-Image-2022-08-05-at-10.35.15-PM-768x1024.jpeg 768w, https:\/\/corocantabile.gal\/wp-content\/uploads\/2022\/08\/WhatsApp-Image-2022-08-05-at-10.35.15-PM-225x300.jpeg 225w, https:\/\/corocantabile.gal\/wp-content\/uploads\/2022\/08\/WhatsApp-Image-2022-08-05-at-10.35.15-PM-1152x1536.jpeg 1152w, https:\/\/corocantabile.gal\/wp-content\/uploads\/2022\/08\/WhatsApp-Image-2022-08-05-at-10.35.15-PM-690x920.jpeg 690w, https:\/\/corocantabile.gal\/wp-content\/uploads\/2022\/08\/WhatsApp-Image-2022-08-05-at-10.35.15-PM.jpeg 1536w\" sizes=\"(max-width: 768px) 100vw, 768px\" \/><\/figure>\n\n\n\n<figure class=\"wp-block-image size-large\"><img loading=\"lazy\" width=\"1024\" height=\"768\" data-id=\"1722\"  src=\"https:\/\/corocantabile.gal\/wp-content\/uploads\/2022\/08\/WhatsApp-Image-2022-08-05-at-10.35.14-PM-1024x768.jpeg\" alt=\"\" class=\"wp-image-1722\" srcset=\"https:\/\/corocantabile.gal\/wp-content\/uploads\/2022\/08\/WhatsApp-Image-2022-08-05-at-10.35.14-PM-1024x768.jpeg 1024w, https:\/\/corocantabile.gal\/wp-content\/uploads\/2022\/08\/WhatsApp-Image-2022-08-05-at-10.35.14-PM-300x225.jpeg 300w, https:\/\/corocantabile.gal\/wp-content\/uploads\/2022\/08\/WhatsApp-Image-2022-08-05-at-10.35.14-PM-768x576.jpeg 768w, https:\/\/corocantabile.gal\/wp-content\/uploads\/2022\/08\/WhatsApp-Image-2022-08-05-at-10.35.14-PM-1536x1152.jpeg 1536w, https:\/\/corocantabile.gal\/wp-content\/uploads\/2022\/08\/WhatsApp-Image-2022-08-05-at-10.35.14-PM-690x518.jpeg 690w, https:\/\/corocantabile.gal\/wp-content\/uploads\/2022\/08\/WhatsApp-Image-2022-08-05-at-10.35.14-PM.jpeg 2048w\" sizes=\"(max-width: 1024px) 100vw, 1024px\" \/><\/figure>\n\n\n\n<figure class=\"wp-block-image size-large\"><img loading=\"lazy\" width=\"1024\" height=\"768\" data-id=\"1724\"  src=\"https:\/\/corocantabile.gal\/wp-content\/uploads\/2022\/08\/WhatsApp-Image-2022-08-05-at-10.35.12-PM-1-1024x768.jpeg\" alt=\"\" class=\"wp-image-1724\" srcset=\"https:\/\/corocantabile.gal\/wp-content\/uploads\/2022\/08\/WhatsApp-Image-2022-08-05-at-10.35.12-PM-1-1024x768.jpeg 1024w, https:\/\/corocantabile.gal\/wp-content\/uploads\/2022\/08\/WhatsApp-Image-2022-08-05-at-10.35.12-PM-1-300x225.jpeg 300w, https:\/\/corocantabile.gal\/wp-content\/uploads\/2022\/08\/WhatsApp-Image-2022-08-05-at-10.35.12-PM-1-768x576.jpeg 768w, https:\/\/corocantabile.gal\/wp-content\/uploads\/2022\/08\/WhatsApp-Image-2022-08-05-at-10.35.12-PM-1-1536x1152.jpeg 1536w, https:\/\/corocantabile.gal\/wp-content\/uploads\/2022\/08\/WhatsApp-Image-2022-08-05-at-10.35.12-PM-1-690x518.jpeg 690w, https:\/\/corocantabile.gal\/wp-content\/uploads\/2022\/08\/WhatsApp-Image-2022-08-05-at-10.35.12-PM-1.jpeg 2048w\" sizes=\"(max-width: 1024px) 100vw, 1024px\" \/><\/figure>\n\n\n\n<figure class=\"wp-block-image size-large\"><img loading=\"lazy\" width=\"1024\" height=\"768\" data-id=\"1728\"  src=\"https:\/\/corocantabile.gal\/wp-content\/uploads\/2022\/08\/WhatsApp-Image-2022-08-05-at-10.35.13-PM-1024x768.jpeg\" alt=\"\" class=\"wp-image-1728\" srcset=\"https:\/\/corocantabile.gal\/wp-content\/uploads\/2022\/08\/WhatsApp-Image-2022-08-05-at-10.35.13-PM-1024x768.jpeg 1024w, https:\/\/corocantabile.gal\/wp-content\/uploads\/2022\/08\/WhatsApp-Image-2022-08-05-at-10.35.13-PM-300x225.jpeg 300w, https:\/\/corocantabile.gal\/wp-content\/uploads\/2022\/08\/WhatsApp-Image-2022-08-05-at-10.35.13-PM-768x576.jpeg 768w, https:\/\/corocantabile.gal\/wp-content\/uploads\/2022\/08\/WhatsApp-Image-2022-08-05-at-10.35.13-PM-1536x1152.jpeg 1536w, https:\/\/corocantabile.gal\/wp-content\/uploads\/2022\/08\/WhatsApp-Image-2022-08-05-at-10.35.13-PM-690x518.jpeg 690w, https:\/\/corocantabile.gal\/wp-content\/uploads\/2022\/08\/WhatsApp-Image-2022-08-05-at-10.35.13-PM.jpeg 2048w\" sizes=\"(max-width: 1024px) 100vw, 1024px\" \/><\/figure>\n\n\n\n<figure class=\"wp-block-image size-large\"><img loading=\"lazy\" width=\"1024\" height=\"768\" data-id=\"1726\"  src=\"https:\/\/corocantabile.gal\/wp-content\/uploads\/2022\/08\/WhatsApp-Image-2022-08-05-at-10.35.12-PM-1024x768.jpeg\" alt=\"\" class=\"wp-image-1726\" srcset=\"https:\/\/corocantabile.gal\/wp-content\/uploads\/2022\/08\/WhatsApp-Image-2022-08-05-at-10.35.12-PM-1024x768.jpeg 1024w, https:\/\/corocantabile.gal\/wp-content\/uploads\/2022\/08\/WhatsApp-Image-2022-08-05-at-10.35.12-PM-300x225.jpeg 300w, https:\/\/corocantabile.gal\/wp-content\/uploads\/2022\/08\/WhatsApp-Image-2022-08-05-at-10.35.12-PM-768x576.jpeg 768w, https:\/\/corocantabile.gal\/wp-content\/uploads\/2022\/08\/WhatsApp-Image-2022-08-05-at-10.35.12-PM-1536x1152.jpeg 1536w, https:\/\/corocantabile.gal\/wp-content\/uploads\/2022\/08\/WhatsApp-Image-2022-08-05-at-10.35.12-PM-690x518.jpeg 690w, https:\/\/corocantabile.gal\/wp-content\/uploads\/2022\/08\/WhatsApp-Image-2022-08-05-at-10.35.12-PM.jpeg 2048w\" sizes=\"(max-width: 1024px) 100vw, 1024px\" \/><\/figure>\n\n\n\n<figure class=\"wp-block-image size-large\"><img loading=\"lazy\" width=\"1024\" height=\"768\" data-id=\"1730\"  src=\"https:\/\/corocantabile.gal\/wp-content\/uploads\/2022\/08\/WhatsApp-Image-2022-08-05-at-10.35.07-PM-1024x768.jpeg\" alt=\"\" class=\"wp-image-1730\" srcset=\"https:\/\/corocantabile.gal\/wp-content\/uploads\/2022\/08\/WhatsApp-Image-2022-08-05-at-10.35.07-PM-1024x768.jpeg 1024w, https:\/\/corocantabile.gal\/wp-content\/uploads\/2022\/08\/WhatsApp-Image-2022-08-05-at-10.35.07-PM-300x225.jpeg 300w, https:\/\/corocantabile.gal\/wp-content\/uploads\/2022\/08\/WhatsApp-Image-2022-08-05-at-10.35.07-PM-768x576.jpeg 768w, https:\/\/corocantabile.gal\/wp-content\/uploads\/2022\/08\/WhatsApp-Image-2022-08-05-at-10.35.07-PM-1536x1152.jpeg 1536w, https:\/\/corocantabile.gal\/wp-content\/uploads\/2022\/08\/WhatsApp-Image-2022-08-05-at-10.35.07-PM-690x518.jpeg 690w, https:\/\/corocantabile.gal\/wp-content\/uploads\/2022\/08\/WhatsApp-Image-2022-08-05-at-10.35.07-PM.jpeg 2048w\" sizes=\"(max-width: 1024px) 100vw, 1024px\" \/><\/figure>\n<\/figure>\n\n\n\n<p>O \u00faltimo d\u00eda, tocaba viaxe Godelleta \u2013 A Coru\u00f1a, 935 km. Moito cansanzo acumulado e as \u00faltimas risas. Paramos a comer en Villacast\u00edn e aproveitamos a \u00faltima parada en Vega de Valcarce para despedir a Adri\u00e1n e gravar parte da coreograf\u00eda da viaxe. Chegamos ao Aquarium e, a\u00ednda que pasaran tres anos, o mesmo que no resto das viaxes, volveron as apertas e as b\u00e1goas de despedida lembrando o intensamente vivido nestes d\u00edas.<\/p>\n\n\n\n<p>E desde ese d\u00eda xa, preparando #Cantabileando2023.<\/p>\n","protected":false},"excerpt":{"rendered":"<p>Toda a viaxe aguantando a respiraci\u00f3n. Despois de tres anos, logo dunha pandemia, era unha responsabilidade organizar unha viaxe. Aos problemas habituais que poden aparecer (e apareceron) eng\u00e1dese a COVID. Que pasa se unha persoa [&hellip;]<\/p>\n","protected":false},"author":3,"featured_media":1706,"comment_status":"closed","ping_status":"closed","sticky":false,"template":"","format":"standard","meta":[],"categories":[67],"tags":[105,108,107,103,109,102,163,106],"jetpack_featured_media_url":"https:\/\/corocantabile.gal\/wp-content\/uploads\/2022\/08\/EnsaioGodelleta.jpeg","_links":{"self":[{"href":"https:\/\/corocantabile.gal\/es\/wp-json\/wp\/v2\/posts\/1704"}],"collection":[{"href":"https:\/\/corocantabile.gal\/es\/wp-json\/wp\/v2\/posts"}],"about":[{"href":"https:\/\/corocantabile.gal\/es\/wp-json\/wp\/v2\/types\/post"}],"author":[{"embeddable":true,"href":"https:\/\/corocantabile.gal\/es\/wp-json\/wp\/v2\/users\/3"}],"replies":[{"embeddable":true,"href":"https:\/\/corocantabile.gal\/es\/wp-json\/wp\/v2\/comments?post=1704"}],"version-history":[{"count":1,"href":"https:\/\/corocantabile.gal\/es\/wp-json\/wp\/v2\/posts\/1704\/revisions"}],"predecessor-version":[{"id":1801,"href":"https:\/\/corocantabile.gal\/es\/wp-json\/wp\/v2\/posts\/1704\/revisions\/1801"}],"wp:featuredmedia":[{"embeddable":true,"href":"https:\/\/corocantabile.gal\/es\/wp-json\/wp\/v2\/media\/1706"}],"wp:attachment":[{"href":"https:\/\/corocantabile.gal\/es\/wp-json\/wp\/v2\/media?parent=1704"}],"wp:term":[{"taxonomy":"category","embeddable":true,"href":"https:\/\/corocantabile.gal\/es\/wp-json\/wp\/v2\/categories?post=1704"},{"taxonomy":"post_tag","embeddable":true,"href":"https:\/\/corocantabile.gal\/es\/wp-json\/wp\/v2\/tags?post=1704"}],"curies":[{"name":"wp","href":"https:\/\/api.w.org\/{rel}","templated":true}]}}