{"id":1761,"date":"2022-09-19T13:29:08","date_gmt":"2022-09-19T13:29:08","guid":{"rendered":"https:\/\/corocantabile.gal\/?p=1761"},"modified":"2022-10-27T09:33:53","modified_gmt":"2022-10-27T09:33:53","slug":"evento-solidario-trezeluzes","status":"publish","type":"post","link":"https:\/\/corocantabile.gal\/es\/evento-solidario-trezeluzes\/","title":{"rendered":"Evento solidario Trezeluzes"},"content":{"rendered":"\n<p>A IV edici\u00f3n do evento solidario Trezeluzes celebrouse o pasado 15 de setembro nunha gala na Finca Montesqueiro de Oleiros na que conseguiu recadar m\u00e1is de 170.000 euros destinados integramente \u00e1 Fundaci\u00f3n Meni\u00f1os, entidade sen \u00e1nimo de lucro especializada na protecci\u00f3n da infancia e a adolescencia.<\/p>\n\n\n\n<figure class=\"wp-block-image size-full\"><img loading=\"lazy\" width=\"750\" height=\"350\" src=\"https:\/\/corocantabile.gal\/wp-content\/uploads\/2022\/09\/Trezeluzes-2022.jpg\" alt=\"\" class=\"wp-image-1759\" srcset=\"https:\/\/corocantabile.gal\/wp-content\/uploads\/2022\/09\/Trezeluzes-2022.jpg 750w, https:\/\/corocantabile.gal\/wp-content\/uploads\/2022\/09\/Trezeluzes-2022-300x140.jpg 300w, https:\/\/corocantabile.gal\/wp-content\/uploads\/2022\/09\/Trezeluzes-2022-690x322.jpg 690w\" sizes=\"(max-width: 750px) 100vw, 750px\" \/><figcaption>Os presentadores: Xos\u00e9 Touri\u00f1\u00e1n e Mar\u00eda Mera<\/figcaption><\/figure>\n\n\n\n<p>Durante o evento o p\u00fablico asistente poxou por determinados art\u00edculos doados por persoeiros do mundo do deporte, da arte e a cultura, ademais de diversas experiencias.<\/p>\n\n\n\n<p>O evento conta cada ano con mestres de ceremonias, embaixadores excepcionais e a participaci\u00f3n de varios chefs. Nesta ocasi\u00f3n os embaixadores foron as atletas ol\u00edmpicas Bel\u00e9n Toimil e Ant\u00eda J\u00e1come, o dese\u00f1ador Roberto Verono, o artista urbano Diego As, os actores Carlos Blanco e Serxio Pazos, a creadora t\u00e9xtil Idoia Cuesta, o cirurx\u00e1n Diego Gonz\u00e1lez, o piloto Sergio Vallejo e o ex baloncestista Fernando Romay. Os mestres de cerimonias foron Xos\u00e9 Touri\u00f1\u00e1n e Mar\u00eda Mera, que tam\u00e9n son embaixadores. Outro dos embaixadores nesta ocasi\u00f3n foi o m\u00fasico Carlos N\u00fa\u00f1ez que, ademais, formou parte dos artistas que animaron o evento.<\/p>\n\n\n\n<figure class=\"wp-block-image size-large\"><img loading=\"lazy\" width=\"1024\" height=\"576\" src=\"https:\/\/corocantabile.gal\/wp-content\/uploads\/2022\/09\/Romay_CarlosNunez-1024x576.jpg\" alt=\"\" class=\"wp-image-1757\" srcset=\"https:\/\/corocantabile.gal\/wp-content\/uploads\/2022\/09\/Romay_CarlosNunez-1024x576.jpg 1024w, https:\/\/corocantabile.gal\/wp-content\/uploads\/2022\/09\/Romay_CarlosNunez-300x169.jpg 300w, https:\/\/corocantabile.gal\/wp-content\/uploads\/2022\/09\/Romay_CarlosNunez-768x432.jpg 768w, https:\/\/corocantabile.gal\/wp-content\/uploads\/2022\/09\/Romay_CarlosNunez-690x388.jpg 690w, https:\/\/corocantabile.gal\/wp-content\/uploads\/2022\/09\/Romay_CarlosNunez.jpg 1200w\" sizes=\"(max-width: 1024px) 100vw, 1024px\" \/><\/figure>\n\n\n\n<p>Carlos N\u00fa\u00f1ez quixo contar co Coro Cantabile para a s\u00faa actuaci\u00f3n e al\u00ed fomos a participar. Carlos, como habitualmente, estivo moi cari\u00f1oso coa rapazada de Cantabile, axud\u00e1ndoos a participar no evento e moi pendente a eles e elas en todo momento.<\/p>\n\n\n\n<figure class=\"wp-block-image size-large\"><img loading=\"lazy\" width=\"1024\" height=\"576\" src=\"https:\/\/corocantabile.gal\/wp-content\/uploads\/2022\/09\/Cantabile-CArlosNunez-1024x576.jpg\" alt=\"\" class=\"wp-image-1755\" srcset=\"https:\/\/corocantabile.gal\/wp-content\/uploads\/2022\/09\/Cantabile-CArlosNunez-1024x576.jpg 1024w, https:\/\/corocantabile.gal\/wp-content\/uploads\/2022\/09\/Cantabile-CArlosNunez-300x169.jpg 300w, https:\/\/corocantabile.gal\/wp-content\/uploads\/2022\/09\/Cantabile-CArlosNunez-768x432.jpg 768w, https:\/\/corocantabile.gal\/wp-content\/uploads\/2022\/09\/Cantabile-CArlosNunez-690x388.jpg 690w, https:\/\/corocantabile.gal\/wp-content\/uploads\/2022\/09\/Cantabile-CArlosNunez.jpg 1200w\" sizes=\"(max-width: 1024px) 100vw, 1024px\" \/><figcaption>Carlos N\u00fa\u00f1ez e o Coro Cantabile<\/figcaption><\/figure>\n\n\n\n<p>Un orgullo para o Coro Cantabile participar neste acto sendo como somos co\u00f1ecedores do fant\u00e1stico traballo que a <a href=\"https:\/\/meninos.org\/\" data-type=\"URL\" data-id=\"https:\/\/meninos.org\/\" target=\"_blank\" rel=\"noreferrer noopener\">Fundaci\u00f3n Meni\u00f1os<\/a> fai a prol da infancia e da mocidade e un pracer e un orgullo que Carlos N\u00fa\u00f1ez conte novamente connosco. Anunciounos, ademais, que non ser\u00e1 a \u00faltima as\u00ed que xa estamos con ansia agardando o novo proxecto para o que ten a Cantabile en mente.<\/p>\n\n\n\n<p>Grazas, Carlos. Fant\u00e1stico profesional e excepcional persoa. Desexando afrontar m\u00e1is proxectos xuntos.<\/p>\n","protected":false},"excerpt":{"rendered":"<p>A IV edici\u00f3n do evento solidario Trezeluzes celebrouse o pasado 15 de setembro nunha gala na Finca Montesqueiro de Oleiros na que conseguiu recadar m\u00e1is de 170.000 euros destinados integramente \u00e1 Fundaci\u00f3n Meni\u00f1os, entidade sen [&hellip;]<\/p>\n","protected":false},"author":3,"featured_media":1757,"comment_status":"closed","ping_status":"closed","sticky":false,"template":"","format":"standard","meta":[],"categories":[110,80],"tags":[111,112,115,113,114],"jetpack_featured_media_url":"https:\/\/corocantabile.gal\/wp-content\/uploads\/2022\/09\/Romay_CarlosNunez.jpg","_links":{"self":[{"href":"https:\/\/corocantabile.gal\/es\/wp-json\/wp\/v2\/posts\/1761"}],"collection":[{"href":"https:\/\/corocantabile.gal\/es\/wp-json\/wp\/v2\/posts"}],"about":[{"href":"https:\/\/corocantabile.gal\/es\/wp-json\/wp\/v2\/types\/post"}],"author":[{"embeddable":true,"href":"https:\/\/corocantabile.gal\/es\/wp-json\/wp\/v2\/users\/3"}],"replies":[{"embeddable":true,"href":"https:\/\/corocantabile.gal\/es\/wp-json\/wp\/v2\/comments?post=1761"}],"version-history":[{"count":1,"href":"https:\/\/corocantabile.gal\/es\/wp-json\/wp\/v2\/posts\/1761\/revisions"}],"predecessor-version":[{"id":1828,"href":"https:\/\/corocantabile.gal\/es\/wp-json\/wp\/v2\/posts\/1761\/revisions\/1828"}],"wp:featuredmedia":[{"embeddable":true,"href":"https:\/\/corocantabile.gal\/es\/wp-json\/wp\/v2\/media\/1757"}],"wp:attachment":[{"href":"https:\/\/corocantabile.gal\/es\/wp-json\/wp\/v2\/media?parent=1761"}],"wp:term":[{"taxonomy":"category","embeddable":true,"href":"https:\/\/corocantabile.gal\/es\/wp-json\/wp\/v2\/categories?post=1761"},{"taxonomy":"post_tag","embeddable":true,"href":"https:\/\/corocantabile.gal\/es\/wp-json\/wp\/v2\/tags?post=1761"}],"curies":[{"name":"wp","href":"https:\/\/api.w.org\/{rel}","templated":true}]}}