{"id":2362,"date":"2023-06-09T15:07:51","date_gmt":"2023-06-09T15:07:51","guid":{"rendered":"https:\/\/corocantabile.gal\/?p=2362"},"modified":"2023-06-10T10:34:29","modified_gmt":"2023-06-10T10:34:29","slug":"ultimas-noticias","status":"publish","type":"post","link":"https:\/\/corocantabile.gal\/es\/ultimas-noticias\/","title":{"rendered":"\u00daltimas noticias"},"content":{"rendered":"\n<p>\u00a1Estamos de vuelta, #familiacantabile! Sabemos que \u00faltimamente no ha habido demasiadas actualizaciones en nuestro blog, as\u00ed que aqu\u00ed os traemos todas las novedades.<\/p>\n\n\n\n<p>En los \u00faltimos meses nos hemos puesto manos a la obra para preparar nuestro <strong>XX(+1) Aniversario<\/strong>, el cual celebraremos por todo lo alto este a\u00f1o con una de nuestras obras favoritas: el R\u00e9quiem de Mozart. Los que asist\u00eds con regularidad a nuestros conciertos seguro que ya hab\u00e9is escuchado alg\u00fan n\u00famero. No podemos resistirnos, y vamos haciendo peque\u00f1os <em>spoilers<\/em>&#8230; <\/p>\n\n\n\n<div class=\"wp-block-media-text is-stacked-on-mobile\"><figure class=\"wp-block-media-text__media\"><img loading=\"lazy\" width=\"1024\" height=\"768\" src=\"https:\/\/corocantabile.gal\/wp-content\/uploads\/2023\/06\/WhatsApp-Image-2023-06-09-at-15.30.02-1024x768.jpeg\" alt=\"Nuestros #pequescantabile en concierto\" class=\"wp-image-2330 size-full\" srcset=\"https:\/\/corocantabile.gal\/wp-content\/uploads\/2023\/06\/WhatsApp-Image-2023-06-09-at-15.30.02-1024x768.jpeg 1024w, https:\/\/corocantabile.gal\/wp-content\/uploads\/2023\/06\/WhatsApp-Image-2023-06-09-at-15.30.02-300x225.jpeg 300w, https:\/\/corocantabile.gal\/wp-content\/uploads\/2023\/06\/WhatsApp-Image-2023-06-09-at-15.30.02-768x576.jpeg 768w, https:\/\/corocantabile.gal\/wp-content\/uploads\/2023\/06\/WhatsApp-Image-2023-06-09-at-15.30.02-1536x1152.jpeg 1536w, https:\/\/corocantabile.gal\/wp-content\/uploads\/2023\/06\/WhatsApp-Image-2023-06-09-at-15.30.02-690x518.jpeg 690w, https:\/\/corocantabile.gal\/wp-content\/uploads\/2023\/06\/WhatsApp-Image-2023-06-09-at-15.30.02.jpeg 2048w\" sizes=\"(max-width: 1024px) 100vw, 1024px\" \/><\/figure><div class=\"wp-block-media-text__content\">\n<p>El mes de mayo empez\u00f3 con el tradicional <strong>Curso de Canto<\/strong>, donde los coralistas trabajaron t\u00e9cnica vocal con nuestro fabuloso director y maestro de canto, Pablo Carballido. Despu\u00e9s de tres semanas de duro trabajo, nuestros <em>#pequescantabile<\/em> finalizaron el curso con un hermoso concierto celebrado en la Iglesia de las Capuchinas. Como dir\u00eda Pablo, estuvieron todos <strong><em>braaaaaavisimos<\/em><\/strong>.<\/p>\n<\/div><\/div>\n\n\n\n<div class=\"wp-container-4 wp-block-columns are-vertically-aligned-center\">\n<div class=\"wp-container-3 wp-block-column is-vertically-aligned-center\" style=\"flex-basis:100%\">\n<div class=\"wp-container-2 wp-block-columns\">\n<div class=\"wp-container-1 wp-block-column\" style=\"flex-basis:100%\">\n<p>Tambi\u00e9n visitamos el precioso monasterio de <strong>Santa Mar\u00eda de Oia<\/strong> para poner m\u00fasica a otra de nuestras <strong><em>#bodascantabile<\/em><\/strong> . Cantamos, comimos un churrasco riqu\u00edsimo\u2026 y tambi\u00e9n nos dio tempo a hacer una peque\u00f1a excursi\u00f3n y visitar uno de los monumentos m\u00e1s conocidos de Baiona: la Virgen de la Roca. En nuestra opini\u00f3n, no tiene nada que envidiarle al Cristo del Corcovado. <\/p>\n\n\n\n<figure class=\"wp-block-image size-large\"><img loading=\"lazy\" width=\"1024\" height=\"625\" src=\"https:\/\/corocantabile.gal\/wp-content\/uploads\/2023\/06\/WhatsApp-Image-2023-06-09-at-16.35.00-1-1024x625.jpeg\" alt=\"\" class=\"wp-image-2354\" srcset=\"https:\/\/corocantabile.gal\/wp-content\/uploads\/2023\/06\/WhatsApp-Image-2023-06-09-at-16.35.00-1-1024x625.jpeg 1024w, https:\/\/corocantabile.gal\/wp-content\/uploads\/2023\/06\/WhatsApp-Image-2023-06-09-at-16.35.00-1-300x183.jpeg 300w, https:\/\/corocantabile.gal\/wp-content\/uploads\/2023\/06\/WhatsApp-Image-2023-06-09-at-16.35.00-1-768x468.jpeg 768w, https:\/\/corocantabile.gal\/wp-content\/uploads\/2023\/06\/WhatsApp-Image-2023-06-09-at-16.35.00-1-690x421.jpeg 690w, https:\/\/corocantabile.gal\/wp-content\/uploads\/2023\/06\/WhatsApp-Image-2023-06-09-at-16.35.00-1.jpeg 1169w\" sizes=\"(max-width: 1024px) 100vw, 1024px\" \/><figcaption>Aqu\u00ed pod\u00e9is ver a Pablo se\u00f1alando su inmensidad \ud83d\ude42<\/figcaption><\/figure>\n<\/div>\n<\/div>\n<\/div>\n<\/div>\n\n\n\n<p>Adem\u00e1s, tuvimos la suerte de poder poner m\u00fasica a la jornada \u201cPresente y futuro de la industria Aeroespacial\u201d, organizada por el Consello Social de la UDC y celebrada en Palexco a finales del mes pasado. No pudimos estar mejor acompa\u00f1ados, ya que contamos con la presencia de nuestros amigos del <strong>Cuarteto Alicerce <\/strong>y con <strong>Arsenio Keilin <\/strong>al piano.<\/p>\n\n\n\n<figure class=\"wp-block-image size-large\"><img loading=\"lazy\" width=\"1024\" height=\"664\" src=\"https:\/\/corocantabile.gal\/wp-content\/uploads\/2023\/06\/WhatsApp-Image-2023-06-09-at-16.24.07-e1686320696857-1024x664.jpeg\" alt=\"Actuaci\u00f3n en el Palexco\" class=\"wp-image-2349\" srcset=\"https:\/\/corocantabile.gal\/wp-content\/uploads\/2023\/06\/WhatsApp-Image-2023-06-09-at-16.24.07-e1686320696857-1024x664.jpeg 1024w, https:\/\/corocantabile.gal\/wp-content\/uploads\/2023\/06\/WhatsApp-Image-2023-06-09-at-16.24.07-e1686320696857-300x195.jpeg 300w, https:\/\/corocantabile.gal\/wp-content\/uploads\/2023\/06\/WhatsApp-Image-2023-06-09-at-16.24.07-e1686320696857-768x498.jpeg 768w, https:\/\/corocantabile.gal\/wp-content\/uploads\/2023\/06\/WhatsApp-Image-2023-06-09-at-16.24.07-e1686320696857-1536x996.jpeg 1536w, https:\/\/corocantabile.gal\/wp-content\/uploads\/2023\/06\/WhatsApp-Image-2023-06-09-at-16.24.07-e1686320696857-690x448.jpeg 690w, https:\/\/corocantabile.gal\/wp-content\/uploads\/2023\/06\/WhatsApp-Image-2023-06-09-at-16.24.07-e1686320696857.jpeg 1748w\" sizes=\"(max-width: 1024px) 100vw, 1024px\" \/><\/figure>\n\n\n\n<p>Y ya para terminar, \u00a1queremos hacer un anuncio muy importante! Como ya sab\u00e9is, #cantabilenopara, y precisamente por eso estamos <strong>en busca de nuevas voces<\/strong> para poder ofreceros un concierto de aniversario a la altura. <br>La cuerda que m\u00e1s necesita vuestra ayuda es la de tenores, aunque si aparece por nuestra puerta alguna que otra alto, tampoco le vamos a decir que no&#8230; No tenemos ninguna duda de que cualquiera de vosotros podr\u00eda cumplir una funci\u00f3n fundamental en nuestras filas \ud83e\udee1\ud83e\ude96. Por eso, si tienes pasi\u00f3n por la m\u00fasica, te gusta cantar y quieres formar parte de esta #familiacantabile, (o conoces a alguien dispuesto&#8230;) <strong>\u00a1no lo dudes y contacta con nosotros<\/strong>! \u00a1Tenemos los brazos abiertos para recibirte en esta aventura!<\/p>\n\n\n\n<figure class=\"wp-block-image size-large\"><img loading=\"lazy\" width=\"1024\" height=\"1024\" src=\"https:\/\/corocantabile.gal\/wp-content\/uploads\/2023\/06\/WhatsApp-Image-2023-06-09-at-15.02.16-1024x1024.jpeg\" alt=\"\" class=\"wp-image-2332\" srcset=\"https:\/\/corocantabile.gal\/wp-content\/uploads\/2023\/06\/WhatsApp-Image-2023-06-09-at-15.02.16-1024x1024.jpeg 1024w, https:\/\/corocantabile.gal\/wp-content\/uploads\/2023\/06\/WhatsApp-Image-2023-06-09-at-15.02.16-300x300.jpeg 300w, https:\/\/corocantabile.gal\/wp-content\/uploads\/2023\/06\/WhatsApp-Image-2023-06-09-at-15.02.16-150x150.jpeg 150w, https:\/\/corocantabile.gal\/wp-content\/uploads\/2023\/06\/WhatsApp-Image-2023-06-09-at-15.02.16-768x768.jpeg 768w, https:\/\/corocantabile.gal\/wp-content\/uploads\/2023\/06\/WhatsApp-Image-2023-06-09-at-15.02.16-510x510.jpeg 510w, https:\/\/corocantabile.gal\/wp-content\/uploads\/2023\/06\/WhatsApp-Image-2023-06-09-at-15.02.16-160x160.jpeg 160w, https:\/\/corocantabile.gal\/wp-content\/uploads\/2023\/06\/WhatsApp-Image-2023-06-09-at-15.02.16-690x690.jpeg 690w, https:\/\/corocantabile.gal\/wp-content\/uploads\/2023\/06\/WhatsApp-Image-2023-06-09-at-15.02.16-560x560.jpeg 560w, https:\/\/corocantabile.gal\/wp-content\/uploads\/2023\/06\/WhatsApp-Image-2023-06-09-at-15.02.16.jpeg 1080w\" sizes=\"(max-width: 1024px) 100vw, 1024px\" \/><\/figure>\n\n\n\n<p>Nos vemos muy pronto, #familiacantabile!<\/p>\n\n\n\n<p><\/p>\n","protected":false},"excerpt":{"rendered":"<p>\u00a1Estamos de vuelta, #familiacantabile! Sabemos que \u00faltimamente no ha habido demasiadas actualizaciones en nuestro blog, as\u00ed que aqu\u00ed os traemos todas las novedades. En los \u00faltimos meses nos hemos puesto manos a la obra para [&hellip;]<\/p>\n","protected":false},"author":9,"featured_media":2349,"comment_status":"open","ping_status":"closed","sticky":false,"template":"","format":"standard","meta":[],"categories":[80,67],"tags":[141,142],"jetpack_featured_media_url":"https:\/\/corocantabile.gal\/wp-content\/uploads\/2023\/06\/WhatsApp-Image-2023-06-09-at-16.24.07-e1686320696857.jpeg","_links":{"self":[{"href":"https:\/\/corocantabile.gal\/es\/wp-json\/wp\/v2\/posts\/2362"}],"collection":[{"href":"https:\/\/corocantabile.gal\/es\/wp-json\/wp\/v2\/posts"}],"about":[{"href":"https:\/\/corocantabile.gal\/es\/wp-json\/wp\/v2\/types\/post"}],"author":[{"embeddable":true,"href":"https:\/\/corocantabile.gal\/es\/wp-json\/wp\/v2\/users\/9"}],"replies":[{"embeddable":true,"href":"https:\/\/corocantabile.gal\/es\/wp-json\/wp\/v2\/comments?post=2362"}],"version-history":[{"count":1,"href":"https:\/\/corocantabile.gal\/es\/wp-json\/wp\/v2\/posts\/2362\/revisions"}],"predecessor-version":[{"id":2373,"href":"https:\/\/corocantabile.gal\/es\/wp-json\/wp\/v2\/posts\/2362\/revisions\/2373"}],"wp:featuredmedia":[{"embeddable":true,"href":"https:\/\/corocantabile.gal\/es\/wp-json\/wp\/v2\/media\/2349"}],"wp:attachment":[{"href":"https:\/\/corocantabile.gal\/es\/wp-json\/wp\/v2\/media?parent=2362"}],"wp:term":[{"taxonomy":"category","embeddable":true,"href":"https:\/\/corocantabile.gal\/es\/wp-json\/wp\/v2\/categories?post=2362"},{"taxonomy":"post_tag","embeddable":true,"href":"https:\/\/corocantabile.gal\/es\/wp-json\/wp\/v2\/tags?post=2362"}],"curies":[{"name":"wp","href":"https:\/\/api.w.org\/{rel}","templated":true}]}}