{"id":2513,"date":"2023-07-18T18:00:00","date_gmt":"2023-07-18T18:00:00","guid":{"rendered":"https:\/\/corocantabile.gal\/?p=2513"},"modified":"2023-09-24T13:39:26","modified_gmt":"2023-09-24T13:39:26","slug":"inicio-del-veranocantabile","status":"publish","type":"post","link":"https:\/\/corocantabile.gal\/es\/inicio-del-veranocantabile\/","title":{"rendered":"Inicio del #veranocantabile"},"content":{"rendered":"\n<p>Buenas y calurosas tardes #familiacantabile!<\/p>\n\n<p>\u00a1Esperamos que est\u00e9is teniendo un inicio de verano tan maravilloso como nosotros! Por nuestra parte, no exageramos cuando decimos que el final del a\u00f1o escolar estuvo acompa\u00f1ado de experiencias incre\u00edbles, las cuales procedemos a narrar a continuaci\u00f3n con la elegante prosa que nos caracteriza. <\/p>\n\n<p>En v\u00edsperas de la Noche de San Juan, y como est\u00e1bamos un poco tristes porque este a\u00f1o no har\u00edamos nuestra tradicional hoguera en la Playa de Riazor, decidimos ir al <strong>Museo de Bellas Artes<\/strong> para visitar la exposici\u00f3n dedicada a Pablo Picasso. Disfrutamos de una maravillosa visita guiada en la que tuvimos la oportunidad de conocer m\u00e1s a este artista formado en A Coru\u00f1a.<\/p>\n\n<figure class=\"wp-block-image size-large\"><img loading=\"lazy\" width=\"1024\" height=\"768\" src=\"https:\/\/corocantabile.gal\/wp-content\/uploads\/2023\/07\/WhatsApp-Image-2023-07-17-at-22.21.33-3-1024x768.jpeg\" alt=\"\" class=\"wp-image-2503\" srcset=\"https:\/\/corocantabile.gal\/wp-content\/uploads\/2023\/07\/WhatsApp-Image-2023-07-17-at-22.21.33-3-1024x768.jpeg 1024w, https:\/\/corocantabile.gal\/wp-content\/uploads\/2023\/07\/WhatsApp-Image-2023-07-17-at-22.21.33-3-300x225.jpeg 300w, https:\/\/corocantabile.gal\/wp-content\/uploads\/2023\/07\/WhatsApp-Image-2023-07-17-at-22.21.33-3-768x576.jpeg 768w, https:\/\/corocantabile.gal\/wp-content\/uploads\/2023\/07\/WhatsApp-Image-2023-07-17-at-22.21.33-3-1536x1152.jpeg 1536w, https:\/\/corocantabile.gal\/wp-content\/uploads\/2023\/07\/WhatsApp-Image-2023-07-17-at-22.21.33-3-690x518.jpeg 690w, https:\/\/corocantabile.gal\/wp-content\/uploads\/2023\/07\/WhatsApp-Image-2023-07-17-at-22.21.33-3.jpeg 2048w\" sizes=\"(max-width: 1024px) 100vw, 1024px\" \/><figcaption>Nuestros <strong><em>#solistascantabile<\/em><\/strong> con Ludmila y Pablo.<\/figcaption><\/figure>\n\n<p>D\u00edas despu\u00e9s, y como ya es costumbre, celebramos el tradicional <strong>Concierto de Solistas<\/strong> , en el que nuestros coralistas interpretaron piezas muy variadas: de H\u00e4ndel hasta Rimsky-Korsakov. Adem\u00e1s, contamos con nuestra querida <strong>Ludmila Orlova<\/strong> al piano. Sin duda, una manera ideal de terminar el mes de junio.<\/p>\n\n<p><\/p>\n\n<p>Comienza julio, y no ten\u00edamos mejor manera de celebrar las altas temperaturas y los d\u00edas soleados que con <strong><em>la Noite das Candeas<\/em><\/strong> , nuestro tradicional concierto nocturno a la luz de las velas que se celebra en nuestra segunda casa: la Iglesia de las Capuchinas.<br\/>En esta ocasi\u00f3n el repertorio, dedicado a W. A. Mozart, incluy\u00f3 tres de sus hermosos <em><strong>nocturnos<\/strong><\/em> y una selecci\u00f3n de n\u00fameros de su Misa <strong>de R\u00e9quiem<\/strong> . Fue un placer para nosotros poder interpretar este maravilloso programa, en el cual llevamos trabajando desde hace m\u00e1s de un a\u00f1o. \u00a1Esperamos que muy pronto pod\u00e1is escuchar esta hermosa misa en su totalidad en nuestros conciertos!<\/p>\n\n<figure class=\"wp-block-image size-large\"><img loading=\"lazy\" width=\"1024\" height=\"768\" src=\"https:\/\/corocantabile.gal\/wp-content\/uploads\/2023\/07\/WhatsApp-Image-2023-07-17-at-22.20.19-1024x768.jpeg\" alt=\"\" class=\"wp-image-2491\" srcset=\"https:\/\/corocantabile.gal\/wp-content\/uploads\/2023\/07\/WhatsApp-Image-2023-07-17-at-22.20.19-1024x768.jpeg 1024w, https:\/\/corocantabile.gal\/wp-content\/uploads\/2023\/07\/WhatsApp-Image-2023-07-17-at-22.20.19-300x225.jpeg 300w, https:\/\/corocantabile.gal\/wp-content\/uploads\/2023\/07\/WhatsApp-Image-2023-07-17-at-22.20.19-768x576.jpeg 768w, https:\/\/corocantabile.gal\/wp-content\/uploads\/2023\/07\/WhatsApp-Image-2023-07-17-at-22.20.19-1536x1152.jpeg 1536w, https:\/\/corocantabile.gal\/wp-content\/uploads\/2023\/07\/WhatsApp-Image-2023-07-17-at-22.20.19-690x518.jpeg 690w, https:\/\/corocantabile.gal\/wp-content\/uploads\/2023\/07\/WhatsApp-Image-2023-07-17-at-22.20.19.jpeg 2048w\" sizes=\"(max-width: 1024px) 100vw, 1024px\" \/><figcaption>#cantabileenconcerto na Noite das Candeas<\/figcaption><\/figure>\n<div class=\"wp-block-image\">\n<figure class=\"alignright size-large is-resized\"><img loading=\"lazy\" src=\"https:\/\/corocantabile.gal\/wp-content\/uploads\/2023\/07\/WhatsApp-Image-2023-07-17-at-22.18.35-1-752x1024.jpeg\" alt=\"\" class=\"wp-image-2507\" width=\"385\" height=\"524\" srcset=\"https:\/\/corocantabile.gal\/wp-content\/uploads\/2023\/07\/WhatsApp-Image-2023-07-17-at-22.18.35-1-752x1024.jpeg 752w, https:\/\/corocantabile.gal\/wp-content\/uploads\/2023\/07\/WhatsApp-Image-2023-07-17-at-22.18.35-1-220x300.jpeg 220w, https:\/\/corocantabile.gal\/wp-content\/uploads\/2023\/07\/WhatsApp-Image-2023-07-17-at-22.18.35-1-768x1046.jpeg 768w, https:\/\/corocantabile.gal\/wp-content\/uploads\/2023\/07\/WhatsApp-Image-2023-07-17-at-22.18.35-1-1128x1536.jpeg 1128w, https:\/\/corocantabile.gal\/wp-content\/uploads\/2023\/07\/WhatsApp-Image-2023-07-17-at-22.18.35-1-690x940.jpeg 690w, https:\/\/corocantabile.gal\/wp-content\/uploads\/2023\/07\/WhatsApp-Image-2023-07-17-at-22.18.35-1.jpeg 1175w\" sizes=\"(max-width: 385px) 100vw, 385px\" \/><figcaption>La #familiacantabile, entrando muy<br\/>ordenadamente en la Plaza de Lugo :))<\/figcaption><\/figure><\/div>\n<p>Ya para terminar, recientemente cantamos en la Plaza de Lugo con motivo del <strong><em>Orgullo 2023<\/em><\/strong> , donde interpretamos piezas como <em>\u201cCan\u00b4t help falling in love\u201d<\/em> o <em>\u201cGoodnight sweetheart\u201d<\/em> . Nos encanta poder seguir participando un a\u00f1o m\u00e1s en este evento, aportando nuestro granito de arena a toda la comunidad LGTBI+. Tambi\u00e9n tuvimos la suerte de conocer al reci\u00e9n formado <strong><em>Coro Coru\u00f1a Cores<\/em><\/strong>, dirigido por nuestro querido Pablo M. Carreira. <\/p>\n\n<p>Como veis, ha sido un comienzo de verano cargado de experiencias apasionantes, y esperamos que esa sea la t\u00f3nica general de los pr\u00f3ximos meses, ya que tenemos por delante nuestro ansiado <strong>Cantabileando 2023: Asturias<\/strong> . <\/p>\n\n<p><\/p>\n\n<p>Os deseamos un muy feliz verano, que est\u00e9 lleno de m\u00fasica, y hasta muy pronto #familiacantabile \ud83d\ude42 <\/p>\n\n<p><\/p>\n","protected":false},"excerpt":{"rendered":"<p>Buenas y calurosas tardes #familiacantabile! \u00a1Esperamos que est\u00e9is teniendo un inicio de verano tan maravilloso como nosotros! Por nuestra parte, no exageramos cuando decimos que el final del a\u00f1o escolar estuvo acompa\u00f1ado de experiencias incre\u00edbles, [&hellip;]<\/p>\n","protected":false},"author":9,"featured_media":2492,"comment_status":"closed","ping_status":"closed","sticky":false,"template":"","format":"standard","meta":[],"categories":[80,67],"tags":[155,156,153,154],"jetpack_featured_media_url":"https:\/\/corocantabile.gal\/wp-content\/uploads\/2023\/07\/WhatsApp-Image-2023-07-17-at-22.20.19.jpeg","_links":{"self":[{"href":"https:\/\/corocantabile.gal\/es\/wp-json\/wp\/v2\/posts\/2513"}],"collection":[{"href":"https:\/\/corocantabile.gal\/es\/wp-json\/wp\/v2\/posts"}],"about":[{"href":"https:\/\/corocantabile.gal\/es\/wp-json\/wp\/v2\/types\/post"}],"author":[{"embeddable":true,"href":"https:\/\/corocantabile.gal\/es\/wp-json\/wp\/v2\/users\/9"}],"replies":[{"embeddable":true,"href":"https:\/\/corocantabile.gal\/es\/wp-json\/wp\/v2\/comments?post=2513"}],"version-history":[{"count":1,"href":"https:\/\/corocantabile.gal\/es\/wp-json\/wp\/v2\/posts\/2513\/revisions"}],"predecessor-version":[{"id":2551,"href":"https:\/\/corocantabile.gal\/es\/wp-json\/wp\/v2\/posts\/2513\/revisions\/2551"}],"wp:featuredmedia":[{"embeddable":true,"href":"https:\/\/corocantabile.gal\/es\/wp-json\/wp\/v2\/media\/2492"}],"wp:attachment":[{"href":"https:\/\/corocantabile.gal\/es\/wp-json\/wp\/v2\/media?parent=2513"}],"wp:term":[{"taxonomy":"category","embeddable":true,"href":"https:\/\/corocantabile.gal\/es\/wp-json\/wp\/v2\/categories?post=2513"},{"taxonomy":"post_tag","embeddable":true,"href":"https:\/\/corocantabile.gal\/es\/wp-json\/wp\/v2\/tags?post=2513"}],"curies":[{"name":"wp","href":"https:\/\/api.w.org\/{rel}","templated":true}]}}