{"id":2615,"date":"2023-09-04T10:30:00","date_gmt":"2023-09-04T10:30:00","guid":{"rendered":"https:\/\/corocantabile.gal\/?p=2615"},"modified":"2023-09-24T13:44:05","modified_gmt":"2023-09-24T13:44:05","slug":"resumo-do-cantabileando2023-e-comezo-novo-do-curso","status":"publish","type":"post","link":"https:\/\/corocantabile.gal\/es\/resumo-do-cantabileando2023-e-comezo-novo-do-curso\/","title":{"rendered":"Resumen del #Cantabileando2023 y comienzo del nuevo curso"},"content":{"rendered":"\n<p>Buenas tardes, #familiacantabile. Llega septiembre y comienza un nuevo curso, un nuevo repertorio, nuevas incorporaciones&#8230;(hacemos aqu\u00ed una peque\u00f1a pausa publicitaria para recordar que <strong>siempre<\/strong> estamos buscando <strong>nue<\/strong><strong>vas voces<\/strong>, as\u00ed que pod\u00e9is visitarnos en nuestro local cualquier s\u00e1bado se est\u00e1is interesados \u00f3 conoc\u00e9is a alguien que quiera unirse a la <em>#familiacantabile<\/em>) Pero no podemos comezar el nuevo curso sin rememorar el fant\u00e1stico <strong>#cantabileando2023<\/strong> por tierras asturianas, as\u00ed que aqu\u00ed est\u00e1 nuestro resumen.<\/p>\n\n<div class=\"wp-container-3 wp-block-columns\">\n<div class=\"wp-container-2 wp-block-column is-vertically-aligned-top\" style=\"flex-basis:100%\">\n<div class=\"wp-block-media-text alignwide is-stacked-on-mobile\"><figure class=\"wp-block-media-text__media\"><img loading=\"lazy\" width=\"768\" height=\"1024\" src=\"https:\/\/corocantabile.gal\/wp-content\/uploads\/2023\/09\/WhatsApp-Image-2023-09-02-at-19.10.40-768x1024.jpeg\" alt=\"\" class=\"wp-image-2564 size-full\" srcset=\"https:\/\/corocantabile.gal\/wp-content\/uploads\/2023\/09\/WhatsApp-Image-2023-09-02-at-19.10.40-768x1024.jpeg 768w, https:\/\/corocantabile.gal\/wp-content\/uploads\/2023\/09\/WhatsApp-Image-2023-09-02-at-19.10.40-225x300.jpeg 225w, https:\/\/corocantabile.gal\/wp-content\/uploads\/2023\/09\/WhatsApp-Image-2023-09-02-at-19.10.40-1152x1536.jpeg 1152w, https:\/\/corocantabile.gal\/wp-content\/uploads\/2023\/09\/WhatsApp-Image-2023-09-02-at-19.10.40-690x920.jpeg 690w, https:\/\/corocantabile.gal\/wp-content\/uploads\/2023\/09\/WhatsApp-Image-2023-09-02-at-19.10.40.jpeg 1536w\" sizes=\"(max-width: 768px) 100vw, 768px\" \/><\/figure><div class=\"wp-block-media-text__content\">\n<p><\/p>\n\n\n\n<h2><em>Inicio del viaje rumbo a tierras asturianas&#8230;<\/em><\/h2>\n\n\n\n<p><\/p>\n\n\n\n<p>Nuestro viaje comenz\u00f3 el primer d\u00eda de agosto, cuando partimos en bus rumbo a <strong>Colunga<\/strong>. All\u00ed visitamos el <strong>Museo del Jur\u00e1sico<\/strong> y exploramos la <strong>playa de La Griega<\/strong> en busca de alg\u00fan fosil. As leyendas dicen que uno de nuestros #pequescantabile, con esp\u00edritu de arque\u00f3logo, encontr\u00f3 uno&#8230; pero aqu\u00ed vuestras blogueras de confianza ni lo confirman ni lo desmienten \ud83d\udd0e<\/p>\n\n\n\n<p>Y terminado este primer d\u00eda lleno de emociones y muchas horas de bus, partimos hacia el albergue de Pintueles donde nos esperaba la cena y una tarde-noche de juegos antes de dormir.<\/p>\n\n\n\n<p><\/p>\n<\/div><\/div>\n\n\n\n<div class=\"wp-block-media-text has-media-on-the-right is-stacked-on-mobile\" style=\"grid-template-columns:auto 48%\"><figure class=\"wp-block-media-text__media\"><img loading=\"lazy\" width=\"1024\" height=\"890\" src=\"https:\/\/corocantabile.gal\/wp-content\/uploads\/2023\/09\/WhatsApp-Image-2023-09-03-at-21.05.02-1024x890.jpeg\" alt=\"\" class=\"wp-image-2578 size-full\" srcset=\"https:\/\/corocantabile.gal\/wp-content\/uploads\/2023\/09\/WhatsApp-Image-2023-09-03-at-21.05.02-1024x890.jpeg 1024w, https:\/\/corocantabile.gal\/wp-content\/uploads\/2023\/09\/WhatsApp-Image-2023-09-03-at-21.05.02-300x261.jpeg 300w, https:\/\/corocantabile.gal\/wp-content\/uploads\/2023\/09\/WhatsApp-Image-2023-09-03-at-21.05.02-768x667.jpeg 768w, https:\/\/corocantabile.gal\/wp-content\/uploads\/2023\/09\/WhatsApp-Image-2023-09-03-at-21.05.02-1536x1335.jpeg 1536w, https:\/\/corocantabile.gal\/wp-content\/uploads\/2023\/09\/WhatsApp-Image-2023-09-03-at-21.05.02-690x600.jpeg 690w, https:\/\/corocantabile.gal\/wp-content\/uploads\/2023\/09\/WhatsApp-Image-2023-09-03-at-21.05.02.jpeg 1542w\" sizes=\"(max-width: 1024px) 100vw, 1024px\" \/><\/figure><div class=\"wp-block-media-text__content\">\n<div class=\"wp-container-1 wp-block-group\"><div class=\"wp-block-group__inner-container\">\n<p>El segundo d\u00eda nos dirigimos al <strong>Santuario de Covadonga<\/strong> para participar en la misa de las 12 en la Bas\u00edlica. Adem\u00e1s, tuvimos el privilegio de poder cantar el Himno a la Virgen de Covadonga en la <strong>Santa Cueva<\/strong>.<\/p>\n\n\n\n<p>Por desgracia, la niebla nos impidi\u00f3 subir a los Lagos, pero r\u00e1pidamente buscamos un <em>plan B<\/em> e dirigimos a la <em>muy leal y noble <\/em>villa de <strong>Llanes<\/strong>, que ten\u00eda un impresionante casco hist\u00f3rico. Tras pasar la tarde, regresamos al albergue para reponer fuerzas y prepararnos para un tercer d\u00eda lleno de emociones.<\/p>\n<\/div><\/div>\n<\/div><\/div>\n<\/div>\n<\/div>\n\n<h3><em><strong>Aventuras Acu\u00e1ticas: <\/strong>descenso (internacional) del Sella.<\/em><\/h3>\n\n<p>En la tercera jornada de nuestro viaje nos esperaba Arriondas y el <strong>descenso del r\u00edo Sella. <\/strong>El destino quiso que a nuestra aventura acu\u00e1tica coincidiese con el <strong>descenso internacional<\/strong> del Sella 2023, que se celebraba ese s\u00e1bado, as\u00ed que hab\u00eda much\u00edsiiiiima gente. Hechas las extra\u00f1as parejas de canoa (y un intr\u00e9pido trio formado por In\u00e9s, Romeu y H\u00e9ctor), procedimos a descender polo r\u00edo. Aunque hubo alg\u00fan que otro peque\u00f1o accidente de carrera y acabamos todos empapados, conseguimos llegar al final (algunos con m\u00e1s \u00e9xito que otros, todo sea dicho&#8230;).<\/p>\n\n<div class=\"wp-container-6 wp-block-group\"><div class=\"wp-block-group__inner-container\">\n<figure class=\"wp-container-5 wp-block-gallery-4 wp-block-gallery has-nested-images columns-default is-cropped\">\n<figure class=\"wp-block-image size-large\"><img loading=\"lazy\" width=\"1920\" height=\"1080\" src=\"https:\/\/corocantabile.gal\/wp-content\/uploads\/2023\/09\/WhatsApp-Image-2023-08-03-at-18.36.50-2.jpeg\" alt=\"\" class=\"wp-image-2589\" srcset=\"https:\/\/corocantabile.gal\/wp-content\/uploads\/2023\/09\/WhatsApp-Image-2023-08-03-at-18.36.50-2.jpeg 1920w, https:\/\/corocantabile.gal\/wp-content\/uploads\/2023\/09\/WhatsApp-Image-2023-08-03-at-18.36.50-2-300x169.jpeg 300w, https:\/\/corocantabile.gal\/wp-content\/uploads\/2023\/09\/WhatsApp-Image-2023-08-03-at-18.36.50-2-1024x576.jpeg 1024w, https:\/\/corocantabile.gal\/wp-content\/uploads\/2023\/09\/WhatsApp-Image-2023-08-03-at-18.36.50-2-768x432.jpeg 768w, https:\/\/corocantabile.gal\/wp-content\/uploads\/2023\/09\/WhatsApp-Image-2023-08-03-at-18.36.50-2-1536x864.jpeg 1536w, https:\/\/corocantabile.gal\/wp-content\/uploads\/2023\/09\/WhatsApp-Image-2023-08-03-at-18.36.50-2-690x388.jpeg 690w\" sizes=\"(max-width: 1920px) 100vw, 1920px\" \/><\/figure>\n\n\n\n<figure class=\"wp-block-image size-large\"><img loading=\"lazy\" width=\"2000\" height=\"900\" src=\"https:\/\/corocantabile.gal\/wp-content\/uploads\/2023\/09\/WhatsApp-Image-2023-08-03-at-18.36.54.jpeg\" alt=\"\" class=\"wp-image-2581\" srcset=\"https:\/\/corocantabile.gal\/wp-content\/uploads\/2023\/09\/WhatsApp-Image-2023-08-03-at-18.36.54.jpeg 2000w, https:\/\/corocantabile.gal\/wp-content\/uploads\/2023\/09\/WhatsApp-Image-2023-08-03-at-18.36.54-300x135.jpeg 300w, https:\/\/corocantabile.gal\/wp-content\/uploads\/2023\/09\/WhatsApp-Image-2023-08-03-at-18.36.54-1024x461.jpeg 1024w, https:\/\/corocantabile.gal\/wp-content\/uploads\/2023\/09\/WhatsApp-Image-2023-08-03-at-18.36.54-768x346.jpeg 768w, https:\/\/corocantabile.gal\/wp-content\/uploads\/2023\/09\/WhatsApp-Image-2023-08-03-at-18.36.54-1536x691.jpeg 1536w, https:\/\/corocantabile.gal\/wp-content\/uploads\/2023\/09\/WhatsApp-Image-2023-08-03-at-18.36.54-690x311.jpeg 690w\" sizes=\"(max-width: 2000px) 100vw, 2000px\" \/><\/figure>\n<\/figure>\n<\/div><\/div>\n\n<p>Despu\u00e9s de recuperar fuerzas nos acercamos a Ribadesella, donde aprovechamos para hacer algunas compras.&#13;\nTras despedirnos do personal del albergue de Pintueles, que nos atendi\u00f3 de maravilla, pusimos rumbo a Oviedo.<\/p>\n\n<h3><strong><em>Muy noble, muy leal, benem\u00e9rita, invicta, heroica y buena<\/em> ciudad de Oviedo<\/strong>.<\/h3>\n\n<p>Si os parecieron elegantes los t\u00edtulos de la <em>villa de Llanes&#8230; <\/em>Oviedo tiene m\u00e1s. Tras llegar a Oviedo nos dirigimos al <strong>Seminario Metropolitano<\/strong>, donde nos hospedar\u00edamos durante nuestra estancia en la ciudad, pero antes&#8230; no pudimos resistirnos a hacer una peque\u00f1a visita a las iglesias de <strong>Santa Mar\u00eda del Naranco<\/strong> y\u00a0<strong>San Miguel de Lillo<\/strong>, dos emblemas del prerrom\u00e1nico asturiano donde Pablo, nuestro querido director, nos hizo de gu\u00eda.<\/p>\n\n<div class=\"wp-container-9 wp-block-columns\">\n<div class=\"wp-container-7 wp-block-column\">\n<figure class=\"wp-block-image size-large\"><img loading=\"lazy\" width=\"768\" height=\"1024\" src=\"https:\/\/corocantabile.gal\/wp-content\/uploads\/2023\/09\/WhatsApp-Image-2023-09-03-at-22.29.19-2-768x1024.jpeg\" alt=\"\" class=\"wp-image-2600\" srcset=\"https:\/\/corocantabile.gal\/wp-content\/uploads\/2023\/09\/WhatsApp-Image-2023-09-03-at-22.29.19-2-768x1024.jpeg 768w, https:\/\/corocantabile.gal\/wp-content\/uploads\/2023\/09\/WhatsApp-Image-2023-09-03-at-22.29.19-2-225x300.jpeg 225w, https:\/\/corocantabile.gal\/wp-content\/uploads\/2023\/09\/WhatsApp-Image-2023-09-03-at-22.29.19-2-1152x1536.jpeg 1152w, https:\/\/corocantabile.gal\/wp-content\/uploads\/2023\/09\/WhatsApp-Image-2023-09-03-at-22.29.19-2-690x920.jpeg 690w, https:\/\/corocantabile.gal\/wp-content\/uploads\/2023\/09\/WhatsApp-Image-2023-09-03-at-22.29.19-2.jpeg 1500w\" sizes=\"(max-width: 768px) 100vw, 768px\" \/><\/figure>\n<\/div>\n\n\n\n<div class=\"wp-container-8 wp-block-column\">\n<figure class=\"wp-block-image size-large\"><img loading=\"lazy\" width=\"768\" height=\"1024\" src=\"https:\/\/corocantabile.gal\/wp-content\/uploads\/2023\/09\/WhatsApp-Image-2023-09-03-at-22.31.16-1-768x1024.jpeg\" alt=\"\" class=\"wp-image-2602\" srcset=\"https:\/\/corocantabile.gal\/wp-content\/uploads\/2023\/09\/WhatsApp-Image-2023-09-03-at-22.31.16-1-768x1024.jpeg 768w, https:\/\/corocantabile.gal\/wp-content\/uploads\/2023\/09\/WhatsApp-Image-2023-09-03-at-22.31.16-1-225x300.jpeg 225w, https:\/\/corocantabile.gal\/wp-content\/uploads\/2023\/09\/WhatsApp-Image-2023-09-03-at-22.31.16-1-1152x1536.jpeg 1152w, https:\/\/corocantabile.gal\/wp-content\/uploads\/2023\/09\/WhatsApp-Image-2023-09-03-at-22.31.16-1-690x920.jpeg 690w, https:\/\/corocantabile.gal\/wp-content\/uploads\/2023\/09\/WhatsApp-Image-2023-09-03-at-22.31.16-1.jpeg 1500w\" sizes=\"(max-width: 768px) 100vw, 768px\" \/><\/figure>\n<\/div>\n<\/div>\n\n<p>All\u00ed se uni\u00f3 al grupo<strong> Carlos<\/strong>, el padre de Pablo y Alejandro Ares, al que tenemos mucho que agradecerle ya que su llegada (y la de su coche) fue providencial.<\/p>\n\n<p>Por la tarde de ese mismo d\u00eda visitamos el centro de <strong>Oviedo<\/strong> e hicimos una<strong> visita guiada<\/strong>, en la cual aprendimos mucho de la ciudad. Como ya sab\u00e9is, somos gente ante todo <em>discreta<\/em>, as\u00ed que cuando termin\u00f3 la visita quisimos tener un peque\u00f1o detalle de agradeciemento con nuestra fant\u00e1stica gu\u00eda, e le cantamos&#8230; en la plaza de la catedral. Como dec\u00eda, gente <em>discreta<\/em>.&#13;\nY como nos sobr\u00f3 algo de tiempo, tambi\u00e9n aprovechamos para visitar alg\u00fan museo, degustar productos t\u00edpicos ovetenses, como las deliciosas moscovitas, o hacernos fotos con Mafalda. Por la noche, ya de vuelta en el seminario, toc\u00f3 otra noche de juegos y diversi\u00f3n hasta que acabamos agotados (ya sabe\u00e9is que no poden faltar las tradicionales partidas del lobo en los viajes Cantabile \ud83d\ude09).<\/p>\n<div class=\"wp-block-image\">\n<figure class=\"aligncenter size-large is-resized\"><img loading=\"lazy\" src=\"https:\/\/corocantabile.gal\/wp-content\/uploads\/2023\/09\/WhatsApp-Image-2023-09-02-at-19.35.18-1024x768.jpeg\" alt=\"\" class=\"wp-image-2573\" width=\"847\" height=\"635\" srcset=\"https:\/\/corocantabile.gal\/wp-content\/uploads\/2023\/09\/WhatsApp-Image-2023-09-02-at-19.35.18-1024x768.jpeg 1024w, https:\/\/corocantabile.gal\/wp-content\/uploads\/2023\/09\/WhatsApp-Image-2023-09-02-at-19.35.18-300x225.jpeg 300w, https:\/\/corocantabile.gal\/wp-content\/uploads\/2023\/09\/WhatsApp-Image-2023-09-02-at-19.35.18-768x576.jpeg 768w, https:\/\/corocantabile.gal\/wp-content\/uploads\/2023\/09\/WhatsApp-Image-2023-09-02-at-19.35.18-1536x1152.jpeg 1536w, https:\/\/corocantabile.gal\/wp-content\/uploads\/2023\/09\/WhatsApp-Image-2023-09-02-at-19.35.18-690x518.jpeg 690w, https:\/\/corocantabile.gal\/wp-content\/uploads\/2023\/09\/WhatsApp-Image-2023-09-02-at-19.35.18.jpeg 2048w\" sizes=\"(max-width: 847px) 100vw, 847px\" \/><figcaption>#pequescantabile, de izquierda a derecha: Paloma, Sof\u00eda, Alicia, Sabela, Sof\u00eda y Alejandro<\/figcaption><\/figure><\/div>\n<h3>Visita a Gij\u00f3n y Museo del ferrocarril.<\/h3>\n\n<p>Lo peor de los viajes de Cantabile&#8230; es que todos tiene que llegar a su fin. As\u00ed que a la ma\u00f1ana siguiente\u00a0 nos despertamos\u00a0 temprano y nos preparamos para o el pen\u00faltimo d\u00eda, en el que nos tocaba visitar Gij\u00f3n. No se puede visitar Asturias sin degustar uno de los platos m\u00e1s famosos de su gastronom\u00eda: el <em><strong>cachopo asturiano<\/strong><\/em>, as\u00ed que fuimos a una sidrer\u00eda a probalo.<\/p>\n<div class=\"wp-block-image\">\n<figure class=\"alignright size-large is-resized\"><img loading=\"lazy\" src=\"https:\/\/corocantabile.gal\/wp-content\/uploads\/2023\/09\/WhatsApp-Image-2023-09-03-at-23.23.35-1024x698.jpeg\" alt=\"\" class=\"wp-image-2610\" width=\"653\" height=\"444\" srcset=\"https:\/\/corocantabile.gal\/wp-content\/uploads\/2023\/09\/WhatsApp-Image-2023-09-03-at-23.23.35-1024x698.jpeg 1024w, https:\/\/corocantabile.gal\/wp-content\/uploads\/2023\/09\/WhatsApp-Image-2023-09-03-at-23.23.35-300x205.jpeg 300w, https:\/\/corocantabile.gal\/wp-content\/uploads\/2023\/09\/WhatsApp-Image-2023-09-03-at-23.23.35-1536x1047.jpeg 1536w, https:\/\/corocantabile.gal\/wp-content\/uploads\/2023\/09\/WhatsApp-Image-2023-09-03-at-23.23.35-690x470.jpeg 690w, https:\/\/corocantabile.gal\/wp-content\/uploads\/2023\/09\/WhatsApp-Image-2023-09-03-at-23.23.35.jpeg 1600w\" sizes=\"(max-width: 653px) 100vw, 653px\" \/><\/figure><\/div>\n<p>Tambi\u00e9n visitamos el <strong>Museo del Ferrocarril<\/strong>, situado en el hist\u00f3rico barrio obrero de Natahoyo. Tras ver la exposici\u00f3n y sacarnos fotos tan elegantes como la que os dejamos a continuaci\u00f3n, tuvimos la ocasi\u00f3n de poder disfrutar de las j<strong><em>ornadas de vapor<\/em><\/strong>, en las que montamos en aut\u00e9ntica locomotora de vapor!<\/p>\n\n<p>Y despu\u00e9s de las aventuras sobre ra\u00edles, intentamos ir a la playa&#8230;<\/p>\n\n<p>Decimos que <em>intentamos <\/em>ir a la playa, porque ciertamente el tempo no acompa\u00f1aba&#8230; aunque alg\u00fan que otro intr\u00e9pido y valeroso coralista se diese un chapuz\u00f3n. Para comer encargamos unas ricas pizzas, que bien nos las merec\u00edamos, y regresamos al seminario de Oviedo para pasar nuestra \u00faltima noche. Qu\u00e9 r\u00e1pido pasan los d\u00edas en los <em>#cantabileando<\/em>&#8230; Una pena, la verdad, porque nosotros nos qued\u00e1bamos encantad\u00edsimos por tierras asturianas otra semana m\u00e1s!&#13;\nJugamos el \u00faltimo <em>Lobo<\/em> del viaje y a la ma\u00f1ana siguiente nos despedimos de Oviedo visitando la maravillosa <strong>Catedral<\/strong> y su museo.<\/p>\n\n<p><\/p>\n\n<h3>Todo lo bueno tiene que terminar&#8230;<\/h3>\n\n<p>Encar\u00e1bamos la \u00faltima etapa de nuestro viaje, as\u00ed que pusimos rumbo a <strong>Cabo Pe\u00f1as<\/strong>, con sus enormes acantilados y sus incre\u00edbles vistas.<\/p>\n<div class=\"wp-block-image\">\n<figure class=\"aligncenter size-large is-resized\"><img loading=\"lazy\" src=\"https:\/\/corocantabile.gal\/wp-content\/uploads\/2023\/09\/WhatsApp-Image-2023-09-02-at-19.37.28-1024x768.jpeg\" alt=\"\" class=\"wp-image-2612\" width=\"865\" height=\"649\" srcset=\"https:\/\/corocantabile.gal\/wp-content\/uploads\/2023\/09\/WhatsApp-Image-2023-09-02-at-19.37.28-1024x768.jpeg 1024w, https:\/\/corocantabile.gal\/wp-content\/uploads\/2023\/09\/WhatsApp-Image-2023-09-02-at-19.37.28-300x225.jpeg 300w, https:\/\/corocantabile.gal\/wp-content\/uploads\/2023\/09\/WhatsApp-Image-2023-09-02-at-19.37.28-768x576.jpeg 768w, https:\/\/corocantabile.gal\/wp-content\/uploads\/2023\/09\/WhatsApp-Image-2023-09-02-at-19.37.28-1536x1152.jpeg 1536w, https:\/\/corocantabile.gal\/wp-content\/uploads\/2023\/09\/WhatsApp-Image-2023-09-02-at-19.37.28-690x518.jpeg 690w, https:\/\/corocantabile.gal\/wp-content\/uploads\/2023\/09\/WhatsApp-Image-2023-09-02-at-19.37.28.jpeg 1824w\" sizes=\"(max-width: 865px) 100vw, 865px\" \/><\/figure><\/div>\n<p>El viaje estaba a punto de terminar y a\u00fan no hab\u00edamos catado una aut\u00e9ntica fabada asturiana, y eso no pod\u00eda ser! As\u00ed que paramos en el restaurante Marisol, donde comimos una que estaba riqu\u00edsima. Adem\u00e1s, el lugar era de lo m\u00e1s pintoresco, xa que as paredes estaban repletas de cientos de relojes antiguos.<\/p>\n\n<p>Antes de partir definitivamente rumbo a Coru\u00f1a, pasamos por <strong>Luarca<\/strong>, un precioso pueblo marinero por el que paseamos, fuimos de compras, tomamos unos helados y donde tambi\u00e9n organizamos un divertido concurso de <em>memes<\/em>. En principio no era tem\u00e1tico&#8230; pero como ocurre muchas veces en la #familiacantabile, al final el protagonista y musa de este particular concurso no fue otro que o nuestro director, Pablo Carballido.<\/p>\n\n<p>Por la noche llegamos a Coru\u00f1a, cansados y algo tristes porque una vez m\u00e1s terminaba un <em><strong>Cantabileando<\/strong><\/em> lleno de emociones, compa\u00f1erismo y mucha, <strong>mucha diversi\u00f3n.<\/strong> Ya estamos esperando impacientes nuestro pr\u00f3ximo <em>#Cantabileando&#8230;<\/em><\/p>\n\n<p>Antes de terminar este blog y despedirnos, nos gustar\u00eda especialmente dar las <strong>gracias<\/strong> desde aqu\u00ed a <strong>Pepa<\/strong> y a Bel\u00e9n, que hicieron posible este <em>Cantabileando<\/em>, as\u00ed como a los dem\u00e1s miembros da junta directiva y, como no, a Pablo Carballido, que actu\u00f3 como director, gu\u00eda tur\u00edstico, animador&#8230;&#13;\nNo podemos despedirnos sin anunciar que <strong>comienza un nuevo curso en Cantabile,<\/strong> con nuevos <strong>proyectos<\/strong>, nuevos conciertos&#8230; y esperamos que tambi\u00e9n con <strong>nuevas voces en nuestra familia<\/strong>. En los pr\u00f3ximos d\u00edas tendr\u00e9is toda la info en nuestras redes sociales, pero podemos anunciar que abrimos la convocatoria para <strong>nuevas voces<\/strong>. Ensayamos todos los s\u00e1bados de 11 a 14 en nuestro local (Av. H\u00e9rcules, 57), as\u00ed que pod\u00e9is venir a conocernos cuando quer\u00e1is o mandarnos un mensaje a nuestro correo si quer\u00e9is m\u00e1s info: <a href=\"mailto:info@corocantabile.gal\" data-type=\"mailto\" data-id=\"mailto:info@corocantabile.gal\">info@corocantabile.gal<\/a>&#13;\nOs esperamos!<\/p>\n","protected":false},"excerpt":{"rendered":"<p>Buenas tardes, #familiacantabile. Llega septiembre y comienza un nuevo curso, un nuevo repertorio, nuevas incorporaciones&#8230;(hacemos aqu\u00ed una peque\u00f1a pausa publicitaria para recordar que siempre estamos buscando nuevas voces, as\u00ed que pod\u00e9is visitarnos en nuestro local [&hellip;]<\/p>\n","protected":false},"author":9,"featured_media":2613,"comment_status":"closed","ping_status":"closed","sticky":false,"template":"","format":"standard","meta":[],"categories":[80,67],"tags":[161,161,158,158,162,162,163,163],"jetpack_featured_media_url":"https:\/\/corocantabile.gal\/wp-content\/uploads\/2023\/09\/WhatsApp-Image-2023-09-02-at-19.37.28.jpeg","_links":{"self":[{"href":"https:\/\/corocantabile.gal\/es\/wp-json\/wp\/v2\/posts\/2615"}],"collection":[{"href":"https:\/\/corocantabile.gal\/es\/wp-json\/wp\/v2\/posts"}],"about":[{"href":"https:\/\/corocantabile.gal\/es\/wp-json\/wp\/v2\/types\/post"}],"author":[{"embeddable":true,"href":"https:\/\/corocantabile.gal\/es\/wp-json\/wp\/v2\/users\/9"}],"replies":[{"embeddable":true,"href":"https:\/\/corocantabile.gal\/es\/wp-json\/wp\/v2\/comments?post=2615"}],"version-history":[{"count":1,"href":"https:\/\/corocantabile.gal\/es\/wp-json\/wp\/v2\/posts\/2615\/revisions"}],"predecessor-version":[{"id":2625,"href":"https:\/\/corocantabile.gal\/es\/wp-json\/wp\/v2\/posts\/2615\/revisions\/2625"}],"wp:featuredmedia":[{"embeddable":true,"href":"https:\/\/corocantabile.gal\/es\/wp-json\/wp\/v2\/media\/2613"}],"wp:attachment":[{"href":"https:\/\/corocantabile.gal\/es\/wp-json\/wp\/v2\/media?parent=2615"}],"wp:term":[{"taxonomy":"category","embeddable":true,"href":"https:\/\/corocantabile.gal\/es\/wp-json\/wp\/v2\/categories?post=2615"},{"taxonomy":"post_tag","embeddable":true,"href":"https:\/\/corocantabile.gal\/es\/wp-json\/wp\/v2\/tags?post=2615"}],"curies":[{"name":"wp","href":"https:\/\/api.w.org\/{rel}","templated":true}]}}