{"id":2917,"date":"2024-01-16T18:20:28","date_gmt":"2024-01-16T18:20:28","guid":{"rendered":"https:\/\/corocantabile.gal\/un-resumo-do-nadalconcantabile\/"},"modified":"2024-01-16T19:50:33","modified_gmt":"2024-01-16T19:50:33","slug":"un-resumo-do-nadalconcantabile","status":"publish","type":"post","link":"https:\/\/corocantabile.gal\/es\/un-resumo-do-nadalconcantabile\/","title":{"rendered":"Un resumo do #nadalconcantabile"},"content":{"rendered":"\n<p>Bo d\u00eda\/tarde\/noite, #familiacantabile. O Nadal \u00e9 sempre unha \u00e9poca moi especial para n\u00f3s e este ano, se cabe, todav\u00eda m\u00e1is, xa que celebramos o noso Concerto de XXI Aniversario na Igrexa de San Nicol\u00e1s! Pero, comecemos polo principio&#8230;<\/p>\n\n\n\n<div class=\"wp-block-media-text is-stacked-on-mobile\" style=\"grid-template-columns:49% auto\"><figure class=\"wp-block-media-text__media\"><img loading=\"lazy\" width=\"1024\" height=\"683\" src=\"https:\/\/corocantabile.gal\/wp-content\/uploads\/2024\/01\/WhatsApp-Image-2024-01-16-at-13.07.51-1024x683.jpeg\" alt=\"\" class=\"wp-image-2867 size-full\" srcset=\"https:\/\/corocantabile.gal\/wp-content\/uploads\/2024\/01\/WhatsApp-Image-2024-01-16-at-13.07.51-1024x683.jpeg 1024w, https:\/\/corocantabile.gal\/wp-content\/uploads\/2024\/01\/WhatsApp-Image-2024-01-16-at-13.07.51-300x200.jpeg 300w, https:\/\/corocantabile.gal\/wp-content\/uploads\/2024\/01\/WhatsApp-Image-2024-01-16-at-13.07.51-768x512.jpeg 768w, https:\/\/corocantabile.gal\/wp-content\/uploads\/2024\/01\/WhatsApp-Image-2024-01-16-at-13.07.51-1536x1025.jpeg 1536w, https:\/\/corocantabile.gal\/wp-content\/uploads\/2024\/01\/WhatsApp-Image-2024-01-16-at-13.07.51-960x640.jpeg 960w, https:\/\/corocantabile.gal\/wp-content\/uploads\/2024\/01\/WhatsApp-Image-2024-01-16-at-13.07.51-615x410.jpeg 615w, https:\/\/corocantabile.gal\/wp-content\/uploads\/2024\/01\/WhatsApp-Image-2024-01-16-at-13.07.51-1290x860.jpeg 1290w, https:\/\/corocantabile.gal\/wp-content\/uploads\/2024\/01\/WhatsApp-Image-2024-01-16-at-13.07.51-690x460.jpeg 690w, https:\/\/corocantabile.gal\/wp-content\/uploads\/2024\/01\/WhatsApp-Image-2024-01-16-at-13.07.51.jpeg 2048w\" sizes=\"(max-width: 1024px) 100vw, 1024px\" \/><\/figure><div class=\"wp-block-media-text__content\">\n<p>Decembro \u00e9 un mes de tradici\u00f3ns tam\u00e9n para n\u00f3s as\u00ed que, como cada ano, comezamo-lo Nadal cantando na inauguraci\u00f3n do <strong>Bel\u00e9n <\/strong>Municipal no Pazo de Mar\u00eda Pita.<\/p>\n\n\n\n<p>As\u00ed que, dirixidos nesta ocasi\u00f3n polo noso querido Arsenio Keilin e tras rescatar os gorri\u00f1os de Pap\u00e1 Noel, comezamos decembro cantando as nosas panxoli\u00f1as favoritas.<\/p>\n<\/div><\/div>\n\n\n\n<p>Adem\u00e1is, este ano invit\u00e1ronnos a cantar no prendido de luces do<strong><em> <\/em><\/strong><em>Centro Comercial <strong>Cuatro Caminos<\/strong><\/em>, que estaba fermos\u00edsimo e adem\u00e1is o pasamos xenial.<\/p>\n\n\n\n<p>Chegamos \u00f3 noso concerto m\u00e1is especial do mes de decembro, o noso concerto de <strong>XXI Aniversario<\/strong>, que celebramos na Igrexa de San Nicol\u00e1s. Foi un concerto moi emotivo e emocionante e, adem\u00e1is, este ano o noso director decidiu cambiar un pouco o uniforme&#8230; Os humildes administradores que escriben este blog pensan que non podiamos ir m\u00e1is elegantes, mais xulgade v\u00f3s mesmos, porque deixamos aqu\u00ed as fotos:<\/p>\n\n\n\n<div class=\"wp-container-3 wp-block-columns\">\n<div class=\"wp-container-1 wp-block-column\"><div class=\"wp-block-image\">\n<figure class=\"aligncenter size-large is-resized\"><img loading=\"lazy\" src=\"https:\/\/corocantabile.gal\/wp-content\/uploads\/2024\/01\/WhatsApp-Image-2023-12-29-at-12.24.46-e1705426172168-967x1024.jpeg\" alt=\"\" class=\"wp-image-2886\" width=\"483\" height=\"511\" srcset=\"https:\/\/corocantabile.gal\/wp-content\/uploads\/2024\/01\/WhatsApp-Image-2023-12-29-at-12.24.46-e1705426172168-967x1024.jpeg 967w, https:\/\/corocantabile.gal\/wp-content\/uploads\/2024\/01\/WhatsApp-Image-2023-12-29-at-12.24.46-e1705426172168-283x300.jpeg 283w, https:\/\/corocantabile.gal\/wp-content\/uploads\/2024\/01\/WhatsApp-Image-2023-12-29-at-12.24.46-e1705426172168-768x814.jpeg 768w, https:\/\/corocantabile.gal\/wp-content\/uploads\/2024\/01\/WhatsApp-Image-2023-12-29-at-12.24.46-e1705426172168-690x731.jpeg 690w, https:\/\/corocantabile.gal\/wp-content\/uploads\/2024\/01\/WhatsApp-Image-2023-12-29-at-12.24.46-e1705426172168.jpeg 1198w\" sizes=\"(max-width: 483px) 100vw, 483px\" \/><\/figure><\/div><\/div>\n\n\n\n<div class=\"wp-container-2 wp-block-column\">\n<figure class=\"wp-block-image alignwide size-large\"><img loading=\"lazy\" width=\"1024\" height=\"1024\" src=\"https:\/\/corocantabile.gal\/wp-content\/uploads\/2024\/01\/WhatsApp-Image-2024-01-16-at-19.12.011-1024x1024.jpeg\" alt=\"\" class=\"wp-image-2913\" srcset=\"https:\/\/corocantabile.gal\/wp-content\/uploads\/2024\/01\/WhatsApp-Image-2024-01-16-at-19.12.011-1024x1024.jpeg 1024w, https:\/\/corocantabile.gal\/wp-content\/uploads\/2024\/01\/WhatsApp-Image-2024-01-16-at-19.12.011-300x300.jpeg 300w, https:\/\/corocantabile.gal\/wp-content\/uploads\/2024\/01\/WhatsApp-Image-2024-01-16-at-19.12.011-150x150.jpeg 150w, https:\/\/corocantabile.gal\/wp-content\/uploads\/2024\/01\/WhatsApp-Image-2024-01-16-at-19.12.011-768x768.jpeg 768w, https:\/\/corocantabile.gal\/wp-content\/uploads\/2024\/01\/WhatsApp-Image-2024-01-16-at-19.12.011-510x510.jpeg 510w, https:\/\/corocantabile.gal\/wp-content\/uploads\/2024\/01\/WhatsApp-Image-2024-01-16-at-19.12.011-160x160.jpeg 160w, https:\/\/corocantabile.gal\/wp-content\/uploads\/2024\/01\/WhatsApp-Image-2024-01-16-at-19.12.011-690x690.jpeg 690w, https:\/\/corocantabile.gal\/wp-content\/uploads\/2024\/01\/WhatsApp-Image-2024-01-16-at-19.12.011-560x560.jpeg 560w, https:\/\/corocantabile.gal\/wp-content\/uploads\/2024\/01\/WhatsApp-Image-2024-01-16-at-19.12.011.jpeg 1080w\" sizes=\"(max-width: 1024px) 100vw, 1024px\" \/><\/figure>\n<\/div>\n<\/div>\n\n\n\n<p>O d\u00eda 4 de xaneiro rematamo-los concertos navide\u00f1os acompa\u00f1ando aos maiores da <strong>Residencia Domusvi da Cidade vella<\/strong>, onde pasamos un rati\u00f1o estupendo cantando cuns agarimosos e agradecidos espectadores. Ese d\u00eda tivemos moita sorte, xa que o noso querido director e gu\u00eda favorito aproveitou, de cami\u00f1o pola Cidade Vella, para facernos de gu\u00eda e contarnos cousas moi interesantes das igrexas e outros edificios da cidade. E, non s\u00f3 iso, sen\u00f3n que, como \u00e9 amigo das monxas do <strong>Convento das B\u00e1rbaras<\/strong>, puidemos visitalas, pasar un rati\u00f1o con elas e tam\u00e9n cantarlles. (Que, por certo, elas tam\u00e9n cantaron e te\u00f1en unhas voces marabillosas!)<\/p>\n\n\n\n<div class=\"wp-container-6 wp-block-columns\">\n<div class=\"wp-container-5 wp-block-column\" style=\"flex-basis:100%\">\n<div class=\"wp-container-4 wp-block-group alignwide\"><div class=\"wp-block-group__inner-container\">\n<div class=\"wp-block-media-text alignwide is-stacked-on-mobile is-vertically-aligned-top\" style=\"grid-template-columns:51% auto\"><figure class=\"wp-block-media-text__media\"><img loading=\"lazy\" width=\"981\" height=\"1024\" src=\"https:\/\/corocantabile.gal\/wp-content\/uploads\/2024\/01\/Felicitacion-Nadal.jpg\" alt=\"\" class=\"wp-image-2872 size-full\" srcset=\"https:\/\/corocantabile.gal\/wp-content\/uploads\/2024\/01\/Felicitacion-Nadal.jpg 981w, https:\/\/corocantabile.gal\/wp-content\/uploads\/2024\/01\/Felicitacion-Nadal-287x300.jpg 287w, https:\/\/corocantabile.gal\/wp-content\/uploads\/2024\/01\/Felicitacion-Nadal-768x802.jpg 768w, https:\/\/corocantabile.gal\/wp-content\/uploads\/2024\/01\/Felicitacion-Nadal-690x720.jpg 690w\" sizes=\"(max-width: 981px) 100vw, 981px\" \/><\/figure><div class=\"wp-block-media-text__content\">\n<p>E, como non todo vai ser cantar, no Nadal tam\u00e9n organizamos unha morea de <strong>actividades<\/strong>: decoramo-lo local, fixemos o concurso de post\u00e1is (que ga\u00f1ou esta <strong>postal<\/strong> tan rechula de Clara Morgade), intercambiamo-los agasallos do amigo invisible&#8230;<\/p>\n\n\n\n<p>Non faltou tampouco o tradicional torneo de f\u00fatbol de Nadal no pavill\u00f3n de Monte Alto (e as pizzas de despois) o torneo de billar e o amigo invisible, onde houbo agasallos do m\u00e1is divertido.<\/p>\n<\/div><\/div>\n<\/div><\/div>\n<\/div>\n<\/div>\n\n\n\n<p>E, por \u00faltimo, no Nadal tam\u00e9n queremos apostar pola cultura e polo comercio local, as\u00ed que, rematamo-las festas con outra das nosas tradici\u00f3ns: o <em><strong>bono de nadal<\/strong><\/em>, co que agasallamos a todos e todas as coralistas cun bono para comprar un libro en diferentes librar\u00edas da cidade. Aqu\u00ed podedes ver alg\u00fans dos &#8220;tesouros&#8221; cos que se fixo a nosa rapazada!<\/p>\n\n\n<div class=\"wp-block-image\">\n<figure class=\"aligncenter size-large is-resized\"><img loading=\"lazy\" src=\"https:\/\/corocantabile.gal\/wp-content\/uploads\/2024\/01\/WhatsApp-Image-2024-01-16-at-18.49.31-1024x1024.jpeg\" alt=\"\" class=\"wp-image-2892\" width=\"545\" height=\"545\" srcset=\"https:\/\/corocantabile.gal\/wp-content\/uploads\/2024\/01\/WhatsApp-Image-2024-01-16-at-18.49.31-1024x1024.jpeg 1024w, https:\/\/corocantabile.gal\/wp-content\/uploads\/2024\/01\/WhatsApp-Image-2024-01-16-at-18.49.31-300x300.jpeg 300w, https:\/\/corocantabile.gal\/wp-content\/uploads\/2024\/01\/WhatsApp-Image-2024-01-16-at-18.49.31-150x150.jpeg 150w, https:\/\/corocantabile.gal\/wp-content\/uploads\/2024\/01\/WhatsApp-Image-2024-01-16-at-18.49.31-768x768.jpeg 768w, https:\/\/corocantabile.gal\/wp-content\/uploads\/2024\/01\/WhatsApp-Image-2024-01-16-at-18.49.31-510x510.jpeg 510w, https:\/\/corocantabile.gal\/wp-content\/uploads\/2024\/01\/WhatsApp-Image-2024-01-16-at-18.49.31-160x160.jpeg 160w, https:\/\/corocantabile.gal\/wp-content\/uploads\/2024\/01\/WhatsApp-Image-2024-01-16-at-18.49.31-690x690.jpeg 690w, https:\/\/corocantabile.gal\/wp-content\/uploads\/2024\/01\/WhatsApp-Image-2024-01-16-at-18.49.31-560x560.jpeg 560w, https:\/\/corocantabile.gal\/wp-content\/uploads\/2024\/01\/WhatsApp-Image-2024-01-16-at-18.49.31.jpeg 1080w\" sizes=\"(max-width: 545px) 100vw, 545px\" \/><\/figure><\/div>\n\n\n<p>E as\u00ed foi o noso Nadal. Cheo de m\u00fasica, cultura, xogos, solidariedade e amizade! Moitas grazas a todo-los que nos aompa\u00f1\u00e1chedes neste pasado ano 2023. Agora comezamos este 2024 cheos de enerx\u00eda e preparando novos proxectos para este ano, que ven con un mont\u00f3n de sorpresas&#8230;<\/p>\n\n\n\n<p><\/p>\n","protected":false},"excerpt":{"rendered":"<p>Bo d\u00eda\/tarde\/noite, #familiacantabile. O Nadal \u00e9 sempre unha \u00e9poca moi especial para n\u00f3s e este ano, se cabe, todav\u00eda m\u00e1is, xa que celebramos o noso Concerto de XXI Aniversario na Igrexa de San Nicol\u00e1s! Pero, [&hellip;]<\/p>\n","protected":false},"author":9,"featured_media":2870,"comment_status":"closed","ping_status":"closed","sticky":false,"template":"","format":"standard","meta":[],"categories":[80],"tags":[168,129,167,167],"jetpack_featured_media_url":"https:\/\/corocantabile.gal\/wp-content\/uploads\/2024\/01\/WhatsApp-Image-2024-01-16-at-13.26.15-e1705408151312.jpeg","_links":{"self":[{"href":"https:\/\/corocantabile.gal\/es\/wp-json\/wp\/v2\/posts\/2917"}],"collection":[{"href":"https:\/\/corocantabile.gal\/es\/wp-json\/wp\/v2\/posts"}],"about":[{"href":"https:\/\/corocantabile.gal\/es\/wp-json\/wp\/v2\/types\/post"}],"author":[{"embeddable":true,"href":"https:\/\/corocantabile.gal\/es\/wp-json\/wp\/v2\/users\/9"}],"replies":[{"embeddable":true,"href":"https:\/\/corocantabile.gal\/es\/wp-json\/wp\/v2\/comments?post=2917"}],"version-history":[{"count":1,"href":"https:\/\/corocantabile.gal\/es\/wp-json\/wp\/v2\/posts\/2917\/revisions"}],"predecessor-version":[{"id":2918,"href":"https:\/\/corocantabile.gal\/es\/wp-json\/wp\/v2\/posts\/2917\/revisions\/2918"}],"wp:featuredmedia":[{"embeddable":true,"href":"https:\/\/corocantabile.gal\/es\/wp-json\/wp\/v2\/media\/2870"}],"wp:attachment":[{"href":"https:\/\/corocantabile.gal\/es\/wp-json\/wp\/v2\/media?parent=2917"}],"wp:term":[{"taxonomy":"category","embeddable":true,"href":"https:\/\/corocantabile.gal\/es\/wp-json\/wp\/v2\/categories?post=2917"},{"taxonomy":"post_tag","embeddable":true,"href":"https:\/\/corocantabile.gal\/es\/wp-json\/wp\/v2\/tags?post=2917"}],"curies":[{"name":"wp","href":"https:\/\/api.w.org\/{rel}","templated":true}]}}