{"id":3067,"date":"2024-09-26T18:49:27","date_gmt":"2024-09-26T18:49:27","guid":{"rendered":"https:\/\/corocantabile.gal\/fin-de-curso-23-24-y-veranocantabile\/"},"modified":"2024-09-26T19:32:52","modified_gmt":"2024-09-26T19:32:52","slug":"fin-de-curso-23-24-y-veranocantabile","status":"publish","type":"post","link":"https:\/\/corocantabile.gal\/es\/fin-de-curso-23-24-y-veranocantabile\/","title":{"rendered":"Fin de curso 23\/24 y #veranocantabile"},"content":{"rendered":"\n<p>\u00a1Hola #familiacantabile! Despu\u00e9s de unas merecidas vacaciones volvemos a este nuestro blog para contaros las novedades de los \u00faltimos meses. Comenzando por el mes de mayo, este a\u00f1o celebramos el <strong>D\u00eda de las Letras Gallegas<\/strong> , dedicado a la coru\u00f1esa Lu\u00edsa Villalta, con un bonito concierto en el que hubo m\u00fasica, adem\u00e1s un peque\u00f1o recital po\u00e9tico por parte de nuestros coralistas.<br>Tambi\u00e9n tuvimos la oportunidad de participar en el <strong>D\u00eda Internacional de los Museos<\/strong> , celebrado en Santiago de Compostela, ya que fuimos invitados por el Museo de las Peregrinaciones a dar un peque\u00f1o concierto en los soportales de la Plaza de las Plater\u00edas.  <\/p>\n\n\n<div class=\"wp-block-image\">\n<figure class=\"aligncenter size-large is-resized\"><img loading=\"lazy\" src=\"https:\/\/corocantabile.gal\/wp-content\/uploads\/2024\/09\/Imagen-de-WhatsApp-2024-09-26-a-las-19.38.49_62869088-1024x768.jpg\" alt=\"\" class=\"wp-image-3032\" width=\"702\" height=\"527\" srcset=\"https:\/\/corocantabile.gal\/wp-content\/uploads\/2024\/09\/Imagen-de-WhatsApp-2024-09-26-a-las-19.38.49_62869088-1024x768.jpg 1024w, https:\/\/corocantabile.gal\/wp-content\/uploads\/2024\/09\/Imagen-de-WhatsApp-2024-09-26-a-las-19.38.49_62869088-300x225.jpg 300w, https:\/\/corocantabile.gal\/wp-content\/uploads\/2024\/09\/Imagen-de-WhatsApp-2024-09-26-a-las-19.38.49_62869088-768x576.jpg 768w, https:\/\/corocantabile.gal\/wp-content\/uploads\/2024\/09\/Imagen-de-WhatsApp-2024-09-26-a-las-19.38.49_62869088-1536x1152.jpg 1536w, https:\/\/corocantabile.gal\/wp-content\/uploads\/2024\/09\/Imagen-de-WhatsApp-2024-09-26-a-las-19.38.49_62869088-690x518.jpg 690w, https:\/\/corocantabile.gal\/wp-content\/uploads\/2024\/09\/Imagen-de-WhatsApp-2024-09-26-a-las-19.38.49_62869088.jpg 1600w\" sizes=\"(max-width: 702px) 100vw, 702px\" \/><figcaption><em>Coro Cantabile<\/em> , Santiago de Compostela. Mayo 2024 <\/figcaption><\/figure><\/div>\n\n\n<p>Como no todo va a ser cantar, en el mes de junio celebramos el tradicional <strong>Concierto de Solistas<\/strong> . Podr\u00edais decir que nos falta parcialidad (y estar\u00edais en lo cierto), pero no podemos estar m\u00e1s orgullosos y felices de poder disfrutar del trabajo, talento y esfuerzo de los incre\u00edbles artistas de nuestra #familiacantabile. <\/p>\n\n\n\n<figure class=\"wp-container-2 wp-block-gallery-1 wp-block-gallery has-nested-images columns-default is-cropped\">\n<figure class=\"wp-block-image size-large\"><img loading=\"lazy\" width=\"1537\" height=\"2048\" data-id=\"3044\"  src=\"https:\/\/corocantabile.gal\/wp-content\/uploads\/2024\/09\/solistas2.jpg\" alt=\"\" class=\"wp-image-3044\" srcset=\"https:\/\/corocantabile.gal\/wp-content\/uploads\/2024\/09\/solistas2.jpg 1537w, https:\/\/corocantabile.gal\/wp-content\/uploads\/2024\/09\/solistas2-225x300.jpg 225w, https:\/\/corocantabile.gal\/wp-content\/uploads\/2024\/09\/solistas2-769x1024.jpg 769w, https:\/\/corocantabile.gal\/wp-content\/uploads\/2024\/09\/solistas2-768x1023.jpg 768w, https:\/\/corocantabile.gal\/wp-content\/uploads\/2024\/09\/solistas2-1153x1536.jpg 1153w, https:\/\/corocantabile.gal\/wp-content\/uploads\/2024\/09\/solistas2-690x919.jpg 690w\" sizes=\"(max-width: 1537px) 100vw, 1537px\" \/><\/figure>\n\n\n\n<figure class=\"wp-block-image size-large\"><img loading=\"lazy\" width=\"1537\" height=\"2048\" data-id=\"3046\"  src=\"https:\/\/corocantabile.gal\/wp-content\/uploads\/2024\/09\/solistas3.jpg\" alt=\"\" class=\"wp-image-3046\" srcset=\"https:\/\/corocantabile.gal\/wp-content\/uploads\/2024\/09\/solistas3.jpg 1537w, https:\/\/corocantabile.gal\/wp-content\/uploads\/2024\/09\/solistas3-225x300.jpg 225w, https:\/\/corocantabile.gal\/wp-content\/uploads\/2024\/09\/solistas3-769x1024.jpg 769w, https:\/\/corocantabile.gal\/wp-content\/uploads\/2024\/09\/solistas3-768x1023.jpg 768w, https:\/\/corocantabile.gal\/wp-content\/uploads\/2024\/09\/solistas3-1153x1536.jpg 1153w, https:\/\/corocantabile.gal\/wp-content\/uploads\/2024\/09\/solistas3-690x919.jpg 690w\" sizes=\"(max-width: 1537px) 100vw, 1537px\" \/><\/figure>\n\n\n\n<figure class=\"wp-block-image size-large\"><img loading=\"lazy\" width=\"1536\" height=\"2048\" data-id=\"3034\"  src=\"https:\/\/corocantabile.gal\/wp-content\/uploads\/2024\/09\/ines-solistas.jpg\" alt=\"\" class=\"wp-image-3034\" srcset=\"https:\/\/corocantabile.gal\/wp-content\/uploads\/2024\/09\/ines-solistas.jpg 1536w, https:\/\/corocantabile.gal\/wp-content\/uploads\/2024\/09\/ines-solistas-225x300.jpg 225w, https:\/\/corocantabile.gal\/wp-content\/uploads\/2024\/09\/ines-solistas-768x1024.jpg 768w, https:\/\/corocantabile.gal\/wp-content\/uploads\/2024\/09\/ines-solistas-1152x1536.jpg 1152w, https:\/\/corocantabile.gal\/wp-content\/uploads\/2024\/09\/ines-solistas-690x920.jpg 690w\" sizes=\"(max-width: 1536px) 100vw, 1536px\" \/><\/figure>\n\n\n\n<figure class=\"wp-block-image size-large\"><img loading=\"lazy\" width=\"1536\" height=\"2048\" data-id=\"3038\"  src=\"https:\/\/corocantabile.gal\/wp-content\/uploads\/2024\/09\/romeu-solistas.jpg\" alt=\"\" class=\"wp-image-3038\" srcset=\"https:\/\/corocantabile.gal\/wp-content\/uploads\/2024\/09\/romeu-solistas.jpg 1536w, https:\/\/corocantabile.gal\/wp-content\/uploads\/2024\/09\/romeu-solistas-225x300.jpg 225w, https:\/\/corocantabile.gal\/wp-content\/uploads\/2024\/09\/romeu-solistas-768x1024.jpg 768w, https:\/\/corocantabile.gal\/wp-content\/uploads\/2024\/09\/romeu-solistas-1152x1536.jpg 1152w, https:\/\/corocantabile.gal\/wp-content\/uploads\/2024\/09\/romeu-solistas-690x920.jpg 690w\" sizes=\"(max-width: 1536px) 100vw, 1536px\" \/><\/figure>\n\n\n\n<figure class=\"wp-block-image size-large\"><img loading=\"lazy\" width=\"768\" height=\"1024\" data-id=\"3036\"  src=\"https:\/\/corocantabile.gal\/wp-content\/uploads\/2024\/09\/marina-solistas-768x1024.jpg\" alt=\"\" class=\"wp-image-3036\" srcset=\"https:\/\/corocantabile.gal\/wp-content\/uploads\/2024\/09\/marina-solistas-768x1024.jpg 768w, https:\/\/corocantabile.gal\/wp-content\/uploads\/2024\/09\/marina-solistas-225x300.jpg 225w, https:\/\/corocantabile.gal\/wp-content\/uploads\/2024\/09\/marina-solistas-1152x1536.jpg 1152w, https:\/\/corocantabile.gal\/wp-content\/uploads\/2024\/09\/marina-solistas-690x920.jpg 690w, https:\/\/corocantabile.gal\/wp-content\/uploads\/2024\/09\/marina-solistas.jpg 1536w\" sizes=\"(max-width: 768px) 100vw, 768px\" \/><\/figure>\n\n\n\n<figure class=\"wp-block-image size-large\"><img loading=\"lazy\" width=\"1536\" height=\"2048\" data-id=\"3042\"  src=\"https:\/\/corocantabile.gal\/wp-content\/uploads\/2024\/09\/solistas.jpg\" alt=\"\" class=\"wp-image-3042\" srcset=\"https:\/\/corocantabile.gal\/wp-content\/uploads\/2024\/09\/solistas.jpg 1536w, https:\/\/corocantabile.gal\/wp-content\/uploads\/2024\/09\/solistas-225x300.jpg 225w, https:\/\/corocantabile.gal\/wp-content\/uploads\/2024\/09\/solistas-768x1024.jpg 768w, https:\/\/corocantabile.gal\/wp-content\/uploads\/2024\/09\/solistas-1152x1536.jpg 1152w, https:\/\/corocantabile.gal\/wp-content\/uploads\/2024\/09\/solistas-690x920.jpg 690w\" sizes=\"(max-width: 1536px) 100vw, 1536px\" \/><\/figure>\n<\/figure>\n\n\n\n<p>En julio &#8220;re-estrenamos&#8221;, por as\u00ed decirlo, un trabajo muy especial para Cantabile. All\u00e1 por 2007, cuando <em>Cantabile<\/em> ten\u00eda solo cinco a\u00f1itos de vida, nos embarcamos en el proyecto de grabar un \u00e1lbum dedicado a la m\u00fasica sacra coral de Antonio Vivaldi [\u00e1lbum que pod\u00e9is encontrar en nuestra fabulosa cuenta <a rel=\"noreferrer noopener\" href=\"https:\/\/open.spotify.com\/intl-es\/artist\/2GMdhPpx1Dx9nrTWARTBkA?si=yCPS36peSxqCfaAYPfLpFQ\" target=\"_blank\"><strong>de Spotify<\/strong><\/a> . Si a\u00fan no la segu\u00eds, no s\u00e9 a qu\u00e9 est\u00e1is esperando, ciertamente&#8230; :)]. Entre otros trabajos, en aquella \u00e9poca grabamos el    <em>Gloria RV. 589 <\/em>.<br>Este a\u00f1o no volvimos a grabar el <strong>Gloria<\/strong> , pero s\u00ed hicimos varios conciertos interpretando la obra. El primero en la Iglesia de Santiago el pasado mes de julio, donde tuvimos la suerte de estar acompa\u00f1ados por unos m\u00fasicos excepcionales (a los que, da la casualidad, tambi\u00e9n tenemos mucho cari\u00f1o): Enrique Iglesias y \u00c1ngel Marote a los violines, Gregorio Keilin al violonchelo, nuestro querido Alberto Migu\u00e9lez en el \u00f3rgano y Alejandro Pecorelli en el oboe. <\/p>\n\n\n\n<p>En julio tambi\u00e9n hicimos nuestro <strong>Cantabileando 2024<\/strong> , esta vez por tierras gallegas y portuguesas. Por primera vez nos hospedamos en un camping y fue una experiencia que nos encant\u00f3. Pasamos 5 d\u00edas en los que hicimos <strong>de todo<\/strong> : visitamos el Monte de Santa Tegra, cantamos el Gloria de Vivaldi en la iglesia de S. Francisco de Tui, jugamos a nuestro juego favorito, el lobo, y, en definitiva, todos disfrutamos de grandes momentos muy divertidos (\u00a1c\u00f3mo olvidar el murci\u00e9lago de Pablo en Valen\u00e7a!&#8230;)  <\/p>\n\n\n<div class=\"wp-block-image\">\n<figure class=\"aligncenter size-large is-resized\"><img loading=\"lazy\" src=\"https:\/\/corocantabile.gal\/wp-content\/uploads\/2024\/09\/Imagen-de-WhatsApp-2024-09-26-a-las-20.36.21_501d25b8-1024x461.jpg\" alt=\"\" class=\"wp-image-3048\" width=\"754\" height=\"339\" srcset=\"https:\/\/corocantabile.gal\/wp-content\/uploads\/2024\/09\/Imagen-de-WhatsApp-2024-09-26-a-las-20.36.21_501d25b8-1024x461.jpg 1024w, https:\/\/corocantabile.gal\/wp-content\/uploads\/2024\/09\/Imagen-de-WhatsApp-2024-09-26-a-las-20.36.21_501d25b8-300x135.jpg 300w, https:\/\/corocantabile.gal\/wp-content\/uploads\/2024\/09\/Imagen-de-WhatsApp-2024-09-26-a-las-20.36.21_501d25b8-768x346.jpg 768w, https:\/\/corocantabile.gal\/wp-content\/uploads\/2024\/09\/Imagen-de-WhatsApp-2024-09-26-a-las-20.36.21_501d25b8-1536x691.jpg 1536w, https:\/\/corocantabile.gal\/wp-content\/uploads\/2024\/09\/Imagen-de-WhatsApp-2024-09-26-a-las-20.36.21_501d25b8-690x311.jpg 690w, https:\/\/corocantabile.gal\/wp-content\/uploads\/2024\/09\/Imagen-de-WhatsApp-2024-09-26-a-las-20.36.21_501d25b8.jpg 1600w\" sizes=\"(max-width: 754px) 100vw, 754px\" \/><figcaption>#Cantabileando24\u00b4<\/figcaption><\/figure><\/div>\n\n\n<div class=\"wp-container-6 wp-block-columns\">\n<div class=\"wp-container-3 wp-block-column\">\n<figure class=\"wp-block-image size-large\"><img loading=\"lazy\" width=\"1024\" height=\"768\" src=\"https:\/\/corocantabile.gal\/wp-content\/uploads\/2024\/09\/Imagen-de-WhatsApp-2024-09-26-a-las-20.36.21_916ed570-1-1024x768.jpg\" alt=\"\" class=\"wp-image-3058\" srcset=\"https:\/\/corocantabile.gal\/wp-content\/uploads\/2024\/09\/Imagen-de-WhatsApp-2024-09-26-a-las-20.36.21_916ed570-1-1024x768.jpg 1024w, https:\/\/corocantabile.gal\/wp-content\/uploads\/2024\/09\/Imagen-de-WhatsApp-2024-09-26-a-las-20.36.21_916ed570-1-300x225.jpg 300w, https:\/\/corocantabile.gal\/wp-content\/uploads\/2024\/09\/Imagen-de-WhatsApp-2024-09-26-a-las-20.36.21_916ed570-1-768x576.jpg 768w, https:\/\/corocantabile.gal\/wp-content\/uploads\/2024\/09\/Imagen-de-WhatsApp-2024-09-26-a-las-20.36.21_916ed570-1-1536x1152.jpg 1536w, https:\/\/corocantabile.gal\/wp-content\/uploads\/2024\/09\/Imagen-de-WhatsApp-2024-09-26-a-las-20.36.21_916ed570-1-690x518.jpg 690w, https:\/\/corocantabile.gal\/wp-content\/uploads\/2024\/09\/Imagen-de-WhatsApp-2024-09-26-a-las-20.36.21_916ed570-1.jpg 1600w\" sizes=\"(max-width: 1024px) 100vw, 1024px\" \/><\/figure>\n<\/div>\n\n\n\n<div class=\"wp-container-4 wp-block-column\">\n<figure class=\"wp-block-image size-large is-resized\"><img loading=\"lazy\" src=\"https:\/\/corocantabile.gal\/wp-content\/uploads\/2024\/09\/Imagen-de-WhatsApp-2024-09-26-a-las-20.36.21_391e561d-1-1024x461.jpg\" alt=\"\" class=\"wp-image-3060\" width=\"291\" height=\"131\" srcset=\"https:\/\/corocantabile.gal\/wp-content\/uploads\/2024\/09\/Imagen-de-WhatsApp-2024-09-26-a-las-20.36.21_391e561d-1-1024x461.jpg 1024w, https:\/\/corocantabile.gal\/wp-content\/uploads\/2024\/09\/Imagen-de-WhatsApp-2024-09-26-a-las-20.36.21_391e561d-1-300x135.jpg 300w, https:\/\/corocantabile.gal\/wp-content\/uploads\/2024\/09\/Imagen-de-WhatsApp-2024-09-26-a-las-20.36.21_391e561d-1-768x346.jpg 768w, https:\/\/corocantabile.gal\/wp-content\/uploads\/2024\/09\/Imagen-de-WhatsApp-2024-09-26-a-las-20.36.21_391e561d-1-1536x691.jpg 1536w, https:\/\/corocantabile.gal\/wp-content\/uploads\/2024\/09\/Imagen-de-WhatsApp-2024-09-26-a-las-20.36.21_391e561d-1-690x311.jpg 690w, https:\/\/corocantabile.gal\/wp-content\/uploads\/2024\/09\/Imagen-de-WhatsApp-2024-09-26-a-las-20.36.21_391e561d-1.jpg 1600w\" sizes=\"(max-width: 291px) 100vw, 291px\" \/><\/figure>\n<\/div>\n\n\n\n<div class=\"wp-container-5 wp-block-column\">\n<figure class=\"wp-block-image size-large\"><img loading=\"lazy\" width=\"1024\" height=\"768\" src=\"https:\/\/corocantabile.gal\/wp-content\/uploads\/2024\/09\/Imagen-de-WhatsApp-2024-09-26-a-las-20.36.21_4bb3633b-1024x768.jpg\" alt=\"\" class=\"wp-image-3056\" srcset=\"https:\/\/corocantabile.gal\/wp-content\/uploads\/2024\/09\/Imagen-de-WhatsApp-2024-09-26-a-las-20.36.21_4bb3633b-1024x768.jpg 1024w, https:\/\/corocantabile.gal\/wp-content\/uploads\/2024\/09\/Imagen-de-WhatsApp-2024-09-26-a-las-20.36.21_4bb3633b-300x225.jpg 300w, https:\/\/corocantabile.gal\/wp-content\/uploads\/2024\/09\/Imagen-de-WhatsApp-2024-09-26-a-las-20.36.21_4bb3633b-768x576.jpg 768w, https:\/\/corocantabile.gal\/wp-content\/uploads\/2024\/09\/Imagen-de-WhatsApp-2024-09-26-a-las-20.36.21_4bb3633b-1536x1152.jpg 1536w, https:\/\/corocantabile.gal\/wp-content\/uploads\/2024\/09\/Imagen-de-WhatsApp-2024-09-26-a-las-20.36.21_4bb3633b-690x518.jpg 690w, https:\/\/corocantabile.gal\/wp-content\/uploads\/2024\/09\/Imagen-de-WhatsApp-2024-09-26-a-las-20.36.21_4bb3633b.jpg 1600w\" sizes=\"(max-width: 1024px) 100vw, 1024px\" \/><\/figure>\n<\/div>\n<\/div>\n\n\n\n<p>Al final del viaje nos esperaban los ensayos de <strong><em>Boh\u00e8me<\/em><\/strong> con nuestro <em>#teamparpignol<\/em> , los m\u00e1s peques del coro. Fueron d\u00edas de mucho trabajo, pero el resultado fue fant\u00e1stico y la experiencia incre\u00edble!  <\/p>\n\n\n\n<div class=\"wp-container-9 wp-block-columns\">\n<div class=\"wp-container-7 wp-block-column\">\n<figure class=\"wp-block-image size-large\"><img loading=\"lazy\" width=\"1024\" height=\"682\" src=\"https:\/\/corocantabile.gal\/wp-content\/uploads\/2024\/09\/Imagen-de-WhatsApp-2024-09-26-a-las-19.37.10_cf4c8e12-1024x682.jpg\" alt=\"\" class=\"wp-image-3028\" srcset=\"https:\/\/corocantabile.gal\/wp-content\/uploads\/2024\/09\/Imagen-de-WhatsApp-2024-09-26-a-las-19.37.10_cf4c8e12-1024x682.jpg 1024w, https:\/\/corocantabile.gal\/wp-content\/uploads\/2024\/09\/Imagen-de-WhatsApp-2024-09-26-a-las-19.37.10_cf4c8e12-300x200.jpg 300w, https:\/\/corocantabile.gal\/wp-content\/uploads\/2024\/09\/Imagen-de-WhatsApp-2024-09-26-a-las-19.37.10_cf4c8e12-768x512.jpg 768w, https:\/\/corocantabile.gal\/wp-content\/uploads\/2024\/09\/Imagen-de-WhatsApp-2024-09-26-a-las-19.37.10_cf4c8e12-1536x1023.jpg 1536w, https:\/\/corocantabile.gal\/wp-content\/uploads\/2024\/09\/Imagen-de-WhatsApp-2024-09-26-a-las-19.37.10_cf4c8e12-960x640.jpg 960w, https:\/\/corocantabile.gal\/wp-content\/uploads\/2024\/09\/Imagen-de-WhatsApp-2024-09-26-a-las-19.37.10_cf4c8e12-615x410.jpg 615w, https:\/\/corocantabile.gal\/wp-content\/uploads\/2024\/09\/Imagen-de-WhatsApp-2024-09-26-a-las-19.37.10_cf4c8e12-1290x860.jpg 1290w, https:\/\/corocantabile.gal\/wp-content\/uploads\/2024\/09\/Imagen-de-WhatsApp-2024-09-26-a-las-19.37.10_cf4c8e12-690x460.jpg 690w, https:\/\/corocantabile.gal\/wp-content\/uploads\/2024\/09\/Imagen-de-WhatsApp-2024-09-26-a-las-19.37.10_cf4c8e12.jpg 1600w\" sizes=\"(max-width: 1024px) 100vw, 1024px\" \/><\/figure>\n<\/div>\n\n\n\n<div class=\"wp-container-8 wp-block-column\">\n<figure class=\"wp-block-image size-large\"><img loading=\"lazy\" width=\"1024\" height=\"682\" src=\"https:\/\/corocantabile.gal\/wp-content\/uploads\/2024\/09\/Imagen-de-WhatsApp-2024-09-26-a-las-19.37.10_ffc10d11-1024x682.jpg\" alt=\"\" class=\"wp-image-3030\" srcset=\"https:\/\/corocantabile.gal\/wp-content\/uploads\/2024\/09\/Imagen-de-WhatsApp-2024-09-26-a-las-19.37.10_ffc10d11-1024x682.jpg 1024w, https:\/\/corocantabile.gal\/wp-content\/uploads\/2024\/09\/Imagen-de-WhatsApp-2024-09-26-a-las-19.37.10_ffc10d11-300x200.jpg 300w, https:\/\/corocantabile.gal\/wp-content\/uploads\/2024\/09\/Imagen-de-WhatsApp-2024-09-26-a-las-19.37.10_ffc10d11-768x512.jpg 768w, https:\/\/corocantabile.gal\/wp-content\/uploads\/2024\/09\/Imagen-de-WhatsApp-2024-09-26-a-las-19.37.10_ffc10d11-1536x1023.jpg 1536w, https:\/\/corocantabile.gal\/wp-content\/uploads\/2024\/09\/Imagen-de-WhatsApp-2024-09-26-a-las-19.37.10_ffc10d11-960x640.jpg 960w, https:\/\/corocantabile.gal\/wp-content\/uploads\/2024\/09\/Imagen-de-WhatsApp-2024-09-26-a-las-19.37.10_ffc10d11-615x410.jpg 615w, https:\/\/corocantabile.gal\/wp-content\/uploads\/2024\/09\/Imagen-de-WhatsApp-2024-09-26-a-las-19.37.10_ffc10d11-1290x860.jpg 1290w, https:\/\/corocantabile.gal\/wp-content\/uploads\/2024\/09\/Imagen-de-WhatsApp-2024-09-26-a-las-19.37.10_ffc10d11-690x460.jpg 690w, https:\/\/corocantabile.gal\/wp-content\/uploads\/2024\/09\/Imagen-de-WhatsApp-2024-09-26-a-las-19.37.10_ffc10d11.jpg 1600w\" sizes=\"(max-width: 1024px) 100vw, 1024px\" \/><\/figure>\n<\/div>\n<\/div>\n\n\n\n<p>Y hasta aqu\u00ed el resumen de estos \u00faltimos meses. Ahora iniciamos el nuevo curso <em>a tope<\/em> con nuevos proyectos para el pr\u00f3ximo 2025.  <\/p>\n\n\n\n<p>Pd: estamos buscando gente, como cada a\u00f1o. Septiembre, campa\u00f1a de <em>captaci\u00f3n<\/em> de nuevas voces, blablabla&#8230; ya sab\u00e9is \ud83d\ude42 Si quer\u00e9is uniros a la #familiacantabile, pod\u00e9is enviarnos un correo electr\u00f3nico a: <strong>info@corocantabile.gal<\/strong> <\/p>\n","protected":false},"excerpt":{"rendered":"<p>\u00a1Hola #familiacantabile! Despu\u00e9s de unas merecidas vacaciones volvemos a este nuestro blog para contaros las novedades de los \u00faltimos meses. Comenzando por el mes de mayo, este a\u00f1o celebramos el D\u00eda de las Letras Gallegas [&hellip;]<\/p>\n","protected":false},"author":9,"featured_media":3064,"comment_status":"closed","ping_status":"closed","sticky":false,"template":"","format":"standard","meta":[],"categories":[80,67],"tags":[174,173,154,172],"jetpack_featured_media_url":"https:\/\/corocantabile.gal\/wp-content\/uploads\/2024\/09\/DSC01763-scaled.jpg","_links":{"self":[{"href":"https:\/\/corocantabile.gal\/es\/wp-json\/wp\/v2\/posts\/3067"}],"collection":[{"href":"https:\/\/corocantabile.gal\/es\/wp-json\/wp\/v2\/posts"}],"about":[{"href":"https:\/\/corocantabile.gal\/es\/wp-json\/wp\/v2\/types\/post"}],"author":[{"embeddable":true,"href":"https:\/\/corocantabile.gal\/es\/wp-json\/wp\/v2\/users\/9"}],"replies":[{"embeddable":true,"href":"https:\/\/corocantabile.gal\/es\/wp-json\/wp\/v2\/comments?post=3067"}],"version-history":[{"count":1,"href":"https:\/\/corocantabile.gal\/es\/wp-json\/wp\/v2\/posts\/3067\/revisions"}],"predecessor-version":[{"id":3071,"href":"https:\/\/corocantabile.gal\/es\/wp-json\/wp\/v2\/posts\/3067\/revisions\/3071"}],"wp:featuredmedia":[{"embeddable":true,"href":"https:\/\/corocantabile.gal\/es\/wp-json\/wp\/v2\/media\/3064"}],"wp:attachment":[{"href":"https:\/\/corocantabile.gal\/es\/wp-json\/wp\/v2\/media?parent=3067"}],"wp:term":[{"taxonomy":"category","embeddable":true,"href":"https:\/\/corocantabile.gal\/es\/wp-json\/wp\/v2\/categories?post=3067"},{"taxonomy":"post_tag","embeddable":true,"href":"https:\/\/corocantabile.gal\/es\/wp-json\/wp\/v2\/tags?post=3067"}],"curies":[{"name":"wp","href":"https:\/\/api.w.org\/{rel}","templated":true}]}}