{"id":3213,"date":"2025-01-28T17:02:03","date_gmt":"2025-01-28T17:02:03","guid":{"rendered":"https:\/\/corocantabile.gal\/?p=3213"},"modified":"2025-01-28T17:08:01","modified_gmt":"2025-01-28T17:08:01","slug":"un-resumo-do-nadalcantabile","status":"publish","type":"post","link":"https:\/\/corocantabile.gal\/es\/un-resumo-do-nadalcantabile\/","title":{"rendered":"Un resumo do #nadalcantabile"},"content":{"rendered":"\n<p>Boas #familiacantabile. Procedemos a actualizar o blog, esta vez cun resumo de finais do 2024 e os inicios do novo ano.<\/p>\n\n\n\n<p>Comezamo-lo mes de decembro cun pequeno agasallo para todos v\u00f3s, para desfrutar das festas con boa m\u00fasica, subindo a Spotify o noso traballo&nbsp;<em><strong>Vinde ve-lo neno! Nadal con Cantabile<\/strong>. <\/em>O disco, que gravamos con moita ilusi\u00f3n no ano 2013, recolle arranxos cor\u00e1is dalgunhas das panxoli\u00f1as galegas m\u00e1is co\u00f1ecidas. Coma a admin xa aprendeu a incrustar ligaz\u00f3ns sen romper o blog, deix\u00e1mosvos aqu\u00ed abaixo a <em>playlist<\/em> para que a desfrutedes \ud83d\ude42<\/p>\n\n\n\n<figure class=\"wp-block-embed is-type-rich is-provider-spotify wp-block-embed-spotify wp-embed-aspect-21-9 wp-has-aspect-ratio\"><div class=\"wp-block-embed__wrapper\">\n<iframe title=\"Spotify Embed: Vinde ve-lo neno! Nadal con Cantabile\" style=\"border-radius: 12px\" width=\"100%\" height=\"352\" frameborder=\"0\" allowfullscreen allow=\"autoplay; clipboard-write; encrypted-media; fullscreen; picture-in-picture\" loading=\"lazy\" src=\"https:\/\/open.spotify.com\/embed\/album\/2ylCkWwKfog2dzYkP1LAUM?si=xTnouXbtQsi4eV-lhc5jzw&#038;utm_source=oembed\"><\/iframe>\n<\/div><\/figure>\n\n\n\n<div class=\"wp-container-3 wp-block-columns are-vertically-aligned-center\">\n<div class=\"wp-container-1 wp-block-column is-vertically-aligned-center\">\n<figure class=\"wp-block-image size-large is-resized\"><img loading=\"lazy\" src=\"https:\/\/corocantabile.gal\/wp-content\/uploads\/2025\/01\/belen-municipal-1-1024x683.jpg\" alt=\"\" class=\"wp-image-3220\" width=\"450\" height=\"299\" srcset=\"https:\/\/corocantabile.gal\/wp-content\/uploads\/2025\/01\/belen-municipal-1-1024x683.jpg 1024w, https:\/\/corocantabile.gal\/wp-content\/uploads\/2025\/01\/belen-municipal-1-300x200.jpg 300w, https:\/\/corocantabile.gal\/wp-content\/uploads\/2025\/01\/belen-municipal-1-768x512.jpg 768w, https:\/\/corocantabile.gal\/wp-content\/uploads\/2025\/01\/belen-municipal-1-1536x1025.jpg 1536w, https:\/\/corocantabile.gal\/wp-content\/uploads\/2025\/01\/belen-municipal-1-960x640.jpg 960w, https:\/\/corocantabile.gal\/wp-content\/uploads\/2025\/01\/belen-municipal-1-615x410.jpg 615w, https:\/\/corocantabile.gal\/wp-content\/uploads\/2025\/01\/belen-municipal-1-1290x860.jpg 1290w, https:\/\/corocantabile.gal\/wp-content\/uploads\/2025\/01\/belen-municipal-1-690x460.jpg 690w, https:\/\/corocantabile.gal\/wp-content\/uploads\/2025\/01\/belen-municipal-1.jpg 2048w\" sizes=\"(max-width: 450px) 100vw, 450px\" \/><figcaption>Inauguraci\u00f3n do Nacemento Municipal. 13\/12\/2024<\/figcaption><\/figure>\n<\/div>\n\n\n\n<div class=\"wp-container-2 wp-block-column is-vertically-aligned-center\">\n<p>Tam\u00e9n participamos, coma xa \u00e9 tradici\u00f3n, na inauguraci\u00f3n do <strong>Nacemento art\u00edstico Municipal<\/strong> do Concello. Nesta ocasi\u00f3n, por cuesti\u00f3ns de axenda,&nbsp;Pablo non puido dirixir as\u00ed que, baixo a batuta de Ant\u00f3n, cantamos: <em>Vamos Cantando<\/em>, <em>Panxoli\u00f1a da sorrisa da Virxe<\/em> e <em>Adeste Fideles<\/em>.<br><br>Adem\u00e1is, o nacemento desta edici\u00f3n estivo cheo de m\u00fasica, e non s\u00f3 pola nosa parte, xa que este ano engadiuse a figura de <strong>Sito Sedes<\/strong>, un dos grandes vocalistas de Galicia e cantante de Los Sat\u00e9lites durante m\u00e1is de dez anos.<\/p>\n<\/div>\n<\/div>\n\n\n\n<p>Temos que destacar tam\u00e9n outra actividade <strong>important\u00edsima<\/strong>: as elfas do Nadal decoraron o noso local para as festas!<\/p>\n\n\n\n<div class=\"wp-container-6 wp-block-columns\">\n<div class=\"wp-container-4 wp-block-column\">\n<figure class=\"wp-block-image size-large\"><img loading=\"lazy\" width=\"768\" height=\"1024\" src=\"https:\/\/corocantabile.gal\/wp-content\/uploads\/2025\/01\/Imagen-de-WhatsApp-2024-12-07-a-las-12.55.27_6d3f2aee-768x1024.jpg\" alt=\"\" class=\"wp-image-3226\" srcset=\"https:\/\/corocantabile.gal\/wp-content\/uploads\/2025\/01\/Imagen-de-WhatsApp-2024-12-07-a-las-12.55.27_6d3f2aee-768x1024.jpg 768w, https:\/\/corocantabile.gal\/wp-content\/uploads\/2025\/01\/Imagen-de-WhatsApp-2024-12-07-a-las-12.55.27_6d3f2aee-225x300.jpg 225w, https:\/\/corocantabile.gal\/wp-content\/uploads\/2025\/01\/Imagen-de-WhatsApp-2024-12-07-a-las-12.55.27_6d3f2aee-1152x1536.jpg 1152w, https:\/\/corocantabile.gal\/wp-content\/uploads\/2025\/01\/Imagen-de-WhatsApp-2024-12-07-a-las-12.55.27_6d3f2aee-690x920.jpg 690w, https:\/\/corocantabile.gal\/wp-content\/uploads\/2025\/01\/Imagen-de-WhatsApp-2024-12-07-a-las-12.55.27_6d3f2aee.jpg 1200w\" sizes=\"(max-width: 768px) 100vw, 768px\" \/><\/figure>\n<\/div>\n\n\n\n<div class=\"wp-container-5 wp-block-column\">\n<figure class=\"wp-block-image size-large\"><img loading=\"lazy\" width=\"768\" height=\"1024\" src=\"https:\/\/corocantabile.gal\/wp-content\/uploads\/2025\/01\/Imagen-de-WhatsApp-2024-12-16-a-las-11.50.02_2842efc3-768x1024.jpg\" alt=\"\" class=\"wp-image-3228\" srcset=\"https:\/\/corocantabile.gal\/wp-content\/uploads\/2025\/01\/Imagen-de-WhatsApp-2024-12-16-a-las-11.50.02_2842efc3-768x1024.jpg 768w, https:\/\/corocantabile.gal\/wp-content\/uploads\/2025\/01\/Imagen-de-WhatsApp-2024-12-16-a-las-11.50.02_2842efc3-225x300.jpg 225w, https:\/\/corocantabile.gal\/wp-content\/uploads\/2025\/01\/Imagen-de-WhatsApp-2024-12-16-a-las-11.50.02_2842efc3-1152x1536.jpg 1152w, https:\/\/corocantabile.gal\/wp-content\/uploads\/2025\/01\/Imagen-de-WhatsApp-2024-12-16-a-las-11.50.02_2842efc3-690x920.jpg 690w, https:\/\/corocantabile.gal\/wp-content\/uploads\/2025\/01\/Imagen-de-WhatsApp-2024-12-16-a-las-11.50.02_2842efc3.jpg 1200w\" sizes=\"(max-width: 768px) 100vw, 768px\" \/><\/figure>\n<\/div>\n<\/div>\n\n\n\n<p>Para rematar o mes de decembro, fixemos o noso tradicional <strong>Concerto de Nadal<\/strong> na Igrexa de San Nicol\u00e1s. Pechamos o ano co Gloria de Vivaldi e, al\u00e9n diso, tam\u00e9n interpretamos para a ocasi\u00f3n algunhas panxoli\u00f1as. <br>Adem\u00e1is, para este concerto tan especial, colaboramos coa <strong>Coci\u00f1a Econ\u00f3mica<\/strong>, facendo unha recollida de alimentos non perecedoiros. <\/p>\n\n\n\n<div class=\"wp-container-9 wp-block-columns\">\n<div class=\"wp-container-7 wp-block-column\">\n<p>Falando do resto de actividades que fixemos estas festas&#8230; o <strong>concurso de post\u00e1is<\/strong> tivo este ano como ga\u00f1adora esta que vedes aqu\u00ed, feita por <strong>Alejandro Carri\u00f3n<\/strong>. <br>Coma todo-los anos, dende a Asociaci\u00f3n tam\u00e9n quixemos darlles un pequeno agasallo \u00f3s nosos coralistas (que ben o merecen, porque traballan moito durante todo o curso): un <strong>bono cultural <\/strong>para gastar nalgunhas das librar\u00edas da cidade.<br><br>Como podedes ver, foi ben empregado.<\/p>\n<\/div>\n\n\n\n<div class=\"wp-container-8 wp-block-column\">\n<figure class=\"wp-block-image size-full\"><img loading=\"lazy\" width=\"649\" height=\"423\" src=\"https:\/\/corocantabile.gal\/wp-content\/uploads\/2025\/01\/Post-instagram-quote-frase1.png\" alt=\"\" class=\"wp-image-3234\" srcset=\"https:\/\/corocantabile.gal\/wp-content\/uploads\/2025\/01\/Post-instagram-quote-frase1.png 649w, https:\/\/corocantabile.gal\/wp-content\/uploads\/2025\/01\/Post-instagram-quote-frase1-300x196.png 300w\" sizes=\"(max-width: 649px) 100vw, 649px\" \/><figcaption>Postal de Nadal &#8211; Alejandro Carri\u00f3n Orosa<\/figcaption><\/figure>\n<\/div>\n<\/div>\n\n\n<div class=\"wp-block-image\">\n<figure class=\"aligncenter size-large\"><img loading=\"lazy\" width=\"1024\" height=\"1024\" src=\"https:\/\/corocantabile.gal\/wp-content\/uploads\/2025\/01\/Post-instagram-quote-frase-1024x1024.png\" alt=\"\" class=\"wp-image-3232\" srcset=\"https:\/\/corocantabile.gal\/wp-content\/uploads\/2025\/01\/Post-instagram-quote-frase-1024x1024.png 1024w, https:\/\/corocantabile.gal\/wp-content\/uploads\/2025\/01\/Post-instagram-quote-frase-300x300.png 300w, https:\/\/corocantabile.gal\/wp-content\/uploads\/2025\/01\/Post-instagram-quote-frase-150x150.png 150w, https:\/\/corocantabile.gal\/wp-content\/uploads\/2025\/01\/Post-instagram-quote-frase-768x768.png 768w, https:\/\/corocantabile.gal\/wp-content\/uploads\/2025\/01\/Post-instagram-quote-frase-510x510.png 510w, https:\/\/corocantabile.gal\/wp-content\/uploads\/2025\/01\/Post-instagram-quote-frase-160x160.png 160w, https:\/\/corocantabile.gal\/wp-content\/uploads\/2025\/01\/Post-instagram-quote-frase-690x690.png 690w, https:\/\/corocantabile.gal\/wp-content\/uploads\/2025\/01\/Post-instagram-quote-frase-560x560.png 560w, https:\/\/corocantabile.gal\/wp-content\/uploads\/2025\/01\/Post-instagram-quote-frase.png 1080w\" sizes=\"(max-width: 1024px) 100vw, 1024px\" \/><\/figure><\/div>\n\n\n<p>Para comezar o 2025 celebramos o tradicional <strong>partido de f\u00fatbol de Nadal<\/strong> e mais o <strong>torneo de Billar<\/strong>. E non pod\u00edan faltar tam\u00e9n, obviamente, as pizzas no local.<\/p>\n\n\n\n<figure class=\"wp-block-image size-large\"><img loading=\"lazy\" width=\"1024\" height=\"1024\" src=\"https:\/\/corocantabile.gal\/wp-content\/uploads\/2025\/01\/Post-instagram-quote-frase2-1024x1024.png\" alt=\"\" class=\"wp-image-3243\" srcset=\"https:\/\/corocantabile.gal\/wp-content\/uploads\/2025\/01\/Post-instagram-quote-frase2-1024x1024.png 1024w, https:\/\/corocantabile.gal\/wp-content\/uploads\/2025\/01\/Post-instagram-quote-frase2-300x300.png 300w, https:\/\/corocantabile.gal\/wp-content\/uploads\/2025\/01\/Post-instagram-quote-frase2-150x150.png 150w, https:\/\/corocantabile.gal\/wp-content\/uploads\/2025\/01\/Post-instagram-quote-frase2-768x768.png 768w, https:\/\/corocantabile.gal\/wp-content\/uploads\/2025\/01\/Post-instagram-quote-frase2-510x510.png 510w, https:\/\/corocantabile.gal\/wp-content\/uploads\/2025\/01\/Post-instagram-quote-frase2-160x160.png 160w, https:\/\/corocantabile.gal\/wp-content\/uploads\/2025\/01\/Post-instagram-quote-frase2-690x690.png 690w, https:\/\/corocantabile.gal\/wp-content\/uploads\/2025\/01\/Post-instagram-quote-frase2-560x560.png 560w, https:\/\/corocantabile.gal\/wp-content\/uploads\/2025\/01\/Post-instagram-quote-frase2.png 1080w\" sizes=\"(max-width: 1024px) 100vw, 1024px\" \/><\/figure>\n\n\n\n<p>Tam\u00e9n visitamos \u00f3s nosos veci\u00f1os do <strong>Centro de d\u00eda de Montealto, <\/strong>cos que pasamos unha ma\u00f1\u00e1 xenial compartindo m\u00fasica e historias.<\/p>\n\n\n\n<div class=\"wp-container-12 wp-block-columns\">\n<div class=\"wp-container-10 wp-block-column\">\n<p>Por \u00faltimo, \u00e1 volta das vacaci\u00f3ns tocou recoller a decoraci\u00f3n de Nadal do local e<strong> intercambiamo-los agasallos do amigo invisible.<\/strong><br>Compr\u00e1cenos anunciar que o amigo invisible de Pablo Carballido, claramente unha persoa sen medo \u00f3 exito, decidiu agasallar \u00f3 noso director cun pequeno <strong>meg\u00e1fono<\/strong> o cal, sen d\u00fabida, ser\u00e1 empregado con mesura, precauci\u00f3n e estritamente s\u00f3 cando a situaci\u00f3n o requira, xa nos co\u00f1ecedes \ud83d\ude07 &#8230;<\/p>\n<\/div>\n\n\n\n<div class=\"wp-container-11 wp-block-column\">\n<figure class=\"wp-block-image size-large\"><img loading=\"lazy\" width=\"1024\" height=\"768\" src=\"https:\/\/corocantabile.gal\/wp-content\/uploads\/2025\/01\/amigo-invisible-1-1024x768.jpg\" alt=\"\" class=\"wp-image-3248\" srcset=\"https:\/\/corocantabile.gal\/wp-content\/uploads\/2025\/01\/amigo-invisible-1-1024x768.jpg 1024w, https:\/\/corocantabile.gal\/wp-content\/uploads\/2025\/01\/amigo-invisible-1-300x225.jpg 300w, https:\/\/corocantabile.gal\/wp-content\/uploads\/2025\/01\/amigo-invisible-1-768x576.jpg 768w, https:\/\/corocantabile.gal\/wp-content\/uploads\/2025\/01\/amigo-invisible-1-1536x1152.jpg 1536w, https:\/\/corocantabile.gal\/wp-content\/uploads\/2025\/01\/amigo-invisible-1-690x518.jpg 690w, https:\/\/corocantabile.gal\/wp-content\/uploads\/2025\/01\/amigo-invisible-1.jpg 1600w\" sizes=\"(max-width: 1024px) 100vw, 1024px\" \/><\/figure>\n<\/div>\n<\/div>\n","protected":false},"excerpt":{"rendered":"<p>Boas #familiacantabile. Procedemos a actualizar o blog, esta vez cun resumo de finais do 2024 e os inicios do novo ano. Comezamo-lo mes de decembro cun pequeno agasallo para todos v\u00f3s, para desfrutar das festas [&hellip;]<\/p>\n","protected":false},"author":9,"featured_media":3220,"comment_status":"closed","ping_status":"closed","sticky":false,"template":"","format":"standard","meta":[],"categories":[80,67],"tags":[176,16,129,175,137],"jetpack_featured_media_url":"https:\/\/corocantabile.gal\/wp-content\/uploads\/2025\/01\/belen-municipal-1.jpg","_links":{"self":[{"href":"https:\/\/corocantabile.gal\/es\/wp-json\/wp\/v2\/posts\/3213"}],"collection":[{"href":"https:\/\/corocantabile.gal\/es\/wp-json\/wp\/v2\/posts"}],"about":[{"href":"https:\/\/corocantabile.gal\/es\/wp-json\/wp\/v2\/types\/post"}],"author":[{"embeddable":true,"href":"https:\/\/corocantabile.gal\/es\/wp-json\/wp\/v2\/users\/9"}],"replies":[{"embeddable":true,"href":"https:\/\/corocantabile.gal\/es\/wp-json\/wp\/v2\/comments?post=3213"}],"version-history":[{"count":1,"href":"https:\/\/corocantabile.gal\/es\/wp-json\/wp\/v2\/posts\/3213\/revisions"}],"predecessor-version":[{"id":3254,"href":"https:\/\/corocantabile.gal\/es\/wp-json\/wp\/v2\/posts\/3213\/revisions\/3254"}],"wp:featuredmedia":[{"embeddable":true,"href":"https:\/\/corocantabile.gal\/es\/wp-json\/wp\/v2\/media\/3220"}],"wp:attachment":[{"href":"https:\/\/corocantabile.gal\/es\/wp-json\/wp\/v2\/media?parent=3213"}],"wp:term":[{"taxonomy":"category","embeddable":true,"href":"https:\/\/corocantabile.gal\/es\/wp-json\/wp\/v2\/categories?post=3213"},{"taxonomy":"post_tag","embeddable":true,"href":"https:\/\/corocantabile.gal\/es\/wp-json\/wp\/v2\/tags?post=3213"}],"curies":[{"name":"wp","href":"https:\/\/api.w.org\/{rel}","templated":true}]}}