{"id":3272,"date":"2025-03-01T11:52:59","date_gmt":"2025-03-01T11:52:59","guid":{"rendered":"https:\/\/corocantabile.gal\/?p=3272"},"modified":"2025-03-01T12:02:29","modified_gmt":"2025-03-01T12:02:29","slug":"certame-literario-2025","status":"publish","type":"post","link":"https:\/\/corocantabile.gal\/es\/certame-literario-2025\/","title":{"rendered":"Certame Literario 2025"},"content":{"rendered":"\n<p>Boas #familiacantabile. <\/p>\n\n\n\n<p>Este ano imos celebrar, co gaio das Letras Galegas, un <strong>certame literario<\/strong> en lingua galega. \u00c9 aberto \u00f3 publico e a participaci\u00f3n \u00e9 gratu\u00edta, as\u00ed que anim\u00e1mosvos a participar e a invitares \u00f3s vosos amigos!<\/p>\n\n\n\n<p>Hai dous modalidades, <strong>poes\u00eda<\/strong> e <strong>microrrelato<\/strong>, con tres categor\u00edas cada unha dependo da idade dos participantes. Aqu\u00ed vos deixamos as bases: <strong><a href=\"https:\/\/corocantabile.gal\/wp-content\/uploads\/2025\/03\/bases-certame.pdf\" data-type=\"URL\" data-id=\"https:\/\/corocantabile.gal\/wp-content\/uploads\/2025\/03\/bases-certame.pdf\">BASES DO CERTAME 2025<\/a><\/strong>. \u00c9 moi importante que lles botedes unha ollada con atenci\u00f3n.<\/p>\n\n\n\n<p>As obras enviaranse en formato PDF \u00f3 noso correo, <strong>info@corocantabile.gal<\/strong>, e deber\u00e1n estar firmadas baixo <strong>pseud\u00f3nimo<\/strong>. Os participantes deber\u00e1n rexistrar as obras presentadas no seguinte <strong>formulario de rexistro, <\/strong>no que constar\u00e1 o nome do autor\/a, pseud\u00f3nimo empregado, t\u00edtulo da obra e datos de contacto: <a href=\"https:\/\/forms.gle\/wGJJkBX6q46U78xU6\">https:\/\/forms.gle\/wGJJkBX6q46U78xU6<\/a><\/p>\n\n\n\n<figure class=\"wp-block-image size-large\"><img loading=\"lazy\" width=\"819\" height=\"1024\" src=\"https:\/\/corocantabile.gal\/wp-content\/uploads\/2025\/03\/Diseno-sin-titulo2-1-819x1024.png\" alt=\"\" class=\"wp-image-3277\" srcset=\"https:\/\/corocantabile.gal\/wp-content\/uploads\/2025\/03\/Diseno-sin-titulo2-1-819x1024.png 819w, https:\/\/corocantabile.gal\/wp-content\/uploads\/2025\/03\/Diseno-sin-titulo2-1-240x300.png 240w, https:\/\/corocantabile.gal\/wp-content\/uploads\/2025\/03\/Diseno-sin-titulo2-1-768x960.png 768w, https:\/\/corocantabile.gal\/wp-content\/uploads\/2025\/03\/Diseno-sin-titulo2-1-690x863.png 690w, https:\/\/corocantabile.gal\/wp-content\/uploads\/2025\/03\/Diseno-sin-titulo2-1.png 1080w\" sizes=\"(max-width: 819px) 100vw, 819px\" \/><\/figure>\n","protected":false},"excerpt":{"rendered":"<p>Boas #familiacantabile. Este ano imos celebrar, co gaio das Letras Galegas, un certame literario en lingua galega. \u00c9 aberto \u00f3 publico e a participaci\u00f3n \u00e9 gratu\u00edta, as\u00ed que anim\u00e1mosvos a participar e a invitares \u00f3s [&hellip;]<\/p>\n","protected":false},"author":9,"featured_media":3283,"comment_status":"closed","ping_status":"closed","sticky":false,"template":"","format":"standard","meta":[],"categories":[80,67],"tags":[177,178],"jetpack_featured_media_url":"https:\/\/corocantabile.gal\/wp-content\/uploads\/2025\/03\/bo-nadal1-1.png","_links":{"self":[{"href":"https:\/\/corocantabile.gal\/es\/wp-json\/wp\/v2\/posts\/3272"}],"collection":[{"href":"https:\/\/corocantabile.gal\/es\/wp-json\/wp\/v2\/posts"}],"about":[{"href":"https:\/\/corocantabile.gal\/es\/wp-json\/wp\/v2\/types\/post"}],"author":[{"embeddable":true,"href":"https:\/\/corocantabile.gal\/es\/wp-json\/wp\/v2\/users\/9"}],"replies":[{"embeddable":true,"href":"https:\/\/corocantabile.gal\/es\/wp-json\/wp\/v2\/comments?post=3272"}],"version-history":[{"count":1,"href":"https:\/\/corocantabile.gal\/es\/wp-json\/wp\/v2\/posts\/3272\/revisions"}],"predecessor-version":[{"id":3287,"href":"https:\/\/corocantabile.gal\/es\/wp-json\/wp\/v2\/posts\/3272\/revisions\/3287"}],"wp:featuredmedia":[{"embeddable":true,"href":"https:\/\/corocantabile.gal\/es\/wp-json\/wp\/v2\/media\/3283"}],"wp:attachment":[{"href":"https:\/\/corocantabile.gal\/es\/wp-json\/wp\/v2\/media?parent=3272"}],"wp:term":[{"taxonomy":"category","embeddable":true,"href":"https:\/\/corocantabile.gal\/es\/wp-json\/wp\/v2\/categories?post=3272"},{"taxonomy":"post_tag","embeddable":true,"href":"https:\/\/corocantabile.gal\/es\/wp-json\/wp\/v2\/tags?post=3272"}],"curies":[{"name":"wp","href":"https:\/\/api.w.org\/{rel}","templated":true}]}}