{"id":380,"date":"2021-01-28T21:58:39","date_gmt":"2021-01-28T21:58:39","guid":{"rendered":"https:\/\/corocantabile.gal\/?p=380"},"modified":"2021-10-11T11:26:48","modified_gmt":"2021-10-11T11:26:48","slug":"un-agasallo-de-parte-de-cantabile","status":"publish","type":"post","link":"https:\/\/corocantabile.gal\/es\/un-agasallo-de-parte-de-cantabile\/","title":{"rendered":"Un agasallo de parte de Cantabile"},"content":{"rendered":"\n<p><strong>O 2020 foi un ano complicado<\/strong> e parece que o 2021 a\u00ednda non nos quere deixar remontar. Tivemos que adaptarnos a cantar con m\u00e1scara, separados, por pequenos grupos en lugar de todos xuntos\u2026 e tampouco fomos <strong>#cantabileando<\/strong> polo mundo adiante, as\u00ed que a asociaci\u00f3n decidiu que <strong>hab\u00eda que recompensar a paciencia e o esforzo<\/strong> dos e das coralistas dalgunha maneira.<\/p>\n\n\n\n<p>Decidimos que un libro ser\u00eda un bo agasallo da nosa parte: somos unha asociaci\u00f3n musical, mais tam\u00e9n cultural en xeral, e nestes tempos a lectura \u00e9 unha das actividades m\u00e1is seguras e que m\u00e1is nos axuda a manter o \u00e1nimo. Por tanto, pux\u00e9monos mans \u00e1 obra e <strong>contactamos con catro librar\u00edas da cidade<\/strong>: <a href=\"https:\/\/www.instagram.com\/moitoconto\/\">Moito Conto<\/a>, <a href=\"https:\/\/librariasisargas.wordpress.com\/\">Sisargas<\/a>, <a href=\"http:\/\/www.librariasuevia.com\/\">Su\u00e9via<\/a> e <a href=\"https:\/\/www.berbiriana.com\/\">Berbiriana<\/a>. Cada coralista escolleu a que mellor lle vi\u00f1a e puido facer uso nelas dun bono entre o 23 de decembro e o 16 de xaneiro.<\/p>\n\n\n\n<p>Unha vez transcorridos eses d\u00edas, ped\u00edmoslles que nos enviasen unha foto coas s\u00faas compras e mirade que cari\u00f1as!<\/p>\n\n\n\n<div class=\"wp-block-image\"><figure class=\"aligncenter\"><img src=\"https:\/\/www.corocantabile.es\/wp-content\/uploads\/2021\/01\/libros-cantabile-cultura-coro-nadal.jpg\" alt=\"\" class=\"wp-image-5773\"\/><\/figure><\/div>\n\n\n\n<p>Encantounos que esta iniciativa tivese tanto \u00e9xito entre a <strong>#FamiliaCantabile<\/strong>, axudando ademais ao pequeno comercio da cidade e ao sector cultural, a\u00ednda que fose cun pequeno xesto. Agora, a seguir resistindo ben equipados coas nosas lecturas favoritas!<\/p>\n","protected":false},"excerpt":{"rendered":"<p>O 2020 foi un ano complicado e parece que o 2021 a\u00ednda non nos quere deixar remontar. Tivemos que adaptarnos a cantar con m\u00e1scara, separados, por pequenos grupos en lugar de todos xuntos\u2026 e tampouco [&hellip;]<\/p>\n","protected":false},"author":3,"featured_media":385,"comment_status":"closed","ping_status":"closed","sticky":false,"template":"","format":"standard","meta":[],"categories":[80],"tags":[19,20,21],"jetpack_featured_media_url":"https:\/\/corocantabile.gal\/wp-content\/uploads\/2021\/01\/giftbbx.jpg","_links":{"self":[{"href":"https:\/\/corocantabile.gal\/es\/wp-json\/wp\/v2\/posts\/380"}],"collection":[{"href":"https:\/\/corocantabile.gal\/es\/wp-json\/wp\/v2\/posts"}],"about":[{"href":"https:\/\/corocantabile.gal\/es\/wp-json\/wp\/v2\/types\/post"}],"author":[{"embeddable":true,"href":"https:\/\/corocantabile.gal\/es\/wp-json\/wp\/v2\/users\/3"}],"replies":[{"embeddable":true,"href":"https:\/\/corocantabile.gal\/es\/wp-json\/wp\/v2\/comments?post=380"}],"version-history":[{"count":1,"href":"https:\/\/corocantabile.gal\/es\/wp-json\/wp\/v2\/posts\/380\/revisions"}],"predecessor-version":[{"id":382,"href":"https:\/\/corocantabile.gal\/es\/wp-json\/wp\/v2\/posts\/380\/revisions\/382"}],"wp:featuredmedia":[{"embeddable":true,"href":"https:\/\/corocantabile.gal\/es\/wp-json\/wp\/v2\/media\/385"}],"wp:attachment":[{"href":"https:\/\/corocantabile.gal\/es\/wp-json\/wp\/v2\/media?parent=380"}],"wp:term":[{"taxonomy":"category","embeddable":true,"href":"https:\/\/corocantabile.gal\/es\/wp-json\/wp\/v2\/categories?post=380"},{"taxonomy":"post_tag","embeddable":true,"href":"https:\/\/corocantabile.gal\/es\/wp-json\/wp\/v2\/tags?post=380"}],"curies":[{"name":"wp","href":"https:\/\/api.w.org\/{rel}","templated":true}]}}