{"id":386,"date":"2020-12-23T22:15:27","date_gmt":"2020-12-23T22:15:27","guid":{"rendered":"https:\/\/corocantabile.gal\/?p=386"},"modified":"2021-10-11T11:26:54","modified_gmt":"2021-10-11T11:26:54","slug":"bo-nadal-2020-feliz-2021","status":"publish","type":"post","link":"https:\/\/corocantabile.gal\/es\/bo-nadal-2020-feliz-2021\/","title":{"rendered":"Bo nadal 2020! Feliz 2021!"},"content":{"rendered":"\n<p>Sabemos que este foi un ano extremadamente complicado. T\u00edvonos sen actividade, en tensi\u00f3n constante e con moita falta de m\u00fasica en com\u00fan. Con todo, un grupo como o noso caracter\u00edzase por manterse unido tanto nos bos momentos como nos non tan bos, polos medios que foren. Por iso, a\u00ednda que este ano non puidemos gravar unha felicitaci\u00f3n de nadal moi sofisticada, decidimos reunir v\u00eddeos e fotos dos e das coralistas desde as s\u00faas casas, cun pouco de humor e de alegr\u00eda para o que a\u00ednda queda por diante de pandemia. Ademais, tam\u00e9n inclu\u00edmos alg\u00fans dos poucos momentos musicais que este ano nos permitiu desfrutar. <strong>Con toda a ilusi\u00f3n compartimos a nosa felicitaci\u00f3n convosco e desex\u00e1mosvos un \u00f3ptimo nadal e un pr\u00f3spero ano 2021<\/strong>. Grazas pola vosa compa\u00f1\u00eda desde o outro lado do escenario e agora, sobre todo, desde o outro lado da pantalla,<strong> #FamiliaCantabile<\/strong>!<\/p>\n\n\n\n<figure class=\"wp-block-embed is-type-video is-provider-youtube wp-block-embed-youtube wp-embed-aspect-16-9 wp-has-aspect-ratio\"><div class=\"wp-block-embed__wrapper\">\n<div class=\"ignition-responsive-embed\"><iframe loading=\"lazy\" title=\"Felicitaci\u00f3n de Nadal 2020 - Coro Cantabile\" width=\"960\" height=\"540\" src=\"https:\/\/www.youtube.com\/embed\/eW9oseFz6TA?feature=oembed\" frameborder=\"0\" allow=\"accelerometer; autoplay; clipboard-write; encrypted-media; gyroscope; picture-in-picture\" allowfullscreen><\/iframe><\/div>\n<\/div><\/figure>\n","protected":false},"excerpt":{"rendered":"<p>Sabemos que este foi un ano extremadamente complicado. T\u00edvonos sen actividade, en tensi\u00f3n constante e con moita falta de m\u00fasica en com\u00fan. Con todo, un grupo como o noso caracter\u00edzase por manterse unido tanto nos [&hellip;]<\/p>\n","protected":false},"author":3,"featured_media":388,"comment_status":"closed","ping_status":"closed","sticky":false,"template":"","format":"standard","meta":[],"categories":[80],"tags":[129],"jetpack_featured_media_url":"https:\/\/corocantabile.gal\/wp-content\/uploads\/2021\/09\/nadalcantabile2020.jpg","_links":{"self":[{"href":"https:\/\/corocantabile.gal\/es\/wp-json\/wp\/v2\/posts\/386"}],"collection":[{"href":"https:\/\/corocantabile.gal\/es\/wp-json\/wp\/v2\/posts"}],"about":[{"href":"https:\/\/corocantabile.gal\/es\/wp-json\/wp\/v2\/types\/post"}],"author":[{"embeddable":true,"href":"https:\/\/corocantabile.gal\/es\/wp-json\/wp\/v2\/users\/3"}],"replies":[{"embeddable":true,"href":"https:\/\/corocantabile.gal\/es\/wp-json\/wp\/v2\/comments?post=386"}],"version-history":[{"count":1,"href":"https:\/\/corocantabile.gal\/es\/wp-json\/wp\/v2\/posts\/386\/revisions"}],"predecessor-version":[{"id":389,"href":"https:\/\/corocantabile.gal\/es\/wp-json\/wp\/v2\/posts\/386\/revisions\/389"}],"wp:featuredmedia":[{"embeddable":true,"href":"https:\/\/corocantabile.gal\/es\/wp-json\/wp\/v2\/media\/388"}],"wp:attachment":[{"href":"https:\/\/corocantabile.gal\/es\/wp-json\/wp\/v2\/media?parent=386"}],"wp:term":[{"taxonomy":"category","embeddable":true,"href":"https:\/\/corocantabile.gal\/es\/wp-json\/wp\/v2\/categories?post=386"},{"taxonomy":"post_tag","embeddable":true,"href":"https:\/\/corocantabile.gal\/es\/wp-json\/wp\/v2\/tags?post=386"}],"curies":[{"name":"wp","href":"https:\/\/api.w.org\/{rel}","templated":true}]}}