{"id":394,"date":"2019-11-22T22:49:00","date_gmt":"2019-11-22T22:49:00","guid":{"rendered":"https:\/\/corocantabile.gal\/?p=394"},"modified":"2021-12-01T18:22:00","modified_gmt":"2021-12-01T18:22:00","slug":"presentacion-de-palabras-de-luz-galeria-de-imaxes","status":"publish","type":"post","link":"https:\/\/corocantabile.gal\/es\/presentacion-de-palabras-de-luz-galeria-de-imaxes\/","title":{"rendered":"Presentaci\u00f3n de \u201cPalabras de luz\u201d: galer\u00eda de imaxes"},"content":{"rendered":"\n<p>A\u00ednda estamos procesando o emocionante que foi o concerto de presentaci\u00f3n de <strong><em>Palabras de luz<\/em><\/strong>. Estamos enormemente agradecidas a todas as persoas que fixeron que este proxecto sexa hoxe unha realidade: artistas, coralistas e familias, o noso director Pablo Carballido, a pianista Mar\u00eda Keilin, as instituci\u00f3ns que nos apoiaron, as persoas encargadas do dese\u00f1o dos materiais e de nos asesorar e, por suposto, ao p\u00fablico que encheu o Teatro Col\u00f3n este 20 de novembro, nun acto tan especial. Agora toca sumerxirse na preparaci\u00f3n do Nadal, mais tam\u00e9n en facer chegar \u00e1s corais o noso traballo en forma de libro-CD durante as pr\u00f3ximas semanas. Xa sabedes,<strong> Cantabile non para!<\/strong><\/p>\n\n\n\n<p>Deix\u00e1mosvos cunha galer\u00eda de imaxes do concerto, realizadas por Moncho Fuentes. Esperamos que vos gusten tanto como a n\u00f3s!<\/p>\n\n\n\n<figure class=\"wp-container-2 wp-block-gallery-1 wp-block-gallery columns-3 is-cropped\"><ul class=\"blocks-gallery-grid\"><li class=\"blocks-gallery-item\"><figure><img loading=\"lazy\" width=\"1024\" height=\"683\" src=\"https:\/\/corocantabile.gal\/wp-content\/uploads\/2021\/09\/Cantabile-Palabras-de-Luz-Coro-Galicia-Coruna-Musica-Galega-Poesia-Jesus-Rodil-Carlos-Negro-Estibaliz-Espinosa-Eva-Veiga-Maria-Lado-Mosquera090-1024x683.jpg\" alt=\"\" data-id=\"395\" data-full-url=\"https:\/\/corocantabile.gal\/wp-content\/uploads\/2021\/09\/Cantabile-Palabras-de-Luz-Coro-Galicia-Coruna-Musica-Galega-Poesia-Jesus-Rodil-Carlos-Negro-Estibaliz-Espinosa-Eva-Veiga-Maria-Lado-Mosquera090.jpg\" data-link=\"https:\/\/corocantabile.gal\/?attachment_id=395\" class=\"wp-image-395\" srcset=\"https:\/\/corocantabile.gal\/wp-content\/uploads\/2021\/09\/Cantabile-Palabras-de-Luz-Coro-Galicia-Coruna-Musica-Galega-Poesia-Jesus-Rodil-Carlos-Negro-Estibaliz-Espinosa-Eva-Veiga-Maria-Lado-Mosquera090-1024x683.jpg 1024w, https:\/\/corocantabile.gal\/wp-content\/uploads\/2021\/09\/Cantabile-Palabras-de-Luz-Coro-Galicia-Coruna-Musica-Galega-Poesia-Jesus-Rodil-Carlos-Negro-Estibaliz-Espinosa-Eva-Veiga-Maria-Lado-Mosquera090-300x200.jpg 300w, https:\/\/corocantabile.gal\/wp-content\/uploads\/2021\/09\/Cantabile-Palabras-de-Luz-Coro-Galicia-Coruna-Musica-Galega-Poesia-Jesus-Rodil-Carlos-Negro-Estibaliz-Espinosa-Eva-Veiga-Maria-Lado-Mosquera090-768x512.jpg 768w, https:\/\/corocantabile.gal\/wp-content\/uploads\/2021\/09\/Cantabile-Palabras-de-Luz-Coro-Galicia-Coruna-Musica-Galega-Poesia-Jesus-Rodil-Carlos-Negro-Estibaliz-Espinosa-Eva-Veiga-Maria-Lado-Mosquera090-960x640.jpg 960w, https:\/\/corocantabile.gal\/wp-content\/uploads\/2021\/09\/Cantabile-Palabras-de-Luz-Coro-Galicia-Coruna-Musica-Galega-Poesia-Jesus-Rodil-Carlos-Negro-Estibaliz-Espinosa-Eva-Veiga-Maria-Lado-Mosquera090-615x410.jpg 615w, https:\/\/corocantabile.gal\/wp-content\/uploads\/2021\/09\/Cantabile-Palabras-de-Luz-Coro-Galicia-Coruna-Musica-Galega-Poesia-Jesus-Rodil-Carlos-Negro-Estibaliz-Espinosa-Eva-Veiga-Maria-Lado-Mosquera090-1290x860.jpg 1290w, https:\/\/corocantabile.gal\/wp-content\/uploads\/2021\/09\/Cantabile-Palabras-de-Luz-Coro-Galicia-Coruna-Musica-Galega-Poesia-Jesus-Rodil-Carlos-Negro-Estibaliz-Espinosa-Eva-Veiga-Maria-Lado-Mosquera090-690x460.jpg 690w, https:\/\/corocantabile.gal\/wp-content\/uploads\/2021\/09\/Cantabile-Palabras-de-Luz-Coro-Galicia-Coruna-Musica-Galega-Poesia-Jesus-Rodil-Carlos-Negro-Estibaliz-Espinosa-Eva-Veiga-Maria-Lado-Mosquera090.jpg 1500w\" sizes=\"(max-width: 1024px) 100vw, 1024px\" \/><\/figure><\/li><li class=\"blocks-gallery-item\"><figure><img loading=\"lazy\" width=\"1024\" height=\"683\" src=\"https:\/\/corocantabile.gal\/wp-content\/uploads\/2021\/09\/Cantabile-Palabras-de-Luz-Coro-Galicia-Coruna-Musica-Galega-Poesia-Jesus-Rodil-Carlos-Negro-Estibaliz-Espinosa-Eva-Veiga-Maria-Lado-Mosquera067-1024x683.jpg\" alt=\"\" data-id=\"396\" data-full-url=\"https:\/\/corocantabile.gal\/wp-content\/uploads\/2021\/09\/Cantabile-Palabras-de-Luz-Coro-Galicia-Coruna-Musica-Galega-Poesia-Jesus-Rodil-Carlos-Negro-Estibaliz-Espinosa-Eva-Veiga-Maria-Lado-Mosquera067.jpg\" data-link=\"https:\/\/corocantabile.gal\/?attachment_id=396\" class=\"wp-image-396\" srcset=\"https:\/\/corocantabile.gal\/wp-content\/uploads\/2021\/09\/Cantabile-Palabras-de-Luz-Coro-Galicia-Coruna-Musica-Galega-Poesia-Jesus-Rodil-Carlos-Negro-Estibaliz-Espinosa-Eva-Veiga-Maria-Lado-Mosquera067-1024x683.jpg 1024w, https:\/\/corocantabile.gal\/wp-content\/uploads\/2021\/09\/Cantabile-Palabras-de-Luz-Coro-Galicia-Coruna-Musica-Galega-Poesia-Jesus-Rodil-Carlos-Negro-Estibaliz-Espinosa-Eva-Veiga-Maria-Lado-Mosquera067-300x200.jpg 300w, https:\/\/corocantabile.gal\/wp-content\/uploads\/2021\/09\/Cantabile-Palabras-de-Luz-Coro-Galicia-Coruna-Musica-Galega-Poesia-Jesus-Rodil-Carlos-Negro-Estibaliz-Espinosa-Eva-Veiga-Maria-Lado-Mosquera067-768x512.jpg 768w, https:\/\/corocantabile.gal\/wp-content\/uploads\/2021\/09\/Cantabile-Palabras-de-Luz-Coro-Galicia-Coruna-Musica-Galega-Poesia-Jesus-Rodil-Carlos-Negro-Estibaliz-Espinosa-Eva-Veiga-Maria-Lado-Mosquera067-960x640.jpg 960w, https:\/\/corocantabile.gal\/wp-content\/uploads\/2021\/09\/Cantabile-Palabras-de-Luz-Coro-Galicia-Coruna-Musica-Galega-Poesia-Jesus-Rodil-Carlos-Negro-Estibaliz-Espinosa-Eva-Veiga-Maria-Lado-Mosquera067-615x410.jpg 615w, https:\/\/corocantabile.gal\/wp-content\/uploads\/2021\/09\/Cantabile-Palabras-de-Luz-Coro-Galicia-Coruna-Musica-Galega-Poesia-Jesus-Rodil-Carlos-Negro-Estibaliz-Espinosa-Eva-Veiga-Maria-Lado-Mosquera067-1290x860.jpg 1290w, https:\/\/corocantabile.gal\/wp-content\/uploads\/2021\/09\/Cantabile-Palabras-de-Luz-Coro-Galicia-Coruna-Musica-Galega-Poesia-Jesus-Rodil-Carlos-Negro-Estibaliz-Espinosa-Eva-Veiga-Maria-Lado-Mosquera067-690x460.jpg 690w, https:\/\/corocantabile.gal\/wp-content\/uploads\/2021\/09\/Cantabile-Palabras-de-Luz-Coro-Galicia-Coruna-Musica-Galega-Poesia-Jesus-Rodil-Carlos-Negro-Estibaliz-Espinosa-Eva-Veiga-Maria-Lado-Mosquera067.jpg 1500w\" sizes=\"(max-width: 1024px) 100vw, 1024px\" \/><\/figure><\/li><li class=\"blocks-gallery-item\"><figure><img loading=\"lazy\" width=\"1024\" height=\"683\" src=\"https:\/\/corocantabile.gal\/wp-content\/uploads\/2021\/09\/Cantabile-Palabras-de-Luz-Coro-Galicia-Coruna-Musica-Galega-Poesia-Federico-Mosquera-Baldo-Ramos-Anxo-Angueira-Fernandez-Sanmartin054-1024x683.jpg\" alt=\"\" data-id=\"397\" data-full-url=\"https:\/\/corocantabile.gal\/wp-content\/uploads\/2021\/09\/Cantabile-Palabras-de-Luz-Coro-Galicia-Coruna-Musica-Galega-Poesia-Federico-Mosquera-Baldo-Ramos-Anxo-Angueira-Fernandez-Sanmartin054.jpg\" data-link=\"https:\/\/corocantabile.gal\/?attachment_id=397\" class=\"wp-image-397\" srcset=\"https:\/\/corocantabile.gal\/wp-content\/uploads\/2021\/09\/Cantabile-Palabras-de-Luz-Coro-Galicia-Coruna-Musica-Galega-Poesia-Federico-Mosquera-Baldo-Ramos-Anxo-Angueira-Fernandez-Sanmartin054-1024x683.jpg 1024w, https:\/\/corocantabile.gal\/wp-content\/uploads\/2021\/09\/Cantabile-Palabras-de-Luz-Coro-Galicia-Coruna-Musica-Galega-Poesia-Federico-Mosquera-Baldo-Ramos-Anxo-Angueira-Fernandez-Sanmartin054-300x200.jpg 300w, https:\/\/corocantabile.gal\/wp-content\/uploads\/2021\/09\/Cantabile-Palabras-de-Luz-Coro-Galicia-Coruna-Musica-Galega-Poesia-Federico-Mosquera-Baldo-Ramos-Anxo-Angueira-Fernandez-Sanmartin054-768x512.jpg 768w, https:\/\/corocantabile.gal\/wp-content\/uploads\/2021\/09\/Cantabile-Palabras-de-Luz-Coro-Galicia-Coruna-Musica-Galega-Poesia-Federico-Mosquera-Baldo-Ramos-Anxo-Angueira-Fernandez-Sanmartin054-960x640.jpg 960w, https:\/\/corocantabile.gal\/wp-content\/uploads\/2021\/09\/Cantabile-Palabras-de-Luz-Coro-Galicia-Coruna-Musica-Galega-Poesia-Federico-Mosquera-Baldo-Ramos-Anxo-Angueira-Fernandez-Sanmartin054-615x410.jpg 615w, https:\/\/corocantabile.gal\/wp-content\/uploads\/2021\/09\/Cantabile-Palabras-de-Luz-Coro-Galicia-Coruna-Musica-Galega-Poesia-Federico-Mosquera-Baldo-Ramos-Anxo-Angueira-Fernandez-Sanmartin054-1290x860.jpg 1290w, https:\/\/corocantabile.gal\/wp-content\/uploads\/2021\/09\/Cantabile-Palabras-de-Luz-Coro-Galicia-Coruna-Musica-Galega-Poesia-Federico-Mosquera-Baldo-Ramos-Anxo-Angueira-Fernandez-Sanmartin054-690x460.jpg 690w, https:\/\/corocantabile.gal\/wp-content\/uploads\/2021\/09\/Cantabile-Palabras-de-Luz-Coro-Galicia-Coruna-Musica-Galega-Poesia-Federico-Mosquera-Baldo-Ramos-Anxo-Angueira-Fernandez-Sanmartin054.jpg 1500w\" sizes=\"(max-width: 1024px) 100vw, 1024px\" \/><\/figure><\/li><li class=\"blocks-gallery-item\"><figure><img loading=\"lazy\" width=\"1024\" height=\"683\" src=\"https:\/\/corocantabile.gal\/wp-content\/uploads\/2021\/09\/Cantabile-Palabras-de-Luz-Coro-Galicia-Coruna-Musica-Galega-Poesia-Federico-Mosquera-Baldo-Ramos-Anxo-Angueira-Fernandez-Sanmartin051-1024x683.jpg\" alt=\"\" data-id=\"398\" data-full-url=\"https:\/\/corocantabile.gal\/wp-content\/uploads\/2021\/09\/Cantabile-Palabras-de-Luz-Coro-Galicia-Coruna-Musica-Galega-Poesia-Federico-Mosquera-Baldo-Ramos-Anxo-Angueira-Fernandez-Sanmartin051.jpg\" data-link=\"https:\/\/corocantabile.gal\/?attachment_id=398\" class=\"wp-image-398\" srcset=\"https:\/\/corocantabile.gal\/wp-content\/uploads\/2021\/09\/Cantabile-Palabras-de-Luz-Coro-Galicia-Coruna-Musica-Galega-Poesia-Federico-Mosquera-Baldo-Ramos-Anxo-Angueira-Fernandez-Sanmartin051-1024x683.jpg 1024w, https:\/\/corocantabile.gal\/wp-content\/uploads\/2021\/09\/Cantabile-Palabras-de-Luz-Coro-Galicia-Coruna-Musica-Galega-Poesia-Federico-Mosquera-Baldo-Ramos-Anxo-Angueira-Fernandez-Sanmartin051-300x200.jpg 300w, https:\/\/corocantabile.gal\/wp-content\/uploads\/2021\/09\/Cantabile-Palabras-de-Luz-Coro-Galicia-Coruna-Musica-Galega-Poesia-Federico-Mosquera-Baldo-Ramos-Anxo-Angueira-Fernandez-Sanmartin051-768x512.jpg 768w, https:\/\/corocantabile.gal\/wp-content\/uploads\/2021\/09\/Cantabile-Palabras-de-Luz-Coro-Galicia-Coruna-Musica-Galega-Poesia-Federico-Mosquera-Baldo-Ramos-Anxo-Angueira-Fernandez-Sanmartin051-960x640.jpg 960w, https:\/\/corocantabile.gal\/wp-content\/uploads\/2021\/09\/Cantabile-Palabras-de-Luz-Coro-Galicia-Coruna-Musica-Galega-Poesia-Federico-Mosquera-Baldo-Ramos-Anxo-Angueira-Fernandez-Sanmartin051-615x410.jpg 615w, https:\/\/corocantabile.gal\/wp-content\/uploads\/2021\/09\/Cantabile-Palabras-de-Luz-Coro-Galicia-Coruna-Musica-Galega-Poesia-Federico-Mosquera-Baldo-Ramos-Anxo-Angueira-Fernandez-Sanmartin051-1290x860.jpg 1290w, https:\/\/corocantabile.gal\/wp-content\/uploads\/2021\/09\/Cantabile-Palabras-de-Luz-Coro-Galicia-Coruna-Musica-Galega-Poesia-Federico-Mosquera-Baldo-Ramos-Anxo-Angueira-Fernandez-Sanmartin051-690x460.jpg 690w, https:\/\/corocantabile.gal\/wp-content\/uploads\/2021\/09\/Cantabile-Palabras-de-Luz-Coro-Galicia-Coruna-Musica-Galega-Poesia-Federico-Mosquera-Baldo-Ramos-Anxo-Angueira-Fernandez-Sanmartin051.jpg 1500w\" sizes=\"(max-width: 1024px) 100vw, 1024px\" \/><\/figure><\/li><li class=\"blocks-gallery-item\"><figure><img loading=\"lazy\" width=\"1024\" height=\"683\" src=\"https:\/\/corocantabile.gal\/wp-content\/uploads\/2021\/09\/Cantabile-Palabras-de-Luz-Coro-Galicia-Coruna-Musica-Galega-Poesia-Manuel-Rivas-Juan-Duran-Buide-Lucia-Cernadas-Colon-Galego-Dores-Tembras-Antia-Otero-Pallares017-1024x683.jpg\" alt=\"\" data-id=\"399\" data-full-url=\"https:\/\/corocantabile.gal\/wp-content\/uploads\/2021\/09\/Cantabile-Palabras-de-Luz-Coro-Galicia-Coruna-Musica-Galega-Poesia-Manuel-Rivas-Juan-Duran-Buide-Lucia-Cernadas-Colon-Galego-Dores-Tembras-Antia-Otero-Pallares017.jpg\" data-link=\"https:\/\/corocantabile.gal\/?attachment_id=399\" class=\"wp-image-399\" srcset=\"https:\/\/corocantabile.gal\/wp-content\/uploads\/2021\/09\/Cantabile-Palabras-de-Luz-Coro-Galicia-Coruna-Musica-Galega-Poesia-Manuel-Rivas-Juan-Duran-Buide-Lucia-Cernadas-Colon-Galego-Dores-Tembras-Antia-Otero-Pallares017-1024x683.jpg 1024w, https:\/\/corocantabile.gal\/wp-content\/uploads\/2021\/09\/Cantabile-Palabras-de-Luz-Coro-Galicia-Coruna-Musica-Galega-Poesia-Manuel-Rivas-Juan-Duran-Buide-Lucia-Cernadas-Colon-Galego-Dores-Tembras-Antia-Otero-Pallares017-300x200.jpg 300w, https:\/\/corocantabile.gal\/wp-content\/uploads\/2021\/09\/Cantabile-Palabras-de-Luz-Coro-Galicia-Coruna-Musica-Galega-Poesia-Manuel-Rivas-Juan-Duran-Buide-Lucia-Cernadas-Colon-Galego-Dores-Tembras-Antia-Otero-Pallares017-768x512.jpg 768w, https:\/\/corocantabile.gal\/wp-content\/uploads\/2021\/09\/Cantabile-Palabras-de-Luz-Coro-Galicia-Coruna-Musica-Galega-Poesia-Manuel-Rivas-Juan-Duran-Buide-Lucia-Cernadas-Colon-Galego-Dores-Tembras-Antia-Otero-Pallares017-960x640.jpg 960w, https:\/\/corocantabile.gal\/wp-content\/uploads\/2021\/09\/Cantabile-Palabras-de-Luz-Coro-Galicia-Coruna-Musica-Galega-Poesia-Manuel-Rivas-Juan-Duran-Buide-Lucia-Cernadas-Colon-Galego-Dores-Tembras-Antia-Otero-Pallares017-615x410.jpg 615w, https:\/\/corocantabile.gal\/wp-content\/uploads\/2021\/09\/Cantabile-Palabras-de-Luz-Coro-Galicia-Coruna-Musica-Galega-Poesia-Manuel-Rivas-Juan-Duran-Buide-Lucia-Cernadas-Colon-Galego-Dores-Tembras-Antia-Otero-Pallares017-1290x860.jpg 1290w, https:\/\/corocantabile.gal\/wp-content\/uploads\/2021\/09\/Cantabile-Palabras-de-Luz-Coro-Galicia-Coruna-Musica-Galega-Poesia-Manuel-Rivas-Juan-Duran-Buide-Lucia-Cernadas-Colon-Galego-Dores-Tembras-Antia-Otero-Pallares017-690x460.jpg 690w, https:\/\/corocantabile.gal\/wp-content\/uploads\/2021\/09\/Cantabile-Palabras-de-Luz-Coro-Galicia-Coruna-Musica-Galega-Poesia-Manuel-Rivas-Juan-Duran-Buide-Lucia-Cernadas-Colon-Galego-Dores-Tembras-Antia-Otero-Pallares017.jpg 1500w\" sizes=\"(max-width: 1024px) 100vw, 1024px\" \/><\/figure><\/li><li class=\"blocks-gallery-item\"><figure><img loading=\"lazy\" width=\"1024\" height=\"683\" src=\"https:\/\/corocantabile.gal\/wp-content\/uploads\/2021\/09\/Cantabile-Palabras-de-Luz-Coro-Galicia-Coruna-Musica-Galega-Poesia-Federico-Mosquera-Baldo-Ramos-Anxo-Angueira-Fernandez-Sanmartin049-1024x683.jpg\" alt=\"\" data-id=\"400\" data-full-url=\"https:\/\/corocantabile.gal\/wp-content\/uploads\/2021\/09\/Cantabile-Palabras-de-Luz-Coro-Galicia-Coruna-Musica-Galega-Poesia-Federico-Mosquera-Baldo-Ramos-Anxo-Angueira-Fernandez-Sanmartin049.jpg\" data-link=\"https:\/\/corocantabile.gal\/?attachment_id=400\" class=\"wp-image-400\" srcset=\"https:\/\/corocantabile.gal\/wp-content\/uploads\/2021\/09\/Cantabile-Palabras-de-Luz-Coro-Galicia-Coruna-Musica-Galega-Poesia-Federico-Mosquera-Baldo-Ramos-Anxo-Angueira-Fernandez-Sanmartin049-1024x683.jpg 1024w, https:\/\/corocantabile.gal\/wp-content\/uploads\/2021\/09\/Cantabile-Palabras-de-Luz-Coro-Galicia-Coruna-Musica-Galega-Poesia-Federico-Mosquera-Baldo-Ramos-Anxo-Angueira-Fernandez-Sanmartin049-300x200.jpg 300w, https:\/\/corocantabile.gal\/wp-content\/uploads\/2021\/09\/Cantabile-Palabras-de-Luz-Coro-Galicia-Coruna-Musica-Galega-Poesia-Federico-Mosquera-Baldo-Ramos-Anxo-Angueira-Fernandez-Sanmartin049-768x512.jpg 768w, https:\/\/corocantabile.gal\/wp-content\/uploads\/2021\/09\/Cantabile-Palabras-de-Luz-Coro-Galicia-Coruna-Musica-Galega-Poesia-Federico-Mosquera-Baldo-Ramos-Anxo-Angueira-Fernandez-Sanmartin049-960x640.jpg 960w, https:\/\/corocantabile.gal\/wp-content\/uploads\/2021\/09\/Cantabile-Palabras-de-Luz-Coro-Galicia-Coruna-Musica-Galega-Poesia-Federico-Mosquera-Baldo-Ramos-Anxo-Angueira-Fernandez-Sanmartin049-615x410.jpg 615w, https:\/\/corocantabile.gal\/wp-content\/uploads\/2021\/09\/Cantabile-Palabras-de-Luz-Coro-Galicia-Coruna-Musica-Galega-Poesia-Federico-Mosquera-Baldo-Ramos-Anxo-Angueira-Fernandez-Sanmartin049-1290x860.jpg 1290w, https:\/\/corocantabile.gal\/wp-content\/uploads\/2021\/09\/Cantabile-Palabras-de-Luz-Coro-Galicia-Coruna-Musica-Galega-Poesia-Federico-Mosquera-Baldo-Ramos-Anxo-Angueira-Fernandez-Sanmartin049-690x460.jpg 690w, https:\/\/corocantabile.gal\/wp-content\/uploads\/2021\/09\/Cantabile-Palabras-de-Luz-Coro-Galicia-Coruna-Musica-Galega-Poesia-Federico-Mosquera-Baldo-Ramos-Anxo-Angueira-Fernandez-Sanmartin049.jpg 1500w\" sizes=\"(max-width: 1024px) 100vw, 1024px\" \/><\/figure><\/li><li class=\"blocks-gallery-item\"><figure><img loading=\"lazy\" width=\"1024\" height=\"683\" src=\"https:\/\/corocantabile.gal\/wp-content\/uploads\/2021\/09\/Cantabile-Palabras-de-Luz-Coro-Galicia-Coruna-Musica-Galega-Poesia-Manuel-Rivas-Juan-Duran-Buide-Lucia-Cernadas-Colon-Galego-Dores-Tembras-Antia-Otero-Pallares018-1024x683.jpg\" alt=\"\" data-id=\"401\" data-full-url=\"https:\/\/corocantabile.gal\/wp-content\/uploads\/2021\/09\/Cantabile-Palabras-de-Luz-Coro-Galicia-Coruna-Musica-Galega-Poesia-Manuel-Rivas-Juan-Duran-Buide-Lucia-Cernadas-Colon-Galego-Dores-Tembras-Antia-Otero-Pallares018.jpg\" data-link=\"https:\/\/corocantabile.gal\/?attachment_id=401\" class=\"wp-image-401\" srcset=\"https:\/\/corocantabile.gal\/wp-content\/uploads\/2021\/09\/Cantabile-Palabras-de-Luz-Coro-Galicia-Coruna-Musica-Galega-Poesia-Manuel-Rivas-Juan-Duran-Buide-Lucia-Cernadas-Colon-Galego-Dores-Tembras-Antia-Otero-Pallares018-1024x683.jpg 1024w, https:\/\/corocantabile.gal\/wp-content\/uploads\/2021\/09\/Cantabile-Palabras-de-Luz-Coro-Galicia-Coruna-Musica-Galega-Poesia-Manuel-Rivas-Juan-Duran-Buide-Lucia-Cernadas-Colon-Galego-Dores-Tembras-Antia-Otero-Pallares018-300x200.jpg 300w, https:\/\/corocantabile.gal\/wp-content\/uploads\/2021\/09\/Cantabile-Palabras-de-Luz-Coro-Galicia-Coruna-Musica-Galega-Poesia-Manuel-Rivas-Juan-Duran-Buide-Lucia-Cernadas-Colon-Galego-Dores-Tembras-Antia-Otero-Pallares018-768x512.jpg 768w, https:\/\/corocantabile.gal\/wp-content\/uploads\/2021\/09\/Cantabile-Palabras-de-Luz-Coro-Galicia-Coruna-Musica-Galega-Poesia-Manuel-Rivas-Juan-Duran-Buide-Lucia-Cernadas-Colon-Galego-Dores-Tembras-Antia-Otero-Pallares018-960x640.jpg 960w, https:\/\/corocantabile.gal\/wp-content\/uploads\/2021\/09\/Cantabile-Palabras-de-Luz-Coro-Galicia-Coruna-Musica-Galega-Poesia-Manuel-Rivas-Juan-Duran-Buide-Lucia-Cernadas-Colon-Galego-Dores-Tembras-Antia-Otero-Pallares018-615x410.jpg 615w, https:\/\/corocantabile.gal\/wp-content\/uploads\/2021\/09\/Cantabile-Palabras-de-Luz-Coro-Galicia-Coruna-Musica-Galega-Poesia-Manuel-Rivas-Juan-Duran-Buide-Lucia-Cernadas-Colon-Galego-Dores-Tembras-Antia-Otero-Pallares018-1290x860.jpg 1290w, https:\/\/corocantabile.gal\/wp-content\/uploads\/2021\/09\/Cantabile-Palabras-de-Luz-Coro-Galicia-Coruna-Musica-Galega-Poesia-Manuel-Rivas-Juan-Duran-Buide-Lucia-Cernadas-Colon-Galego-Dores-Tembras-Antia-Otero-Pallares018-690x460.jpg 690w, https:\/\/corocantabile.gal\/wp-content\/uploads\/2021\/09\/Cantabile-Palabras-de-Luz-Coro-Galicia-Coruna-Musica-Galega-Poesia-Manuel-Rivas-Juan-Duran-Buide-Lucia-Cernadas-Colon-Galego-Dores-Tembras-Antia-Otero-Pallares018.jpg 1500w\" sizes=\"(max-width: 1024px) 100vw, 1024px\" \/><\/figure><\/li><li class=\"blocks-gallery-item\"><figure><img loading=\"lazy\" width=\"1024\" height=\"683\" src=\"https:\/\/corocantabile.gal\/wp-content\/uploads\/2021\/09\/Cantabile-Palabras-de-Luz-Coro-Galicia-Coruna-Musica-Galega-Poesia-Federico-Mosquera-Baldo-Ramos-Anxo-Angueira-Fernandez-Sanmartin052-1024x683.jpg\" alt=\"\" data-id=\"402\" data-full-url=\"https:\/\/corocantabile.gal\/wp-content\/uploads\/2021\/09\/Cantabile-Palabras-de-Luz-Coro-Galicia-Coruna-Musica-Galega-Poesia-Federico-Mosquera-Baldo-Ramos-Anxo-Angueira-Fernandez-Sanmartin052.jpg\" data-link=\"https:\/\/corocantabile.gal\/?attachment_id=402\" class=\"wp-image-402\" srcset=\"https:\/\/corocantabile.gal\/wp-content\/uploads\/2021\/09\/Cantabile-Palabras-de-Luz-Coro-Galicia-Coruna-Musica-Galega-Poesia-Federico-Mosquera-Baldo-Ramos-Anxo-Angueira-Fernandez-Sanmartin052-1024x683.jpg 1024w, https:\/\/corocantabile.gal\/wp-content\/uploads\/2021\/09\/Cantabile-Palabras-de-Luz-Coro-Galicia-Coruna-Musica-Galega-Poesia-Federico-Mosquera-Baldo-Ramos-Anxo-Angueira-Fernandez-Sanmartin052-300x200.jpg 300w, https:\/\/corocantabile.gal\/wp-content\/uploads\/2021\/09\/Cantabile-Palabras-de-Luz-Coro-Galicia-Coruna-Musica-Galega-Poesia-Federico-Mosquera-Baldo-Ramos-Anxo-Angueira-Fernandez-Sanmartin052-768x512.jpg 768w, https:\/\/corocantabile.gal\/wp-content\/uploads\/2021\/09\/Cantabile-Palabras-de-Luz-Coro-Galicia-Coruna-Musica-Galega-Poesia-Federico-Mosquera-Baldo-Ramos-Anxo-Angueira-Fernandez-Sanmartin052-960x640.jpg 960w, https:\/\/corocantabile.gal\/wp-content\/uploads\/2021\/09\/Cantabile-Palabras-de-Luz-Coro-Galicia-Coruna-Musica-Galega-Poesia-Federico-Mosquera-Baldo-Ramos-Anxo-Angueira-Fernandez-Sanmartin052-615x410.jpg 615w, https:\/\/corocantabile.gal\/wp-content\/uploads\/2021\/09\/Cantabile-Palabras-de-Luz-Coro-Galicia-Coruna-Musica-Galega-Poesia-Federico-Mosquera-Baldo-Ramos-Anxo-Angueira-Fernandez-Sanmartin052-1290x860.jpg 1290w, https:\/\/corocantabile.gal\/wp-content\/uploads\/2021\/09\/Cantabile-Palabras-de-Luz-Coro-Galicia-Coruna-Musica-Galega-Poesia-Federico-Mosquera-Baldo-Ramos-Anxo-Angueira-Fernandez-Sanmartin052-690x460.jpg 690w, https:\/\/corocantabile.gal\/wp-content\/uploads\/2021\/09\/Cantabile-Palabras-de-Luz-Coro-Galicia-Coruna-Musica-Galega-Poesia-Federico-Mosquera-Baldo-Ramos-Anxo-Angueira-Fernandez-Sanmartin052.jpg 1500w\" sizes=\"(max-width: 1024px) 100vw, 1024px\" \/><\/figure><\/li><li class=\"blocks-gallery-item\"><figure><img loading=\"lazy\" width=\"1024\" height=\"683\" src=\"https:\/\/corocantabile.gal\/wp-content\/uploads\/2021\/09\/Cantabile-Palabras-de-Luz-Coro-Galicia-Coruna-Musica-Galega-Poesia-Manuel-Rivas-Juan-Duran-Buide-Lucia-Cernadas-Colon-Galego-Dores-Tembras-Antia-Otero-Pallares032-1024x683.jpg\" alt=\"\" data-id=\"403\" data-full-url=\"https:\/\/corocantabile.gal\/wp-content\/uploads\/2021\/09\/Cantabile-Palabras-de-Luz-Coro-Galicia-Coruna-Musica-Galega-Poesia-Manuel-Rivas-Juan-Duran-Buide-Lucia-Cernadas-Colon-Galego-Dores-Tembras-Antia-Otero-Pallares032.jpg\" data-link=\"https:\/\/corocantabile.gal\/?attachment_id=403\" class=\"wp-image-403\" srcset=\"https:\/\/corocantabile.gal\/wp-content\/uploads\/2021\/09\/Cantabile-Palabras-de-Luz-Coro-Galicia-Coruna-Musica-Galega-Poesia-Manuel-Rivas-Juan-Duran-Buide-Lucia-Cernadas-Colon-Galego-Dores-Tembras-Antia-Otero-Pallares032-1024x683.jpg 1024w, https:\/\/corocantabile.gal\/wp-content\/uploads\/2021\/09\/Cantabile-Palabras-de-Luz-Coro-Galicia-Coruna-Musica-Galega-Poesia-Manuel-Rivas-Juan-Duran-Buide-Lucia-Cernadas-Colon-Galego-Dores-Tembras-Antia-Otero-Pallares032-300x200.jpg 300w, https:\/\/corocantabile.gal\/wp-content\/uploads\/2021\/09\/Cantabile-Palabras-de-Luz-Coro-Galicia-Coruna-Musica-Galega-Poesia-Manuel-Rivas-Juan-Duran-Buide-Lucia-Cernadas-Colon-Galego-Dores-Tembras-Antia-Otero-Pallares032-768x512.jpg 768w, https:\/\/corocantabile.gal\/wp-content\/uploads\/2021\/09\/Cantabile-Palabras-de-Luz-Coro-Galicia-Coruna-Musica-Galega-Poesia-Manuel-Rivas-Juan-Duran-Buide-Lucia-Cernadas-Colon-Galego-Dores-Tembras-Antia-Otero-Pallares032-960x640.jpg 960w, https:\/\/corocantabile.gal\/wp-content\/uploads\/2021\/09\/Cantabile-Palabras-de-Luz-Coro-Galicia-Coruna-Musica-Galega-Poesia-Manuel-Rivas-Juan-Duran-Buide-Lucia-Cernadas-Colon-Galego-Dores-Tembras-Antia-Otero-Pallares032-615x410.jpg 615w, https:\/\/corocantabile.gal\/wp-content\/uploads\/2021\/09\/Cantabile-Palabras-de-Luz-Coro-Galicia-Coruna-Musica-Galega-Poesia-Manuel-Rivas-Juan-Duran-Buide-Lucia-Cernadas-Colon-Galego-Dores-Tembras-Antia-Otero-Pallares032-1290x860.jpg 1290w, https:\/\/corocantabile.gal\/wp-content\/uploads\/2021\/09\/Cantabile-Palabras-de-Luz-Coro-Galicia-Coruna-Musica-Galega-Poesia-Manuel-Rivas-Juan-Duran-Buide-Lucia-Cernadas-Colon-Galego-Dores-Tembras-Antia-Otero-Pallares032-690x460.jpg 690w, https:\/\/corocantabile.gal\/wp-content\/uploads\/2021\/09\/Cantabile-Palabras-de-Luz-Coro-Galicia-Coruna-Musica-Galega-Poesia-Manuel-Rivas-Juan-Duran-Buide-Lucia-Cernadas-Colon-Galego-Dores-Tembras-Antia-Otero-Pallares032.jpg 1500w\" sizes=\"(max-width: 1024px) 100vw, 1024px\" \/><\/figure><\/li><li class=\"blocks-gallery-item\"><figure><img loading=\"lazy\" width=\"1024\" height=\"683\" src=\"https:\/\/corocantabile.gal\/wp-content\/uploads\/2021\/09\/Cantabile-Palabras-de-Luz-Coro-Galicia-Coruna-Musica-Galega-Poesia-Federico-Mosquera-Baldo-Ramos-Anxo-Angueira-Fernandez-Sanmartin061-1024x683.jpg\" alt=\"\" data-id=\"404\" data-full-url=\"https:\/\/corocantabile.gal\/wp-content\/uploads\/2021\/09\/Cantabile-Palabras-de-Luz-Coro-Galicia-Coruna-Musica-Galega-Poesia-Federico-Mosquera-Baldo-Ramos-Anxo-Angueira-Fernandez-Sanmartin061.jpg\" data-link=\"https:\/\/corocantabile.gal\/?attachment_id=404\" class=\"wp-image-404\" srcset=\"https:\/\/corocantabile.gal\/wp-content\/uploads\/2021\/09\/Cantabile-Palabras-de-Luz-Coro-Galicia-Coruna-Musica-Galega-Poesia-Federico-Mosquera-Baldo-Ramos-Anxo-Angueira-Fernandez-Sanmartin061-1024x683.jpg 1024w, https:\/\/corocantabile.gal\/wp-content\/uploads\/2021\/09\/Cantabile-Palabras-de-Luz-Coro-Galicia-Coruna-Musica-Galega-Poesia-Federico-Mosquera-Baldo-Ramos-Anxo-Angueira-Fernandez-Sanmartin061-300x200.jpg 300w, https:\/\/corocantabile.gal\/wp-content\/uploads\/2021\/09\/Cantabile-Palabras-de-Luz-Coro-Galicia-Coruna-Musica-Galega-Poesia-Federico-Mosquera-Baldo-Ramos-Anxo-Angueira-Fernandez-Sanmartin061-768x512.jpg 768w, https:\/\/corocantabile.gal\/wp-content\/uploads\/2021\/09\/Cantabile-Palabras-de-Luz-Coro-Galicia-Coruna-Musica-Galega-Poesia-Federico-Mosquera-Baldo-Ramos-Anxo-Angueira-Fernandez-Sanmartin061-960x640.jpg 960w, https:\/\/corocantabile.gal\/wp-content\/uploads\/2021\/09\/Cantabile-Palabras-de-Luz-Coro-Galicia-Coruna-Musica-Galega-Poesia-Federico-Mosquera-Baldo-Ramos-Anxo-Angueira-Fernandez-Sanmartin061-615x410.jpg 615w, https:\/\/corocantabile.gal\/wp-content\/uploads\/2021\/09\/Cantabile-Palabras-de-Luz-Coro-Galicia-Coruna-Musica-Galega-Poesia-Federico-Mosquera-Baldo-Ramos-Anxo-Angueira-Fernandez-Sanmartin061-1290x860.jpg 1290w, https:\/\/corocantabile.gal\/wp-content\/uploads\/2021\/09\/Cantabile-Palabras-de-Luz-Coro-Galicia-Coruna-Musica-Galega-Poesia-Federico-Mosquera-Baldo-Ramos-Anxo-Angueira-Fernandez-Sanmartin061-690x460.jpg 690w, https:\/\/corocantabile.gal\/wp-content\/uploads\/2021\/09\/Cantabile-Palabras-de-Luz-Coro-Galicia-Coruna-Musica-Galega-Poesia-Federico-Mosquera-Baldo-Ramos-Anxo-Angueira-Fernandez-Sanmartin061.jpg 1500w\" sizes=\"(max-width: 1024px) 100vw, 1024px\" \/><\/figure><\/li><li class=\"blocks-gallery-item\"><figure><img loading=\"lazy\" width=\"1024\" height=\"683\" src=\"https:\/\/corocantabile.gal\/wp-content\/uploads\/2021\/09\/Cantabile-Palabras-de-Luz-Coro-Galicia-Coruna-Musica-Galega-Poesia-Manuel-Rivas-Juan-Duran-Buide-Lucia-Cernadas-Traballo-Galego-Dores-Tembras-Antia-Otero-Pallares006-1024x683.jpg\" alt=\"\" data-id=\"405\" data-full-url=\"https:\/\/corocantabile.gal\/wp-content\/uploads\/2021\/09\/Cantabile-Palabras-de-Luz-Coro-Galicia-Coruna-Musica-Galega-Poesia-Manuel-Rivas-Juan-Duran-Buide-Lucia-Cernadas-Traballo-Galego-Dores-Tembras-Antia-Otero-Pallares006.jpg\" data-link=\"https:\/\/corocantabile.gal\/?attachment_id=405\" class=\"wp-image-405\" srcset=\"https:\/\/corocantabile.gal\/wp-content\/uploads\/2021\/09\/Cantabile-Palabras-de-Luz-Coro-Galicia-Coruna-Musica-Galega-Poesia-Manuel-Rivas-Juan-Duran-Buide-Lucia-Cernadas-Traballo-Galego-Dores-Tembras-Antia-Otero-Pallares006-1024x683.jpg 1024w, https:\/\/corocantabile.gal\/wp-content\/uploads\/2021\/09\/Cantabile-Palabras-de-Luz-Coro-Galicia-Coruna-Musica-Galega-Poesia-Manuel-Rivas-Juan-Duran-Buide-Lucia-Cernadas-Traballo-Galego-Dores-Tembras-Antia-Otero-Pallares006-300x200.jpg 300w, https:\/\/corocantabile.gal\/wp-content\/uploads\/2021\/09\/Cantabile-Palabras-de-Luz-Coro-Galicia-Coruna-Musica-Galega-Poesia-Manuel-Rivas-Juan-Duran-Buide-Lucia-Cernadas-Traballo-Galego-Dores-Tembras-Antia-Otero-Pallares006-768x512.jpg 768w, https:\/\/corocantabile.gal\/wp-content\/uploads\/2021\/09\/Cantabile-Palabras-de-Luz-Coro-Galicia-Coruna-Musica-Galega-Poesia-Manuel-Rivas-Juan-Duran-Buide-Lucia-Cernadas-Traballo-Galego-Dores-Tembras-Antia-Otero-Pallares006-960x640.jpg 960w, https:\/\/corocantabile.gal\/wp-content\/uploads\/2021\/09\/Cantabile-Palabras-de-Luz-Coro-Galicia-Coruna-Musica-Galega-Poesia-Manuel-Rivas-Juan-Duran-Buide-Lucia-Cernadas-Traballo-Galego-Dores-Tembras-Antia-Otero-Pallares006-615x410.jpg 615w, https:\/\/corocantabile.gal\/wp-content\/uploads\/2021\/09\/Cantabile-Palabras-de-Luz-Coro-Galicia-Coruna-Musica-Galega-Poesia-Manuel-Rivas-Juan-Duran-Buide-Lucia-Cernadas-Traballo-Galego-Dores-Tembras-Antia-Otero-Pallares006-1290x860.jpg 1290w, https:\/\/corocantabile.gal\/wp-content\/uploads\/2021\/09\/Cantabile-Palabras-de-Luz-Coro-Galicia-Coruna-Musica-Galega-Poesia-Manuel-Rivas-Juan-Duran-Buide-Lucia-Cernadas-Traballo-Galego-Dores-Tembras-Antia-Otero-Pallares006-690x460.jpg 690w, https:\/\/corocantabile.gal\/wp-content\/uploads\/2021\/09\/Cantabile-Palabras-de-Luz-Coro-Galicia-Coruna-Musica-Galega-Poesia-Manuel-Rivas-Juan-Duran-Buide-Lucia-Cernadas-Traballo-Galego-Dores-Tembras-Antia-Otero-Pallares006.jpg 1500w\" sizes=\"(max-width: 1024px) 100vw, 1024px\" \/><\/figure><\/li><li class=\"blocks-gallery-item\"><figure><img loading=\"lazy\" width=\"1024\" height=\"683\" src=\"https:\/\/corocantabile.gal\/wp-content\/uploads\/2021\/09\/Cantabile-Palabras-de-Luz-Coro-Galicia-Coruna-Musica-Galega-Poesia-Jesus-Rodil-Carlos-Negro-Estibaliz-Espinosa-Eva-Veiga-Maria-Lado-Mosquera094-1024x683.jpg\" alt=\"\" data-id=\"406\" data-full-url=\"https:\/\/corocantabile.gal\/wp-content\/uploads\/2021\/09\/Cantabile-Palabras-de-Luz-Coro-Galicia-Coruna-Musica-Galega-Poesia-Jesus-Rodil-Carlos-Negro-Estibaliz-Espinosa-Eva-Veiga-Maria-Lado-Mosquera094.jpg\" data-link=\"https:\/\/corocantabile.gal\/?attachment_id=406\" class=\"wp-image-406\" srcset=\"https:\/\/corocantabile.gal\/wp-content\/uploads\/2021\/09\/Cantabile-Palabras-de-Luz-Coro-Galicia-Coruna-Musica-Galega-Poesia-Jesus-Rodil-Carlos-Negro-Estibaliz-Espinosa-Eva-Veiga-Maria-Lado-Mosquera094-1024x683.jpg 1024w, https:\/\/corocantabile.gal\/wp-content\/uploads\/2021\/09\/Cantabile-Palabras-de-Luz-Coro-Galicia-Coruna-Musica-Galega-Poesia-Jesus-Rodil-Carlos-Negro-Estibaliz-Espinosa-Eva-Veiga-Maria-Lado-Mosquera094-300x200.jpg 300w, https:\/\/corocantabile.gal\/wp-content\/uploads\/2021\/09\/Cantabile-Palabras-de-Luz-Coro-Galicia-Coruna-Musica-Galega-Poesia-Jesus-Rodil-Carlos-Negro-Estibaliz-Espinosa-Eva-Veiga-Maria-Lado-Mosquera094-768x512.jpg 768w, https:\/\/corocantabile.gal\/wp-content\/uploads\/2021\/09\/Cantabile-Palabras-de-Luz-Coro-Galicia-Coruna-Musica-Galega-Poesia-Jesus-Rodil-Carlos-Negro-Estibaliz-Espinosa-Eva-Veiga-Maria-Lado-Mosquera094-960x640.jpg 960w, https:\/\/corocantabile.gal\/wp-content\/uploads\/2021\/09\/Cantabile-Palabras-de-Luz-Coro-Galicia-Coruna-Musica-Galega-Poesia-Jesus-Rodil-Carlos-Negro-Estibaliz-Espinosa-Eva-Veiga-Maria-Lado-Mosquera094-615x410.jpg 615w, https:\/\/corocantabile.gal\/wp-content\/uploads\/2021\/09\/Cantabile-Palabras-de-Luz-Coro-Galicia-Coruna-Musica-Galega-Poesia-Jesus-Rodil-Carlos-Negro-Estibaliz-Espinosa-Eva-Veiga-Maria-Lado-Mosquera094-1290x860.jpg 1290w, https:\/\/corocantabile.gal\/wp-content\/uploads\/2021\/09\/Cantabile-Palabras-de-Luz-Coro-Galicia-Coruna-Musica-Galega-Poesia-Jesus-Rodil-Carlos-Negro-Estibaliz-Espinosa-Eva-Veiga-Maria-Lado-Mosquera094-690x460.jpg 690w, https:\/\/corocantabile.gal\/wp-content\/uploads\/2021\/09\/Cantabile-Palabras-de-Luz-Coro-Galicia-Coruna-Musica-Galega-Poesia-Jesus-Rodil-Carlos-Negro-Estibaliz-Espinosa-Eva-Veiga-Maria-Lado-Mosquera094.jpg 1500w\" sizes=\"(max-width: 1024px) 100vw, 1024px\" \/><\/figure><\/li><li class=\"blocks-gallery-item\"><figure><img loading=\"lazy\" width=\"1024\" height=\"683\" src=\"https:\/\/corocantabile.gal\/wp-content\/uploads\/2021\/09\/Cantabile-Palabras-de-Luz-Coro-Galicia-Coruna-Musica-Galega-Poesia-Federico-Mosquera-Baldo-Ramos-Anxo-Angueira-Fernandez-Sanmartin060-1024x683.jpg\" alt=\"\" data-id=\"407\" data-full-url=\"https:\/\/corocantabile.gal\/wp-content\/uploads\/2021\/09\/Cantabile-Palabras-de-Luz-Coro-Galicia-Coruna-Musica-Galega-Poesia-Federico-Mosquera-Baldo-Ramos-Anxo-Angueira-Fernandez-Sanmartin060.jpg\" data-link=\"https:\/\/corocantabile.gal\/?attachment_id=407\" class=\"wp-image-407\" srcset=\"https:\/\/corocantabile.gal\/wp-content\/uploads\/2021\/09\/Cantabile-Palabras-de-Luz-Coro-Galicia-Coruna-Musica-Galega-Poesia-Federico-Mosquera-Baldo-Ramos-Anxo-Angueira-Fernandez-Sanmartin060-1024x683.jpg 1024w, https:\/\/corocantabile.gal\/wp-content\/uploads\/2021\/09\/Cantabile-Palabras-de-Luz-Coro-Galicia-Coruna-Musica-Galega-Poesia-Federico-Mosquera-Baldo-Ramos-Anxo-Angueira-Fernandez-Sanmartin060-300x200.jpg 300w, https:\/\/corocantabile.gal\/wp-content\/uploads\/2021\/09\/Cantabile-Palabras-de-Luz-Coro-Galicia-Coruna-Musica-Galega-Poesia-Federico-Mosquera-Baldo-Ramos-Anxo-Angueira-Fernandez-Sanmartin060-768x512.jpg 768w, https:\/\/corocantabile.gal\/wp-content\/uploads\/2021\/09\/Cantabile-Palabras-de-Luz-Coro-Galicia-Coruna-Musica-Galega-Poesia-Federico-Mosquera-Baldo-Ramos-Anxo-Angueira-Fernandez-Sanmartin060-960x640.jpg 960w, https:\/\/corocantabile.gal\/wp-content\/uploads\/2021\/09\/Cantabile-Palabras-de-Luz-Coro-Galicia-Coruna-Musica-Galega-Poesia-Federico-Mosquera-Baldo-Ramos-Anxo-Angueira-Fernandez-Sanmartin060-615x410.jpg 615w, https:\/\/corocantabile.gal\/wp-content\/uploads\/2021\/09\/Cantabile-Palabras-de-Luz-Coro-Galicia-Coruna-Musica-Galega-Poesia-Federico-Mosquera-Baldo-Ramos-Anxo-Angueira-Fernandez-Sanmartin060-1290x860.jpg 1290w, https:\/\/corocantabile.gal\/wp-content\/uploads\/2021\/09\/Cantabile-Palabras-de-Luz-Coro-Galicia-Coruna-Musica-Galega-Poesia-Federico-Mosquera-Baldo-Ramos-Anxo-Angueira-Fernandez-Sanmartin060-690x460.jpg 690w, https:\/\/corocantabile.gal\/wp-content\/uploads\/2021\/09\/Cantabile-Palabras-de-Luz-Coro-Galicia-Coruna-Musica-Galega-Poesia-Federico-Mosquera-Baldo-Ramos-Anxo-Angueira-Fernandez-Sanmartin060.jpg 1500w\" sizes=\"(max-width: 1024px) 100vw, 1024px\" \/><\/figure><\/li><li class=\"blocks-gallery-item\"><figure><img loading=\"lazy\" width=\"1024\" height=\"683\" src=\"https:\/\/corocantabile.gal\/wp-content\/uploads\/2021\/09\/Cantabile-Palabras-de-Luz-Coro-Galicia-Coruna-Musica-Galega-Poesia-Manuel-Rivas-Juan-Duran-Buide-Lucia-Cernadas-Traballo-Galego-Dores-Tembras-Antia-Otero-Pallares011-1024x683.jpg\" alt=\"\" data-id=\"408\" data-full-url=\"https:\/\/corocantabile.gal\/wp-content\/uploads\/2021\/09\/Cantabile-Palabras-de-Luz-Coro-Galicia-Coruna-Musica-Galega-Poesia-Manuel-Rivas-Juan-Duran-Buide-Lucia-Cernadas-Traballo-Galego-Dores-Tembras-Antia-Otero-Pallares011.jpg\" data-link=\"https:\/\/corocantabile.gal\/?attachment_id=408\" class=\"wp-image-408\" srcset=\"https:\/\/corocantabile.gal\/wp-content\/uploads\/2021\/09\/Cantabile-Palabras-de-Luz-Coro-Galicia-Coruna-Musica-Galega-Poesia-Manuel-Rivas-Juan-Duran-Buide-Lucia-Cernadas-Traballo-Galego-Dores-Tembras-Antia-Otero-Pallares011-1024x683.jpg 1024w, https:\/\/corocantabile.gal\/wp-content\/uploads\/2021\/09\/Cantabile-Palabras-de-Luz-Coro-Galicia-Coruna-Musica-Galega-Poesia-Manuel-Rivas-Juan-Duran-Buide-Lucia-Cernadas-Traballo-Galego-Dores-Tembras-Antia-Otero-Pallares011-300x200.jpg 300w, https:\/\/corocantabile.gal\/wp-content\/uploads\/2021\/09\/Cantabile-Palabras-de-Luz-Coro-Galicia-Coruna-Musica-Galega-Poesia-Manuel-Rivas-Juan-Duran-Buide-Lucia-Cernadas-Traballo-Galego-Dores-Tembras-Antia-Otero-Pallares011-768x512.jpg 768w, https:\/\/corocantabile.gal\/wp-content\/uploads\/2021\/09\/Cantabile-Palabras-de-Luz-Coro-Galicia-Coruna-Musica-Galega-Poesia-Manuel-Rivas-Juan-Duran-Buide-Lucia-Cernadas-Traballo-Galego-Dores-Tembras-Antia-Otero-Pallares011-960x640.jpg 960w, https:\/\/corocantabile.gal\/wp-content\/uploads\/2021\/09\/Cantabile-Palabras-de-Luz-Coro-Galicia-Coruna-Musica-Galega-Poesia-Manuel-Rivas-Juan-Duran-Buide-Lucia-Cernadas-Traballo-Galego-Dores-Tembras-Antia-Otero-Pallares011-615x410.jpg 615w, https:\/\/corocantabile.gal\/wp-content\/uploads\/2021\/09\/Cantabile-Palabras-de-Luz-Coro-Galicia-Coruna-Musica-Galega-Poesia-Manuel-Rivas-Juan-Duran-Buide-Lucia-Cernadas-Traballo-Galego-Dores-Tembras-Antia-Otero-Pallares011-1290x860.jpg 1290w, https:\/\/corocantabile.gal\/wp-content\/uploads\/2021\/09\/Cantabile-Palabras-de-Luz-Coro-Galicia-Coruna-Musica-Galega-Poesia-Manuel-Rivas-Juan-Duran-Buide-Lucia-Cernadas-Traballo-Galego-Dores-Tembras-Antia-Otero-Pallares011-690x460.jpg 690w, https:\/\/corocantabile.gal\/wp-content\/uploads\/2021\/09\/Cantabile-Palabras-de-Luz-Coro-Galicia-Coruna-Musica-Galega-Poesia-Manuel-Rivas-Juan-Duran-Buide-Lucia-Cernadas-Traballo-Galego-Dores-Tembras-Antia-Otero-Pallares011.jpg 1500w\" sizes=\"(max-width: 1024px) 100vw, 1024px\" \/><\/figure><\/li><li class=\"blocks-gallery-item\"><figure><img loading=\"lazy\" width=\"1024\" height=\"683\" src=\"https:\/\/corocantabile.gal\/wp-content\/uploads\/2021\/09\/Cantabile-Palabras-de-Luz-Coro-Galicia-Coruna-Musica-Galega-Poesia-Federico-Mosquera-Baldo-Ramos-Anxo-Angueira-Fernandez-Sanmartin055-1024x683.jpg\" alt=\"\" data-id=\"409\" data-full-url=\"https:\/\/corocantabile.gal\/wp-content\/uploads\/2021\/09\/Cantabile-Palabras-de-Luz-Coro-Galicia-Coruna-Musica-Galega-Poesia-Federico-Mosquera-Baldo-Ramos-Anxo-Angueira-Fernandez-Sanmartin055.jpg\" data-link=\"https:\/\/corocantabile.gal\/?attachment_id=409\" class=\"wp-image-409\" srcset=\"https:\/\/corocantabile.gal\/wp-content\/uploads\/2021\/09\/Cantabile-Palabras-de-Luz-Coro-Galicia-Coruna-Musica-Galega-Poesia-Federico-Mosquera-Baldo-Ramos-Anxo-Angueira-Fernandez-Sanmartin055-1024x683.jpg 1024w, https:\/\/corocantabile.gal\/wp-content\/uploads\/2021\/09\/Cantabile-Palabras-de-Luz-Coro-Galicia-Coruna-Musica-Galega-Poesia-Federico-Mosquera-Baldo-Ramos-Anxo-Angueira-Fernandez-Sanmartin055-300x200.jpg 300w, https:\/\/corocantabile.gal\/wp-content\/uploads\/2021\/09\/Cantabile-Palabras-de-Luz-Coro-Galicia-Coruna-Musica-Galega-Poesia-Federico-Mosquera-Baldo-Ramos-Anxo-Angueira-Fernandez-Sanmartin055-768x512.jpg 768w, https:\/\/corocantabile.gal\/wp-content\/uploads\/2021\/09\/Cantabile-Palabras-de-Luz-Coro-Galicia-Coruna-Musica-Galega-Poesia-Federico-Mosquera-Baldo-Ramos-Anxo-Angueira-Fernandez-Sanmartin055-960x640.jpg 960w, https:\/\/corocantabile.gal\/wp-content\/uploads\/2021\/09\/Cantabile-Palabras-de-Luz-Coro-Galicia-Coruna-Musica-Galega-Poesia-Federico-Mosquera-Baldo-Ramos-Anxo-Angueira-Fernandez-Sanmartin055-615x410.jpg 615w, https:\/\/corocantabile.gal\/wp-content\/uploads\/2021\/09\/Cantabile-Palabras-de-Luz-Coro-Galicia-Coruna-Musica-Galega-Poesia-Federico-Mosquera-Baldo-Ramos-Anxo-Angueira-Fernandez-Sanmartin055-1290x860.jpg 1290w, https:\/\/corocantabile.gal\/wp-content\/uploads\/2021\/09\/Cantabile-Palabras-de-Luz-Coro-Galicia-Coruna-Musica-Galega-Poesia-Federico-Mosquera-Baldo-Ramos-Anxo-Angueira-Fernandez-Sanmartin055-690x460.jpg 690w, https:\/\/corocantabile.gal\/wp-content\/uploads\/2021\/09\/Cantabile-Palabras-de-Luz-Coro-Galicia-Coruna-Musica-Galega-Poesia-Federico-Mosquera-Baldo-Ramos-Anxo-Angueira-Fernandez-Sanmartin055.jpg 1500w\" sizes=\"(max-width: 1024px) 100vw, 1024px\" \/><\/figure><\/li><li class=\"blocks-gallery-item\"><figure><img loading=\"lazy\" width=\"1024\" height=\"512\" src=\"https:\/\/corocantabile.gal\/wp-content\/uploads\/2021\/09\/Pan-Cantabile-Palabras-de-Luz-Coro-Galicia-Coruna-Musica-Galega-Poesia-Jesus-Rodil-Carlos-Negro-Estibaliz-Espinosa-Eva-Veiga-Maria-Lado-Mosquera096-1024x512.jpg\" alt=\"\" data-id=\"410\" data-full-url=\"https:\/\/corocantabile.gal\/wp-content\/uploads\/2021\/09\/Pan-Cantabile-Palabras-de-Luz-Coro-Galicia-Coruna-Musica-Galega-Poesia-Jesus-Rodil-Carlos-Negro-Estibaliz-Espinosa-Eva-Veiga-Maria-Lado-Mosquera096.jpg\" data-link=\"https:\/\/corocantabile.gal\/?attachment_id=410\" class=\"wp-image-410\" srcset=\"https:\/\/corocantabile.gal\/wp-content\/uploads\/2021\/09\/Pan-Cantabile-Palabras-de-Luz-Coro-Galicia-Coruna-Musica-Galega-Poesia-Jesus-Rodil-Carlos-Negro-Estibaliz-Espinosa-Eva-Veiga-Maria-Lado-Mosquera096-1024x512.jpg 1024w, https:\/\/corocantabile.gal\/wp-content\/uploads\/2021\/09\/Pan-Cantabile-Palabras-de-Luz-Coro-Galicia-Coruna-Musica-Galega-Poesia-Jesus-Rodil-Carlos-Negro-Estibaliz-Espinosa-Eva-Veiga-Maria-Lado-Mosquera096-300x150.jpg 300w, https:\/\/corocantabile.gal\/wp-content\/uploads\/2021\/09\/Pan-Cantabile-Palabras-de-Luz-Coro-Galicia-Coruna-Musica-Galega-Poesia-Jesus-Rodil-Carlos-Negro-Estibaliz-Espinosa-Eva-Veiga-Maria-Lado-Mosquera096-768x384.jpg 768w, https:\/\/corocantabile.gal\/wp-content\/uploads\/2021\/09\/Pan-Cantabile-Palabras-de-Luz-Coro-Galicia-Coruna-Musica-Galega-Poesia-Jesus-Rodil-Carlos-Negro-Estibaliz-Espinosa-Eva-Veiga-Maria-Lado-Mosquera096-1536x768.jpg 1536w, https:\/\/corocantabile.gal\/wp-content\/uploads\/2021\/09\/Pan-Cantabile-Palabras-de-Luz-Coro-Galicia-Coruna-Musica-Galega-Poesia-Jesus-Rodil-Carlos-Negro-Estibaliz-Espinosa-Eva-Veiga-Maria-Lado-Mosquera096-690x345.jpg 690w, https:\/\/corocantabile.gal\/wp-content\/uploads\/2021\/09\/Pan-Cantabile-Palabras-de-Luz-Coro-Galicia-Coruna-Musica-Galega-Poesia-Jesus-Rodil-Carlos-Negro-Estibaliz-Espinosa-Eva-Veiga-Maria-Lado-Mosquera096.jpg 1920w\" sizes=\"(max-width: 1024px) 100vw, 1024px\" \/><\/figure><\/li><li class=\"blocks-gallery-item\"><figure><img loading=\"lazy\" width=\"1024\" height=\"683\" src=\"https:\/\/corocantabile.gal\/wp-content\/uploads\/2021\/09\/Cantabile-Palabras-de-Luz-Coro-Galicia-Coruna-Musica-Galega-Poesia-Jesus-Rodil-Carlos-Negro-Estibaliz-Espinosa-Eva-Veiga-Maria-Lado-Mosquera089-1024x683.jpg\" alt=\"\" data-id=\"411\" data-full-url=\"https:\/\/corocantabile.gal\/wp-content\/uploads\/2021\/09\/Cantabile-Palabras-de-Luz-Coro-Galicia-Coruna-Musica-Galega-Poesia-Jesus-Rodil-Carlos-Negro-Estibaliz-Espinosa-Eva-Veiga-Maria-Lado-Mosquera089.jpg\" data-link=\"https:\/\/corocantabile.gal\/?attachment_id=411\" class=\"wp-image-411\" srcset=\"https:\/\/corocantabile.gal\/wp-content\/uploads\/2021\/09\/Cantabile-Palabras-de-Luz-Coro-Galicia-Coruna-Musica-Galega-Poesia-Jesus-Rodil-Carlos-Negro-Estibaliz-Espinosa-Eva-Veiga-Maria-Lado-Mosquera089-1024x683.jpg 1024w, https:\/\/corocantabile.gal\/wp-content\/uploads\/2021\/09\/Cantabile-Palabras-de-Luz-Coro-Galicia-Coruna-Musica-Galega-Poesia-Jesus-Rodil-Carlos-Negro-Estibaliz-Espinosa-Eva-Veiga-Maria-Lado-Mosquera089-300x200.jpg 300w, https:\/\/corocantabile.gal\/wp-content\/uploads\/2021\/09\/Cantabile-Palabras-de-Luz-Coro-Galicia-Coruna-Musica-Galega-Poesia-Jesus-Rodil-Carlos-Negro-Estibaliz-Espinosa-Eva-Veiga-Maria-Lado-Mosquera089-768x512.jpg 768w, https:\/\/corocantabile.gal\/wp-content\/uploads\/2021\/09\/Cantabile-Palabras-de-Luz-Coro-Galicia-Coruna-Musica-Galega-Poesia-Jesus-Rodil-Carlos-Negro-Estibaliz-Espinosa-Eva-Veiga-Maria-Lado-Mosquera089-960x640.jpg 960w, https:\/\/corocantabile.gal\/wp-content\/uploads\/2021\/09\/Cantabile-Palabras-de-Luz-Coro-Galicia-Coruna-Musica-Galega-Poesia-Jesus-Rodil-Carlos-Negro-Estibaliz-Espinosa-Eva-Veiga-Maria-Lado-Mosquera089-615x410.jpg 615w, https:\/\/corocantabile.gal\/wp-content\/uploads\/2021\/09\/Cantabile-Palabras-de-Luz-Coro-Galicia-Coruna-Musica-Galega-Poesia-Jesus-Rodil-Carlos-Negro-Estibaliz-Espinosa-Eva-Veiga-Maria-Lado-Mosquera089-1290x860.jpg 1290w, https:\/\/corocantabile.gal\/wp-content\/uploads\/2021\/09\/Cantabile-Palabras-de-Luz-Coro-Galicia-Coruna-Musica-Galega-Poesia-Jesus-Rodil-Carlos-Negro-Estibaliz-Espinosa-Eva-Veiga-Maria-Lado-Mosquera089-690x460.jpg 690w, https:\/\/corocantabile.gal\/wp-content\/uploads\/2021\/09\/Cantabile-Palabras-de-Luz-Coro-Galicia-Coruna-Musica-Galega-Poesia-Jesus-Rodil-Carlos-Negro-Estibaliz-Espinosa-Eva-Veiga-Maria-Lado-Mosquera089.jpg 1500w\" sizes=\"(max-width: 1024px) 100vw, 1024px\" \/><\/figure><\/li><li class=\"blocks-gallery-item\"><figure><img loading=\"lazy\" width=\"1024\" height=\"683\" src=\"https:\/\/corocantabile.gal\/wp-content\/uploads\/2021\/09\/Cantabile-Palabras-de-Luz-Coro-Galicia-Coruna-Musica-Galega-Poesia-Jesus-Rodil-Carlos-Negro-Estibaliz-Espinosa-Eva-Veiga-Maria-Lado-Mosquera074-1024x683.jpg\" alt=\"\" data-id=\"412\" data-full-url=\"https:\/\/corocantabile.gal\/wp-content\/uploads\/2021\/09\/Cantabile-Palabras-de-Luz-Coro-Galicia-Coruna-Musica-Galega-Poesia-Jesus-Rodil-Carlos-Negro-Estibaliz-Espinosa-Eva-Veiga-Maria-Lado-Mosquera074.jpg\" data-link=\"https:\/\/corocantabile.gal\/?attachment_id=412\" class=\"wp-image-412\" srcset=\"https:\/\/corocantabile.gal\/wp-content\/uploads\/2021\/09\/Cantabile-Palabras-de-Luz-Coro-Galicia-Coruna-Musica-Galega-Poesia-Jesus-Rodil-Carlos-Negro-Estibaliz-Espinosa-Eva-Veiga-Maria-Lado-Mosquera074-1024x683.jpg 1024w, https:\/\/corocantabile.gal\/wp-content\/uploads\/2021\/09\/Cantabile-Palabras-de-Luz-Coro-Galicia-Coruna-Musica-Galega-Poesia-Jesus-Rodil-Carlos-Negro-Estibaliz-Espinosa-Eva-Veiga-Maria-Lado-Mosquera074-300x200.jpg 300w, https:\/\/corocantabile.gal\/wp-content\/uploads\/2021\/09\/Cantabile-Palabras-de-Luz-Coro-Galicia-Coruna-Musica-Galega-Poesia-Jesus-Rodil-Carlos-Negro-Estibaliz-Espinosa-Eva-Veiga-Maria-Lado-Mosquera074-768x512.jpg 768w, https:\/\/corocantabile.gal\/wp-content\/uploads\/2021\/09\/Cantabile-Palabras-de-Luz-Coro-Galicia-Coruna-Musica-Galega-Poesia-Jesus-Rodil-Carlos-Negro-Estibaliz-Espinosa-Eva-Veiga-Maria-Lado-Mosquera074-960x640.jpg 960w, https:\/\/corocantabile.gal\/wp-content\/uploads\/2021\/09\/Cantabile-Palabras-de-Luz-Coro-Galicia-Coruna-Musica-Galega-Poesia-Jesus-Rodil-Carlos-Negro-Estibaliz-Espinosa-Eva-Veiga-Maria-Lado-Mosquera074-615x410.jpg 615w, https:\/\/corocantabile.gal\/wp-content\/uploads\/2021\/09\/Cantabile-Palabras-de-Luz-Coro-Galicia-Coruna-Musica-Galega-Poesia-Jesus-Rodil-Carlos-Negro-Estibaliz-Espinosa-Eva-Veiga-Maria-Lado-Mosquera074-1290x860.jpg 1290w, https:\/\/corocantabile.gal\/wp-content\/uploads\/2021\/09\/Cantabile-Palabras-de-Luz-Coro-Galicia-Coruna-Musica-Galega-Poesia-Jesus-Rodil-Carlos-Negro-Estibaliz-Espinosa-Eva-Veiga-Maria-Lado-Mosquera074-690x460.jpg 690w, https:\/\/corocantabile.gal\/wp-content\/uploads\/2021\/09\/Cantabile-Palabras-de-Luz-Coro-Galicia-Coruna-Musica-Galega-Poesia-Jesus-Rodil-Carlos-Negro-Estibaliz-Espinosa-Eva-Veiga-Maria-Lado-Mosquera074.jpg 1500w\" sizes=\"(max-width: 1024px) 100vw, 1024px\" \/><\/figure><\/li><li class=\"blocks-gallery-item\"><figure><img loading=\"lazy\" width=\"1024\" height=\"683\" src=\"https:\/\/corocantabile.gal\/wp-content\/uploads\/2021\/09\/Cantabile-Palabras-de-Luz-Coro-Galicia-Coruna-Musica-Galega-Poesia-Manuel-Rivas-Juan-Duran-Buide-Lucia-Cernadas-Colon-Galego-Dores-Tembras-Antia-Otero-Pallares045-1024x683.jpg\" alt=\"\" data-id=\"413\" data-full-url=\"https:\/\/corocantabile.gal\/wp-content\/uploads\/2021\/09\/Cantabile-Palabras-de-Luz-Coro-Galicia-Coruna-Musica-Galega-Poesia-Manuel-Rivas-Juan-Duran-Buide-Lucia-Cernadas-Colon-Galego-Dores-Tembras-Antia-Otero-Pallares045.jpg\" data-link=\"https:\/\/corocantabile.gal\/?attachment_id=413\" class=\"wp-image-413\" srcset=\"https:\/\/corocantabile.gal\/wp-content\/uploads\/2021\/09\/Cantabile-Palabras-de-Luz-Coro-Galicia-Coruna-Musica-Galega-Poesia-Manuel-Rivas-Juan-Duran-Buide-Lucia-Cernadas-Colon-Galego-Dores-Tembras-Antia-Otero-Pallares045-1024x683.jpg 1024w, https:\/\/corocantabile.gal\/wp-content\/uploads\/2021\/09\/Cantabile-Palabras-de-Luz-Coro-Galicia-Coruna-Musica-Galega-Poesia-Manuel-Rivas-Juan-Duran-Buide-Lucia-Cernadas-Colon-Galego-Dores-Tembras-Antia-Otero-Pallares045-300x200.jpg 300w, https:\/\/corocantabile.gal\/wp-content\/uploads\/2021\/09\/Cantabile-Palabras-de-Luz-Coro-Galicia-Coruna-Musica-Galega-Poesia-Manuel-Rivas-Juan-Duran-Buide-Lucia-Cernadas-Colon-Galego-Dores-Tembras-Antia-Otero-Pallares045-768x512.jpg 768w, https:\/\/corocantabile.gal\/wp-content\/uploads\/2021\/09\/Cantabile-Palabras-de-Luz-Coro-Galicia-Coruna-Musica-Galega-Poesia-Manuel-Rivas-Juan-Duran-Buide-Lucia-Cernadas-Colon-Galego-Dores-Tembras-Antia-Otero-Pallares045-960x640.jpg 960w, https:\/\/corocantabile.gal\/wp-content\/uploads\/2021\/09\/Cantabile-Palabras-de-Luz-Coro-Galicia-Coruna-Musica-Galega-Poesia-Manuel-Rivas-Juan-Duran-Buide-Lucia-Cernadas-Colon-Galego-Dores-Tembras-Antia-Otero-Pallares045-615x410.jpg 615w, https:\/\/corocantabile.gal\/wp-content\/uploads\/2021\/09\/Cantabile-Palabras-de-Luz-Coro-Galicia-Coruna-Musica-Galega-Poesia-Manuel-Rivas-Juan-Duran-Buide-Lucia-Cernadas-Colon-Galego-Dores-Tembras-Antia-Otero-Pallares045-1290x860.jpg 1290w, https:\/\/corocantabile.gal\/wp-content\/uploads\/2021\/09\/Cantabile-Palabras-de-Luz-Coro-Galicia-Coruna-Musica-Galega-Poesia-Manuel-Rivas-Juan-Duran-Buide-Lucia-Cernadas-Colon-Galego-Dores-Tembras-Antia-Otero-Pallares045-690x460.jpg 690w, https:\/\/corocantabile.gal\/wp-content\/uploads\/2021\/09\/Cantabile-Palabras-de-Luz-Coro-Galicia-Coruna-Musica-Galega-Poesia-Manuel-Rivas-Juan-Duran-Buide-Lucia-Cernadas-Colon-Galego-Dores-Tembras-Antia-Otero-Pallares045.jpg 1500w\" sizes=\"(max-width: 1024px) 100vw, 1024px\" \/><\/figure><\/li><li class=\"blocks-gallery-item\"><figure><img loading=\"lazy\" width=\"1024\" height=\"683\" src=\"https:\/\/corocantabile.gal\/wp-content\/uploads\/2021\/09\/Cantabile-Palabras-de-Luz-Coro-Galicia-Coruna-Musica-Galega-Poesia-Jesus-Rodil-Carlos-Negro-Estibaliz-Espinosa-Eva-Veiga-Maria-Lado-Mosquera064-1024x683.jpg\" alt=\"\" data-id=\"414\" data-full-url=\"https:\/\/corocantabile.gal\/wp-content\/uploads\/2021\/09\/Cantabile-Palabras-de-Luz-Coro-Galicia-Coruna-Musica-Galega-Poesia-Jesus-Rodil-Carlos-Negro-Estibaliz-Espinosa-Eva-Veiga-Maria-Lado-Mosquera064.jpg\" data-link=\"https:\/\/corocantabile.gal\/?attachment_id=414\" class=\"wp-image-414\" srcset=\"https:\/\/corocantabile.gal\/wp-content\/uploads\/2021\/09\/Cantabile-Palabras-de-Luz-Coro-Galicia-Coruna-Musica-Galega-Poesia-Jesus-Rodil-Carlos-Negro-Estibaliz-Espinosa-Eva-Veiga-Maria-Lado-Mosquera064-1024x683.jpg 1024w, https:\/\/corocantabile.gal\/wp-content\/uploads\/2021\/09\/Cantabile-Palabras-de-Luz-Coro-Galicia-Coruna-Musica-Galega-Poesia-Jesus-Rodil-Carlos-Negro-Estibaliz-Espinosa-Eva-Veiga-Maria-Lado-Mosquera064-300x200.jpg 300w, https:\/\/corocantabile.gal\/wp-content\/uploads\/2021\/09\/Cantabile-Palabras-de-Luz-Coro-Galicia-Coruna-Musica-Galega-Poesia-Jesus-Rodil-Carlos-Negro-Estibaliz-Espinosa-Eva-Veiga-Maria-Lado-Mosquera064-768x512.jpg 768w, https:\/\/corocantabile.gal\/wp-content\/uploads\/2021\/09\/Cantabile-Palabras-de-Luz-Coro-Galicia-Coruna-Musica-Galega-Poesia-Jesus-Rodil-Carlos-Negro-Estibaliz-Espinosa-Eva-Veiga-Maria-Lado-Mosquera064-960x640.jpg 960w, https:\/\/corocantabile.gal\/wp-content\/uploads\/2021\/09\/Cantabile-Palabras-de-Luz-Coro-Galicia-Coruna-Musica-Galega-Poesia-Jesus-Rodil-Carlos-Negro-Estibaliz-Espinosa-Eva-Veiga-Maria-Lado-Mosquera064-615x410.jpg 615w, https:\/\/corocantabile.gal\/wp-content\/uploads\/2021\/09\/Cantabile-Palabras-de-Luz-Coro-Galicia-Coruna-Musica-Galega-Poesia-Jesus-Rodil-Carlos-Negro-Estibaliz-Espinosa-Eva-Veiga-Maria-Lado-Mosquera064-1290x860.jpg 1290w, https:\/\/corocantabile.gal\/wp-content\/uploads\/2021\/09\/Cantabile-Palabras-de-Luz-Coro-Galicia-Coruna-Musica-Galega-Poesia-Jesus-Rodil-Carlos-Negro-Estibaliz-Espinosa-Eva-Veiga-Maria-Lado-Mosquera064-690x460.jpg 690w, https:\/\/corocantabile.gal\/wp-content\/uploads\/2021\/09\/Cantabile-Palabras-de-Luz-Coro-Galicia-Coruna-Musica-Galega-Poesia-Jesus-Rodil-Carlos-Negro-Estibaliz-Espinosa-Eva-Veiga-Maria-Lado-Mosquera064.jpg 1500w\" sizes=\"(max-width: 1024px) 100vw, 1024px\" \/><\/figure><\/li><li class=\"blocks-gallery-item\"><figure><img loading=\"lazy\" width=\"1024\" height=\"683\" src=\"https:\/\/corocantabile.gal\/wp-content\/uploads\/2021\/09\/Cantabile-Palabras-de-Luz-Coro-Galicia-Coruna-Musica-Galega-Poesia-Jesus-Rodil-Carlos-Negro-Estibaliz-Espinosa-Eva-Veiga-Maria-Lado-Mosquera078-1024x683.jpg\" alt=\"\" data-id=\"415\" data-full-url=\"https:\/\/corocantabile.gal\/wp-content\/uploads\/2021\/09\/Cantabile-Palabras-de-Luz-Coro-Galicia-Coruna-Musica-Galega-Poesia-Jesus-Rodil-Carlos-Negro-Estibaliz-Espinosa-Eva-Veiga-Maria-Lado-Mosquera078.jpg\" data-link=\"https:\/\/corocantabile.gal\/?attachment_id=415\" class=\"wp-image-415\" srcset=\"https:\/\/corocantabile.gal\/wp-content\/uploads\/2021\/09\/Cantabile-Palabras-de-Luz-Coro-Galicia-Coruna-Musica-Galega-Poesia-Jesus-Rodil-Carlos-Negro-Estibaliz-Espinosa-Eva-Veiga-Maria-Lado-Mosquera078-1024x683.jpg 1024w, https:\/\/corocantabile.gal\/wp-content\/uploads\/2021\/09\/Cantabile-Palabras-de-Luz-Coro-Galicia-Coruna-Musica-Galega-Poesia-Jesus-Rodil-Carlos-Negro-Estibaliz-Espinosa-Eva-Veiga-Maria-Lado-Mosquera078-300x200.jpg 300w, https:\/\/corocantabile.gal\/wp-content\/uploads\/2021\/09\/Cantabile-Palabras-de-Luz-Coro-Galicia-Coruna-Musica-Galega-Poesia-Jesus-Rodil-Carlos-Negro-Estibaliz-Espinosa-Eva-Veiga-Maria-Lado-Mosquera078-768x512.jpg 768w, https:\/\/corocantabile.gal\/wp-content\/uploads\/2021\/09\/Cantabile-Palabras-de-Luz-Coro-Galicia-Coruna-Musica-Galega-Poesia-Jesus-Rodil-Carlos-Negro-Estibaliz-Espinosa-Eva-Veiga-Maria-Lado-Mosquera078-960x640.jpg 960w, https:\/\/corocantabile.gal\/wp-content\/uploads\/2021\/09\/Cantabile-Palabras-de-Luz-Coro-Galicia-Coruna-Musica-Galega-Poesia-Jesus-Rodil-Carlos-Negro-Estibaliz-Espinosa-Eva-Veiga-Maria-Lado-Mosquera078-615x410.jpg 615w, https:\/\/corocantabile.gal\/wp-content\/uploads\/2021\/09\/Cantabile-Palabras-de-Luz-Coro-Galicia-Coruna-Musica-Galega-Poesia-Jesus-Rodil-Carlos-Negro-Estibaliz-Espinosa-Eva-Veiga-Maria-Lado-Mosquera078-1290x860.jpg 1290w, https:\/\/corocantabile.gal\/wp-content\/uploads\/2021\/09\/Cantabile-Palabras-de-Luz-Coro-Galicia-Coruna-Musica-Galega-Poesia-Jesus-Rodil-Carlos-Negro-Estibaliz-Espinosa-Eva-Veiga-Maria-Lado-Mosquera078-690x460.jpg 690w, https:\/\/corocantabile.gal\/wp-content\/uploads\/2021\/09\/Cantabile-Palabras-de-Luz-Coro-Galicia-Coruna-Musica-Galega-Poesia-Jesus-Rodil-Carlos-Negro-Estibaliz-Espinosa-Eva-Veiga-Maria-Lado-Mosquera078.jpg 1500w\" sizes=\"(max-width: 1024px) 100vw, 1024px\" \/><\/figure><\/li><li class=\"blocks-gallery-item\"><figure><img loading=\"lazy\" width=\"1024\" height=\"683\" src=\"https:\/\/corocantabile.gal\/wp-content\/uploads\/2021\/09\/Cantabile-Palabras-de-Luz-Coro-Galicia-Coruna-Musica-Galega-Poesia-Manuel-Rivas-Juan-Duran-Buide-Lucia-Cernadas-Colon-Galego-Dores-Tembras-Antia-Otero-Pallares026-1024x683.jpg\" alt=\"\" data-id=\"416\" data-full-url=\"https:\/\/corocantabile.gal\/wp-content\/uploads\/2021\/09\/Cantabile-Palabras-de-Luz-Coro-Galicia-Coruna-Musica-Galega-Poesia-Manuel-Rivas-Juan-Duran-Buide-Lucia-Cernadas-Colon-Galego-Dores-Tembras-Antia-Otero-Pallares026.jpg\" data-link=\"https:\/\/corocantabile.gal\/?attachment_id=416\" class=\"wp-image-416\" srcset=\"https:\/\/corocantabile.gal\/wp-content\/uploads\/2021\/09\/Cantabile-Palabras-de-Luz-Coro-Galicia-Coruna-Musica-Galega-Poesia-Manuel-Rivas-Juan-Duran-Buide-Lucia-Cernadas-Colon-Galego-Dores-Tembras-Antia-Otero-Pallares026-1024x683.jpg 1024w, https:\/\/corocantabile.gal\/wp-content\/uploads\/2021\/09\/Cantabile-Palabras-de-Luz-Coro-Galicia-Coruna-Musica-Galega-Poesia-Manuel-Rivas-Juan-Duran-Buide-Lucia-Cernadas-Colon-Galego-Dores-Tembras-Antia-Otero-Pallares026-300x200.jpg 300w, https:\/\/corocantabile.gal\/wp-content\/uploads\/2021\/09\/Cantabile-Palabras-de-Luz-Coro-Galicia-Coruna-Musica-Galega-Poesia-Manuel-Rivas-Juan-Duran-Buide-Lucia-Cernadas-Colon-Galego-Dores-Tembras-Antia-Otero-Pallares026-768x512.jpg 768w, https:\/\/corocantabile.gal\/wp-content\/uploads\/2021\/09\/Cantabile-Palabras-de-Luz-Coro-Galicia-Coruna-Musica-Galega-Poesia-Manuel-Rivas-Juan-Duran-Buide-Lucia-Cernadas-Colon-Galego-Dores-Tembras-Antia-Otero-Pallares026-960x640.jpg 960w, https:\/\/corocantabile.gal\/wp-content\/uploads\/2021\/09\/Cantabile-Palabras-de-Luz-Coro-Galicia-Coruna-Musica-Galega-Poesia-Manuel-Rivas-Juan-Duran-Buide-Lucia-Cernadas-Colon-Galego-Dores-Tembras-Antia-Otero-Pallares026-615x410.jpg 615w, https:\/\/corocantabile.gal\/wp-content\/uploads\/2021\/09\/Cantabile-Palabras-de-Luz-Coro-Galicia-Coruna-Musica-Galega-Poesia-Manuel-Rivas-Juan-Duran-Buide-Lucia-Cernadas-Colon-Galego-Dores-Tembras-Antia-Otero-Pallares026-1290x860.jpg 1290w, https:\/\/corocantabile.gal\/wp-content\/uploads\/2021\/09\/Cantabile-Palabras-de-Luz-Coro-Galicia-Coruna-Musica-Galega-Poesia-Manuel-Rivas-Juan-Duran-Buide-Lucia-Cernadas-Colon-Galego-Dores-Tembras-Antia-Otero-Pallares026-690x460.jpg 690w, https:\/\/corocantabile.gal\/wp-content\/uploads\/2021\/09\/Cantabile-Palabras-de-Luz-Coro-Galicia-Coruna-Musica-Galega-Poesia-Manuel-Rivas-Juan-Duran-Buide-Lucia-Cernadas-Colon-Galego-Dores-Tembras-Antia-Otero-Pallares026.jpg 1500w\" sizes=\"(max-width: 1024px) 100vw, 1024px\" \/><\/figure><\/li><li class=\"blocks-gallery-item\"><figure><img loading=\"lazy\" width=\"1024\" height=\"683\" src=\"https:\/\/corocantabile.gal\/wp-content\/uploads\/2021\/09\/Cantabile-Palabras-de-Luz-Coro-Galicia-Coruna-Musica-Galega-Poesia-Manuel-Rivas-Juan-Duran-Buide-Lucia-Cernadas-Colon-Galego-Dores-Tembras-Antia-Otero-Pallares028-1024x683.jpg\" alt=\"\" data-id=\"417\" data-full-url=\"https:\/\/corocantabile.gal\/wp-content\/uploads\/2021\/09\/Cantabile-Palabras-de-Luz-Coro-Galicia-Coruna-Musica-Galega-Poesia-Manuel-Rivas-Juan-Duran-Buide-Lucia-Cernadas-Colon-Galego-Dores-Tembras-Antia-Otero-Pallares028.jpg\" data-link=\"https:\/\/corocantabile.gal\/?attachment_id=417\" class=\"wp-image-417\" srcset=\"https:\/\/corocantabile.gal\/wp-content\/uploads\/2021\/09\/Cantabile-Palabras-de-Luz-Coro-Galicia-Coruna-Musica-Galega-Poesia-Manuel-Rivas-Juan-Duran-Buide-Lucia-Cernadas-Colon-Galego-Dores-Tembras-Antia-Otero-Pallares028-1024x683.jpg 1024w, https:\/\/corocantabile.gal\/wp-content\/uploads\/2021\/09\/Cantabile-Palabras-de-Luz-Coro-Galicia-Coruna-Musica-Galega-Poesia-Manuel-Rivas-Juan-Duran-Buide-Lucia-Cernadas-Colon-Galego-Dores-Tembras-Antia-Otero-Pallares028-300x200.jpg 300w, https:\/\/corocantabile.gal\/wp-content\/uploads\/2021\/09\/Cantabile-Palabras-de-Luz-Coro-Galicia-Coruna-Musica-Galega-Poesia-Manuel-Rivas-Juan-Duran-Buide-Lucia-Cernadas-Colon-Galego-Dores-Tembras-Antia-Otero-Pallares028-768x512.jpg 768w, https:\/\/corocantabile.gal\/wp-content\/uploads\/2021\/09\/Cantabile-Palabras-de-Luz-Coro-Galicia-Coruna-Musica-Galega-Poesia-Manuel-Rivas-Juan-Duran-Buide-Lucia-Cernadas-Colon-Galego-Dores-Tembras-Antia-Otero-Pallares028-960x640.jpg 960w, https:\/\/corocantabile.gal\/wp-content\/uploads\/2021\/09\/Cantabile-Palabras-de-Luz-Coro-Galicia-Coruna-Musica-Galega-Poesia-Manuel-Rivas-Juan-Duran-Buide-Lucia-Cernadas-Colon-Galego-Dores-Tembras-Antia-Otero-Pallares028-615x410.jpg 615w, https:\/\/corocantabile.gal\/wp-content\/uploads\/2021\/09\/Cantabile-Palabras-de-Luz-Coro-Galicia-Coruna-Musica-Galega-Poesia-Manuel-Rivas-Juan-Duran-Buide-Lucia-Cernadas-Colon-Galego-Dores-Tembras-Antia-Otero-Pallares028-1290x860.jpg 1290w, https:\/\/corocantabile.gal\/wp-content\/uploads\/2021\/09\/Cantabile-Palabras-de-Luz-Coro-Galicia-Coruna-Musica-Galega-Poesia-Manuel-Rivas-Juan-Duran-Buide-Lucia-Cernadas-Colon-Galego-Dores-Tembras-Antia-Otero-Pallares028-690x460.jpg 690w, https:\/\/corocantabile.gal\/wp-content\/uploads\/2021\/09\/Cantabile-Palabras-de-Luz-Coro-Galicia-Coruna-Musica-Galega-Poesia-Manuel-Rivas-Juan-Duran-Buide-Lucia-Cernadas-Colon-Galego-Dores-Tembras-Antia-Otero-Pallares028.jpg 1500w\" sizes=\"(max-width: 1024px) 100vw, 1024px\" \/><\/figure><\/li><li class=\"blocks-gallery-item\"><figure><img loading=\"lazy\" width=\"1024\" height=\"683\" src=\"https:\/\/corocantabile.gal\/wp-content\/uploads\/2021\/09\/Cantabile-Palabras-de-Luz-Coro-Galicia-Coruna-Musica-Galega-Poesia-Manuel-Rivas-Juan-Duran-Buide-Lucia-Cernadas-Colon-Galego-Dores-Tembras-Antia-Otero-Pallares043-1024x683.jpg\" alt=\"\" data-id=\"418\" data-full-url=\"https:\/\/corocantabile.gal\/wp-content\/uploads\/2021\/09\/Cantabile-Palabras-de-Luz-Coro-Galicia-Coruna-Musica-Galega-Poesia-Manuel-Rivas-Juan-Duran-Buide-Lucia-Cernadas-Colon-Galego-Dores-Tembras-Antia-Otero-Pallares043.jpg\" data-link=\"https:\/\/corocantabile.gal\/?attachment_id=418\" class=\"wp-image-418\" srcset=\"https:\/\/corocantabile.gal\/wp-content\/uploads\/2021\/09\/Cantabile-Palabras-de-Luz-Coro-Galicia-Coruna-Musica-Galega-Poesia-Manuel-Rivas-Juan-Duran-Buide-Lucia-Cernadas-Colon-Galego-Dores-Tembras-Antia-Otero-Pallares043-1024x683.jpg 1024w, https:\/\/corocantabile.gal\/wp-content\/uploads\/2021\/09\/Cantabile-Palabras-de-Luz-Coro-Galicia-Coruna-Musica-Galega-Poesia-Manuel-Rivas-Juan-Duran-Buide-Lucia-Cernadas-Colon-Galego-Dores-Tembras-Antia-Otero-Pallares043-300x200.jpg 300w, https:\/\/corocantabile.gal\/wp-content\/uploads\/2021\/09\/Cantabile-Palabras-de-Luz-Coro-Galicia-Coruna-Musica-Galega-Poesia-Manuel-Rivas-Juan-Duran-Buide-Lucia-Cernadas-Colon-Galego-Dores-Tembras-Antia-Otero-Pallares043-768x512.jpg 768w, https:\/\/corocantabile.gal\/wp-content\/uploads\/2021\/09\/Cantabile-Palabras-de-Luz-Coro-Galicia-Coruna-Musica-Galega-Poesia-Manuel-Rivas-Juan-Duran-Buide-Lucia-Cernadas-Colon-Galego-Dores-Tembras-Antia-Otero-Pallares043-960x640.jpg 960w, https:\/\/corocantabile.gal\/wp-content\/uploads\/2021\/09\/Cantabile-Palabras-de-Luz-Coro-Galicia-Coruna-Musica-Galega-Poesia-Manuel-Rivas-Juan-Duran-Buide-Lucia-Cernadas-Colon-Galego-Dores-Tembras-Antia-Otero-Pallares043-615x410.jpg 615w, https:\/\/corocantabile.gal\/wp-content\/uploads\/2021\/09\/Cantabile-Palabras-de-Luz-Coro-Galicia-Coruna-Musica-Galega-Poesia-Manuel-Rivas-Juan-Duran-Buide-Lucia-Cernadas-Colon-Galego-Dores-Tembras-Antia-Otero-Pallares043-1290x860.jpg 1290w, https:\/\/corocantabile.gal\/wp-content\/uploads\/2021\/09\/Cantabile-Palabras-de-Luz-Coro-Galicia-Coruna-Musica-Galega-Poesia-Manuel-Rivas-Juan-Duran-Buide-Lucia-Cernadas-Colon-Galego-Dores-Tembras-Antia-Otero-Pallares043-690x460.jpg 690w, https:\/\/corocantabile.gal\/wp-content\/uploads\/2021\/09\/Cantabile-Palabras-de-Luz-Coro-Galicia-Coruna-Musica-Galega-Poesia-Manuel-Rivas-Juan-Duran-Buide-Lucia-Cernadas-Colon-Galego-Dores-Tembras-Antia-Otero-Pallares043.jpg 1500w\" sizes=\"(max-width: 1024px) 100vw, 1024px\" \/><\/figure><\/li><li class=\"blocks-gallery-item\"><figure><img loading=\"lazy\" width=\"1024\" height=\"683\" src=\"https:\/\/corocantabile.gal\/wp-content\/uploads\/2021\/09\/Cantabile-Palabras-de-Luz-Coro-Galicia-Coruna-Musica-Galega-Poesia-Manuel-Rivas-Juan-Duran-Buide-Lucia-Cernadas-Colon-Galego-Dores-Tembras-Antia-Otero-Pallares031-1024x683.jpg\" alt=\"\" data-id=\"419\" data-full-url=\"https:\/\/corocantabile.gal\/wp-content\/uploads\/2021\/09\/Cantabile-Palabras-de-Luz-Coro-Galicia-Coruna-Musica-Galega-Poesia-Manuel-Rivas-Juan-Duran-Buide-Lucia-Cernadas-Colon-Galego-Dores-Tembras-Antia-Otero-Pallares031.jpg\" data-link=\"https:\/\/corocantabile.gal\/?attachment_id=419\" class=\"wp-image-419\" srcset=\"https:\/\/corocantabile.gal\/wp-content\/uploads\/2021\/09\/Cantabile-Palabras-de-Luz-Coro-Galicia-Coruna-Musica-Galega-Poesia-Manuel-Rivas-Juan-Duran-Buide-Lucia-Cernadas-Colon-Galego-Dores-Tembras-Antia-Otero-Pallares031-1024x683.jpg 1024w, https:\/\/corocantabile.gal\/wp-content\/uploads\/2021\/09\/Cantabile-Palabras-de-Luz-Coro-Galicia-Coruna-Musica-Galega-Poesia-Manuel-Rivas-Juan-Duran-Buide-Lucia-Cernadas-Colon-Galego-Dores-Tembras-Antia-Otero-Pallares031-300x200.jpg 300w, https:\/\/corocantabile.gal\/wp-content\/uploads\/2021\/09\/Cantabile-Palabras-de-Luz-Coro-Galicia-Coruna-Musica-Galega-Poesia-Manuel-Rivas-Juan-Duran-Buide-Lucia-Cernadas-Colon-Galego-Dores-Tembras-Antia-Otero-Pallares031-768x512.jpg 768w, https:\/\/corocantabile.gal\/wp-content\/uploads\/2021\/09\/Cantabile-Palabras-de-Luz-Coro-Galicia-Coruna-Musica-Galega-Poesia-Manuel-Rivas-Juan-Duran-Buide-Lucia-Cernadas-Colon-Galego-Dores-Tembras-Antia-Otero-Pallares031-960x640.jpg 960w, https:\/\/corocantabile.gal\/wp-content\/uploads\/2021\/09\/Cantabile-Palabras-de-Luz-Coro-Galicia-Coruna-Musica-Galega-Poesia-Manuel-Rivas-Juan-Duran-Buide-Lucia-Cernadas-Colon-Galego-Dores-Tembras-Antia-Otero-Pallares031-615x410.jpg 615w, https:\/\/corocantabile.gal\/wp-content\/uploads\/2021\/09\/Cantabile-Palabras-de-Luz-Coro-Galicia-Coruna-Musica-Galega-Poesia-Manuel-Rivas-Juan-Duran-Buide-Lucia-Cernadas-Colon-Galego-Dores-Tembras-Antia-Otero-Pallares031-1290x860.jpg 1290w, https:\/\/corocantabile.gal\/wp-content\/uploads\/2021\/09\/Cantabile-Palabras-de-Luz-Coro-Galicia-Coruna-Musica-Galega-Poesia-Manuel-Rivas-Juan-Duran-Buide-Lucia-Cernadas-Colon-Galego-Dores-Tembras-Antia-Otero-Pallares031-690x460.jpg 690w, https:\/\/corocantabile.gal\/wp-content\/uploads\/2021\/09\/Cantabile-Palabras-de-Luz-Coro-Galicia-Coruna-Musica-Galega-Poesia-Manuel-Rivas-Juan-Duran-Buide-Lucia-Cernadas-Colon-Galego-Dores-Tembras-Antia-Otero-Pallares031.jpg 1500w\" sizes=\"(max-width: 1024px) 100vw, 1024px\" \/><\/figure><\/li><li class=\"blocks-gallery-item\"><figure><img loading=\"lazy\" width=\"1024\" height=\"683\" src=\"https:\/\/corocantabile.gal\/wp-content\/uploads\/2021\/09\/Cantabile-Palabras-de-Luz-Coro-Galicia-Coruna-Musica-Galega-Poesia-Manuel-Rivas-Juan-Duran-Buide-Lucia-Cernadas-Colon-Galego-Dores-Tembras-Antia-Otero-Pallares037-1024x683.jpg\" alt=\"\" data-id=\"420\" data-full-url=\"https:\/\/corocantabile.gal\/wp-content\/uploads\/2021\/09\/Cantabile-Palabras-de-Luz-Coro-Galicia-Coruna-Musica-Galega-Poesia-Manuel-Rivas-Juan-Duran-Buide-Lucia-Cernadas-Colon-Galego-Dores-Tembras-Antia-Otero-Pallares037.jpg\" data-link=\"https:\/\/corocantabile.gal\/?attachment_id=420\" class=\"wp-image-420\" srcset=\"https:\/\/corocantabile.gal\/wp-content\/uploads\/2021\/09\/Cantabile-Palabras-de-Luz-Coro-Galicia-Coruna-Musica-Galega-Poesia-Manuel-Rivas-Juan-Duran-Buide-Lucia-Cernadas-Colon-Galego-Dores-Tembras-Antia-Otero-Pallares037-1024x683.jpg 1024w, https:\/\/corocantabile.gal\/wp-content\/uploads\/2021\/09\/Cantabile-Palabras-de-Luz-Coro-Galicia-Coruna-Musica-Galega-Poesia-Manuel-Rivas-Juan-Duran-Buide-Lucia-Cernadas-Colon-Galego-Dores-Tembras-Antia-Otero-Pallares037-300x200.jpg 300w, https:\/\/corocantabile.gal\/wp-content\/uploads\/2021\/09\/Cantabile-Palabras-de-Luz-Coro-Galicia-Coruna-Musica-Galega-Poesia-Manuel-Rivas-Juan-Duran-Buide-Lucia-Cernadas-Colon-Galego-Dores-Tembras-Antia-Otero-Pallares037-768x512.jpg 768w, https:\/\/corocantabile.gal\/wp-content\/uploads\/2021\/09\/Cantabile-Palabras-de-Luz-Coro-Galicia-Coruna-Musica-Galega-Poesia-Manuel-Rivas-Juan-Duran-Buide-Lucia-Cernadas-Colon-Galego-Dores-Tembras-Antia-Otero-Pallares037-960x640.jpg 960w, https:\/\/corocantabile.gal\/wp-content\/uploads\/2021\/09\/Cantabile-Palabras-de-Luz-Coro-Galicia-Coruna-Musica-Galega-Poesia-Manuel-Rivas-Juan-Duran-Buide-Lucia-Cernadas-Colon-Galego-Dores-Tembras-Antia-Otero-Pallares037-615x410.jpg 615w, https:\/\/corocantabile.gal\/wp-content\/uploads\/2021\/09\/Cantabile-Palabras-de-Luz-Coro-Galicia-Coruna-Musica-Galega-Poesia-Manuel-Rivas-Juan-Duran-Buide-Lucia-Cernadas-Colon-Galego-Dores-Tembras-Antia-Otero-Pallares037-1290x860.jpg 1290w, https:\/\/corocantabile.gal\/wp-content\/uploads\/2021\/09\/Cantabile-Palabras-de-Luz-Coro-Galicia-Coruna-Musica-Galega-Poesia-Manuel-Rivas-Juan-Duran-Buide-Lucia-Cernadas-Colon-Galego-Dores-Tembras-Antia-Otero-Pallares037-690x460.jpg 690w, https:\/\/corocantabile.gal\/wp-content\/uploads\/2021\/09\/Cantabile-Palabras-de-Luz-Coro-Galicia-Coruna-Musica-Galega-Poesia-Manuel-Rivas-Juan-Duran-Buide-Lucia-Cernadas-Colon-Galego-Dores-Tembras-Antia-Otero-Pallares037.jpg 1500w\" sizes=\"(max-width: 1024px) 100vw, 1024px\" \/><\/figure><\/li><li class=\"blocks-gallery-item\"><figure><img loading=\"lazy\" width=\"1024\" height=\"683\" src=\"https:\/\/corocantabile.gal\/wp-content\/uploads\/2021\/09\/Cantabile-Palabras-de-Luz-Coro-Galicia-Coruna-Musica-Galega-Poesia-Federico-Mosquera-Baldo-Ramos-Anxo-Angueira-Fernandez-Sanmartin062-1024x683.jpg\" alt=\"\" data-id=\"421\" data-full-url=\"https:\/\/corocantabile.gal\/wp-content\/uploads\/2021\/09\/Cantabile-Palabras-de-Luz-Coro-Galicia-Coruna-Musica-Galega-Poesia-Federico-Mosquera-Baldo-Ramos-Anxo-Angueira-Fernandez-Sanmartin062.jpg\" data-link=\"https:\/\/corocantabile.gal\/?attachment_id=421\" class=\"wp-image-421\" srcset=\"https:\/\/corocantabile.gal\/wp-content\/uploads\/2021\/09\/Cantabile-Palabras-de-Luz-Coro-Galicia-Coruna-Musica-Galega-Poesia-Federico-Mosquera-Baldo-Ramos-Anxo-Angueira-Fernandez-Sanmartin062-1024x683.jpg 1024w, https:\/\/corocantabile.gal\/wp-content\/uploads\/2021\/09\/Cantabile-Palabras-de-Luz-Coro-Galicia-Coruna-Musica-Galega-Poesia-Federico-Mosquera-Baldo-Ramos-Anxo-Angueira-Fernandez-Sanmartin062-300x200.jpg 300w, https:\/\/corocantabile.gal\/wp-content\/uploads\/2021\/09\/Cantabile-Palabras-de-Luz-Coro-Galicia-Coruna-Musica-Galega-Poesia-Federico-Mosquera-Baldo-Ramos-Anxo-Angueira-Fernandez-Sanmartin062-768x512.jpg 768w, https:\/\/corocantabile.gal\/wp-content\/uploads\/2021\/09\/Cantabile-Palabras-de-Luz-Coro-Galicia-Coruna-Musica-Galega-Poesia-Federico-Mosquera-Baldo-Ramos-Anxo-Angueira-Fernandez-Sanmartin062-960x640.jpg 960w, https:\/\/corocantabile.gal\/wp-content\/uploads\/2021\/09\/Cantabile-Palabras-de-Luz-Coro-Galicia-Coruna-Musica-Galega-Poesia-Federico-Mosquera-Baldo-Ramos-Anxo-Angueira-Fernandez-Sanmartin062-615x410.jpg 615w, https:\/\/corocantabile.gal\/wp-content\/uploads\/2021\/09\/Cantabile-Palabras-de-Luz-Coro-Galicia-Coruna-Musica-Galega-Poesia-Federico-Mosquera-Baldo-Ramos-Anxo-Angueira-Fernandez-Sanmartin062-1290x860.jpg 1290w, https:\/\/corocantabile.gal\/wp-content\/uploads\/2021\/09\/Cantabile-Palabras-de-Luz-Coro-Galicia-Coruna-Musica-Galega-Poesia-Federico-Mosquera-Baldo-Ramos-Anxo-Angueira-Fernandez-Sanmartin062-690x460.jpg 690w, https:\/\/corocantabile.gal\/wp-content\/uploads\/2021\/09\/Cantabile-Palabras-de-Luz-Coro-Galicia-Coruna-Musica-Galega-Poesia-Federico-Mosquera-Baldo-Ramos-Anxo-Angueira-Fernandez-Sanmartin062.jpg 1500w\" sizes=\"(max-width: 1024px) 100vw, 1024px\" \/><\/figure><\/li><li class=\"blocks-gallery-item\"><figure><img loading=\"lazy\" width=\"1024\" height=\"683\" src=\"https:\/\/corocantabile.gal\/wp-content\/uploads\/2021\/09\/Cantabile-Palabras-de-Luz-Coro-Galicia-Coruna-Musica-Galega-Poesia-Jesus-Rodil-Carlos-Negro-Estibaliz-Espinosa-Eva-Veiga-Maria-Lado-Mosquera068-1024x683.jpg\" alt=\"\" data-id=\"422\" data-full-url=\"https:\/\/corocantabile.gal\/wp-content\/uploads\/2021\/09\/Cantabile-Palabras-de-Luz-Coro-Galicia-Coruna-Musica-Galega-Poesia-Jesus-Rodil-Carlos-Negro-Estibaliz-Espinosa-Eva-Veiga-Maria-Lado-Mosquera068.jpg\" data-link=\"https:\/\/corocantabile.gal\/?attachment_id=422\" class=\"wp-image-422\" srcset=\"https:\/\/corocantabile.gal\/wp-content\/uploads\/2021\/09\/Cantabile-Palabras-de-Luz-Coro-Galicia-Coruna-Musica-Galega-Poesia-Jesus-Rodil-Carlos-Negro-Estibaliz-Espinosa-Eva-Veiga-Maria-Lado-Mosquera068-1024x683.jpg 1024w, https:\/\/corocantabile.gal\/wp-content\/uploads\/2021\/09\/Cantabile-Palabras-de-Luz-Coro-Galicia-Coruna-Musica-Galega-Poesia-Jesus-Rodil-Carlos-Negro-Estibaliz-Espinosa-Eva-Veiga-Maria-Lado-Mosquera068-300x200.jpg 300w, https:\/\/corocantabile.gal\/wp-content\/uploads\/2021\/09\/Cantabile-Palabras-de-Luz-Coro-Galicia-Coruna-Musica-Galega-Poesia-Jesus-Rodil-Carlos-Negro-Estibaliz-Espinosa-Eva-Veiga-Maria-Lado-Mosquera068-768x512.jpg 768w, https:\/\/corocantabile.gal\/wp-content\/uploads\/2021\/09\/Cantabile-Palabras-de-Luz-Coro-Galicia-Coruna-Musica-Galega-Poesia-Jesus-Rodil-Carlos-Negro-Estibaliz-Espinosa-Eva-Veiga-Maria-Lado-Mosquera068-960x640.jpg 960w, https:\/\/corocantabile.gal\/wp-content\/uploads\/2021\/09\/Cantabile-Palabras-de-Luz-Coro-Galicia-Coruna-Musica-Galega-Poesia-Jesus-Rodil-Carlos-Negro-Estibaliz-Espinosa-Eva-Veiga-Maria-Lado-Mosquera068-615x410.jpg 615w, https:\/\/corocantabile.gal\/wp-content\/uploads\/2021\/09\/Cantabile-Palabras-de-Luz-Coro-Galicia-Coruna-Musica-Galega-Poesia-Jesus-Rodil-Carlos-Negro-Estibaliz-Espinosa-Eva-Veiga-Maria-Lado-Mosquera068-1290x860.jpg 1290w, https:\/\/corocantabile.gal\/wp-content\/uploads\/2021\/09\/Cantabile-Palabras-de-Luz-Coro-Galicia-Coruna-Musica-Galega-Poesia-Jesus-Rodil-Carlos-Negro-Estibaliz-Espinosa-Eva-Veiga-Maria-Lado-Mosquera068-690x460.jpg 690w, https:\/\/corocantabile.gal\/wp-content\/uploads\/2021\/09\/Cantabile-Palabras-de-Luz-Coro-Galicia-Coruna-Musica-Galega-Poesia-Jesus-Rodil-Carlos-Negro-Estibaliz-Espinosa-Eva-Veiga-Maria-Lado-Mosquera068.jpg 1500w\" sizes=\"(max-width: 1024px) 100vw, 1024px\" \/><\/figure><\/li><li class=\"blocks-gallery-item\"><figure><img loading=\"lazy\" width=\"1024\" height=\"683\" src=\"https:\/\/corocantabile.gal\/wp-content\/uploads\/2021\/09\/Cantabile-Palabras-de-Luz-Coro-Galicia-Coruna-Musica-Galega-Poesia-Jesus-Rodil-Carlos-Negro-Estibaliz-Espinosa-Eva-Veiga-Maria-Lado-Mosquera069-1024x683.jpg\" alt=\"\" data-id=\"424\" data-full-url=\"https:\/\/corocantabile.gal\/wp-content\/uploads\/2021\/09\/Cantabile-Palabras-de-Luz-Coro-Galicia-Coruna-Musica-Galega-Poesia-Jesus-Rodil-Carlos-Negro-Estibaliz-Espinosa-Eva-Veiga-Maria-Lado-Mosquera069.jpg\" data-link=\"https:\/\/corocantabile.gal\/presentacion-de-palabras-de-luz-galeria-de-imaxes\/cantabile-palabras-de-luz-coro-galicia-coruna-musica-galega-poesia-jesus-rodil-carlos-negro-estibaliz-espinosa-eva-veiga-maria-lado-mosquera069\/\" class=\"wp-image-424\" srcset=\"https:\/\/corocantabile.gal\/wp-content\/uploads\/2021\/09\/Cantabile-Palabras-de-Luz-Coro-Galicia-Coruna-Musica-Galega-Poesia-Jesus-Rodil-Carlos-Negro-Estibaliz-Espinosa-Eva-Veiga-Maria-Lado-Mosquera069-1024x683.jpg 1024w, https:\/\/corocantabile.gal\/wp-content\/uploads\/2021\/09\/Cantabile-Palabras-de-Luz-Coro-Galicia-Coruna-Musica-Galega-Poesia-Jesus-Rodil-Carlos-Negro-Estibaliz-Espinosa-Eva-Veiga-Maria-Lado-Mosquera069-300x200.jpg 300w, https:\/\/corocantabile.gal\/wp-content\/uploads\/2021\/09\/Cantabile-Palabras-de-Luz-Coro-Galicia-Coruna-Musica-Galega-Poesia-Jesus-Rodil-Carlos-Negro-Estibaliz-Espinosa-Eva-Veiga-Maria-Lado-Mosquera069-768x512.jpg 768w, https:\/\/corocantabile.gal\/wp-content\/uploads\/2021\/09\/Cantabile-Palabras-de-Luz-Coro-Galicia-Coruna-Musica-Galega-Poesia-Jesus-Rodil-Carlos-Negro-Estibaliz-Espinosa-Eva-Veiga-Maria-Lado-Mosquera069-960x640.jpg 960w, https:\/\/corocantabile.gal\/wp-content\/uploads\/2021\/09\/Cantabile-Palabras-de-Luz-Coro-Galicia-Coruna-Musica-Galega-Poesia-Jesus-Rodil-Carlos-Negro-Estibaliz-Espinosa-Eva-Veiga-Maria-Lado-Mosquera069-615x410.jpg 615w, https:\/\/corocantabile.gal\/wp-content\/uploads\/2021\/09\/Cantabile-Palabras-de-Luz-Coro-Galicia-Coruna-Musica-Galega-Poesia-Jesus-Rodil-Carlos-Negro-Estibaliz-Espinosa-Eva-Veiga-Maria-Lado-Mosquera069-1290x860.jpg 1290w, https:\/\/corocantabile.gal\/wp-content\/uploads\/2021\/09\/Cantabile-Palabras-de-Luz-Coro-Galicia-Coruna-Musica-Galega-Poesia-Jesus-Rodil-Carlos-Negro-Estibaliz-Espinosa-Eva-Veiga-Maria-Lado-Mosquera069-690x460.jpg 690w, https:\/\/corocantabile.gal\/wp-content\/uploads\/2021\/09\/Cantabile-Palabras-de-Luz-Coro-Galicia-Coruna-Musica-Galega-Poesia-Jesus-Rodil-Carlos-Negro-Estibaliz-Espinosa-Eva-Veiga-Maria-Lado-Mosquera069.jpg 1500w\" sizes=\"(max-width: 1024px) 100vw, 1024px\" \/><\/figure><\/li><li class=\"blocks-gallery-item\"><figure><img loading=\"lazy\" width=\"1024\" height=\"683\" src=\"https:\/\/corocantabile.gal\/wp-content\/uploads\/2021\/09\/Cantabile-Palabras-de-Luz-Coro-Galicia-Coruna-Musica-Galega-Poesia-Jesus-Rodil-Carlos-Negro-Estibaliz-Espinosa-Eva-Veiga-Maria-Lado-Mosquera075-1024x683.jpg\" alt=\"\" data-id=\"425\" data-full-url=\"https:\/\/corocantabile.gal\/wp-content\/uploads\/2021\/09\/Cantabile-Palabras-de-Luz-Coro-Galicia-Coruna-Musica-Galega-Poesia-Jesus-Rodil-Carlos-Negro-Estibaliz-Espinosa-Eva-Veiga-Maria-Lado-Mosquera075.jpg\" data-link=\"https:\/\/corocantabile.gal\/presentacion-de-palabras-de-luz-galeria-de-imaxes\/cantabile-palabras-de-luz-coro-galicia-coruna-musica-galega-poesia-jesus-rodil-carlos-negro-estibaliz-espinosa-eva-veiga-maria-lado-mosquera075\/\" class=\"wp-image-425\" srcset=\"https:\/\/corocantabile.gal\/wp-content\/uploads\/2021\/09\/Cantabile-Palabras-de-Luz-Coro-Galicia-Coruna-Musica-Galega-Poesia-Jesus-Rodil-Carlos-Negro-Estibaliz-Espinosa-Eva-Veiga-Maria-Lado-Mosquera075-1024x683.jpg 1024w, https:\/\/corocantabile.gal\/wp-content\/uploads\/2021\/09\/Cantabile-Palabras-de-Luz-Coro-Galicia-Coruna-Musica-Galega-Poesia-Jesus-Rodil-Carlos-Negro-Estibaliz-Espinosa-Eva-Veiga-Maria-Lado-Mosquera075-300x200.jpg 300w, https:\/\/corocantabile.gal\/wp-content\/uploads\/2021\/09\/Cantabile-Palabras-de-Luz-Coro-Galicia-Coruna-Musica-Galega-Poesia-Jesus-Rodil-Carlos-Negro-Estibaliz-Espinosa-Eva-Veiga-Maria-Lado-Mosquera075-768x512.jpg 768w, https:\/\/corocantabile.gal\/wp-content\/uploads\/2021\/09\/Cantabile-Palabras-de-Luz-Coro-Galicia-Coruna-Musica-Galega-Poesia-Jesus-Rodil-Carlos-Negro-Estibaliz-Espinosa-Eva-Veiga-Maria-Lado-Mosquera075-960x640.jpg 960w, https:\/\/corocantabile.gal\/wp-content\/uploads\/2021\/09\/Cantabile-Palabras-de-Luz-Coro-Galicia-Coruna-Musica-Galega-Poesia-Jesus-Rodil-Carlos-Negro-Estibaliz-Espinosa-Eva-Veiga-Maria-Lado-Mosquera075-615x410.jpg 615w, https:\/\/corocantabile.gal\/wp-content\/uploads\/2021\/09\/Cantabile-Palabras-de-Luz-Coro-Galicia-Coruna-Musica-Galega-Poesia-Jesus-Rodil-Carlos-Negro-Estibaliz-Espinosa-Eva-Veiga-Maria-Lado-Mosquera075-1290x860.jpg 1290w, https:\/\/corocantabile.gal\/wp-content\/uploads\/2021\/09\/Cantabile-Palabras-de-Luz-Coro-Galicia-Coruna-Musica-Galega-Poesia-Jesus-Rodil-Carlos-Negro-Estibaliz-Espinosa-Eva-Veiga-Maria-Lado-Mosquera075-690x460.jpg 690w, https:\/\/corocantabile.gal\/wp-content\/uploads\/2021\/09\/Cantabile-Palabras-de-Luz-Coro-Galicia-Coruna-Musica-Galega-Poesia-Jesus-Rodil-Carlos-Negro-Estibaliz-Espinosa-Eva-Veiga-Maria-Lado-Mosquera075.jpg 1500w\" sizes=\"(max-width: 1024px) 100vw, 1024px\" \/><\/figure><\/li><li class=\"blocks-gallery-item\"><figure><img loading=\"lazy\" width=\"1024\" height=\"683\" src=\"https:\/\/corocantabile.gal\/wp-content\/uploads\/2021\/09\/Cantabile-Palabras-de-Luz-Coro-Galicia-Coruna-Musica-Galega-Poesia-Jesus-Rodil-Carlos-Negro-Estibaliz-Espinosa-Eva-Veiga-Maria-Lado-Mosquera079-1024x683.jpg\" alt=\"\" data-id=\"426\" data-full-url=\"https:\/\/corocantabile.gal\/wp-content\/uploads\/2021\/09\/Cantabile-Palabras-de-Luz-Coro-Galicia-Coruna-Musica-Galega-Poesia-Jesus-Rodil-Carlos-Negro-Estibaliz-Espinosa-Eva-Veiga-Maria-Lado-Mosquera079.jpg\" data-link=\"https:\/\/corocantabile.gal\/presentacion-de-palabras-de-luz-galeria-de-imaxes\/cantabile-palabras-de-luz-coro-galicia-coruna-musica-galega-poesia-jesus-rodil-carlos-negro-estibaliz-espinosa-eva-veiga-maria-lado-mosquera079\/\" class=\"wp-image-426\" srcset=\"https:\/\/corocantabile.gal\/wp-content\/uploads\/2021\/09\/Cantabile-Palabras-de-Luz-Coro-Galicia-Coruna-Musica-Galega-Poesia-Jesus-Rodil-Carlos-Negro-Estibaliz-Espinosa-Eva-Veiga-Maria-Lado-Mosquera079-1024x683.jpg 1024w, https:\/\/corocantabile.gal\/wp-content\/uploads\/2021\/09\/Cantabile-Palabras-de-Luz-Coro-Galicia-Coruna-Musica-Galega-Poesia-Jesus-Rodil-Carlos-Negro-Estibaliz-Espinosa-Eva-Veiga-Maria-Lado-Mosquera079-300x200.jpg 300w, https:\/\/corocantabile.gal\/wp-content\/uploads\/2021\/09\/Cantabile-Palabras-de-Luz-Coro-Galicia-Coruna-Musica-Galega-Poesia-Jesus-Rodil-Carlos-Negro-Estibaliz-Espinosa-Eva-Veiga-Maria-Lado-Mosquera079-768x512.jpg 768w, https:\/\/corocantabile.gal\/wp-content\/uploads\/2021\/09\/Cantabile-Palabras-de-Luz-Coro-Galicia-Coruna-Musica-Galega-Poesia-Jesus-Rodil-Carlos-Negro-Estibaliz-Espinosa-Eva-Veiga-Maria-Lado-Mosquera079-960x640.jpg 960w, https:\/\/corocantabile.gal\/wp-content\/uploads\/2021\/09\/Cantabile-Palabras-de-Luz-Coro-Galicia-Coruna-Musica-Galega-Poesia-Jesus-Rodil-Carlos-Negro-Estibaliz-Espinosa-Eva-Veiga-Maria-Lado-Mosquera079-615x410.jpg 615w, https:\/\/corocantabile.gal\/wp-content\/uploads\/2021\/09\/Cantabile-Palabras-de-Luz-Coro-Galicia-Coruna-Musica-Galega-Poesia-Jesus-Rodil-Carlos-Negro-Estibaliz-Espinosa-Eva-Veiga-Maria-Lado-Mosquera079-1290x860.jpg 1290w, https:\/\/corocantabile.gal\/wp-content\/uploads\/2021\/09\/Cantabile-Palabras-de-Luz-Coro-Galicia-Coruna-Musica-Galega-Poesia-Jesus-Rodil-Carlos-Negro-Estibaliz-Espinosa-Eva-Veiga-Maria-Lado-Mosquera079-690x460.jpg 690w, https:\/\/corocantabile.gal\/wp-content\/uploads\/2021\/09\/Cantabile-Palabras-de-Luz-Coro-Galicia-Coruna-Musica-Galega-Poesia-Jesus-Rodil-Carlos-Negro-Estibaliz-Espinosa-Eva-Veiga-Maria-Lado-Mosquera079.jpg 1500w\" sizes=\"(max-width: 1024px) 100vw, 1024px\" \/><\/figure><\/li><li class=\"blocks-gallery-item\"><figure><img loading=\"lazy\" width=\"1024\" height=\"683\" src=\"https:\/\/corocantabile.gal\/wp-content\/uploads\/2021\/09\/Cantabile-Palabras-de-Luz-Coro-Galicia-Coruna-Musica-Galega-Poesia-Manuel-Rivas-Juan-Duran-Buide-Lucia-Cernadas-Traballo-Galego-Dores-Tembras-Antia-Otero-Pallares012-1024x683.jpg\" alt=\"\" data-id=\"427\" data-full-url=\"https:\/\/corocantabile.gal\/wp-content\/uploads\/2021\/09\/Cantabile-Palabras-de-Luz-Coro-Galicia-Coruna-Musica-Galega-Poesia-Manuel-Rivas-Juan-Duran-Buide-Lucia-Cernadas-Traballo-Galego-Dores-Tembras-Antia-Otero-Pallares012.jpg\" data-link=\"https:\/\/corocantabile.gal\/presentacion-de-palabras-de-luz-galeria-de-imaxes\/cantabile-palabras-de-luz-coro-galicia-coruna-musica-galega-poesia-manuel-rivas-juan-duran-buide-lucia-cernadas-traballo-galego-dores-tembras-antia-otero-pallares012\/\" class=\"wp-image-427\" srcset=\"https:\/\/corocantabile.gal\/wp-content\/uploads\/2021\/09\/Cantabile-Palabras-de-Luz-Coro-Galicia-Coruna-Musica-Galega-Poesia-Manuel-Rivas-Juan-Duran-Buide-Lucia-Cernadas-Traballo-Galego-Dores-Tembras-Antia-Otero-Pallares012-1024x683.jpg 1024w, https:\/\/corocantabile.gal\/wp-content\/uploads\/2021\/09\/Cantabile-Palabras-de-Luz-Coro-Galicia-Coruna-Musica-Galega-Poesia-Manuel-Rivas-Juan-Duran-Buide-Lucia-Cernadas-Traballo-Galego-Dores-Tembras-Antia-Otero-Pallares012-300x200.jpg 300w, https:\/\/corocantabile.gal\/wp-content\/uploads\/2021\/09\/Cantabile-Palabras-de-Luz-Coro-Galicia-Coruna-Musica-Galega-Poesia-Manuel-Rivas-Juan-Duran-Buide-Lucia-Cernadas-Traballo-Galego-Dores-Tembras-Antia-Otero-Pallares012-768x512.jpg 768w, https:\/\/corocantabile.gal\/wp-content\/uploads\/2021\/09\/Cantabile-Palabras-de-Luz-Coro-Galicia-Coruna-Musica-Galega-Poesia-Manuel-Rivas-Juan-Duran-Buide-Lucia-Cernadas-Traballo-Galego-Dores-Tembras-Antia-Otero-Pallares012-960x640.jpg 960w, https:\/\/corocantabile.gal\/wp-content\/uploads\/2021\/09\/Cantabile-Palabras-de-Luz-Coro-Galicia-Coruna-Musica-Galega-Poesia-Manuel-Rivas-Juan-Duran-Buide-Lucia-Cernadas-Traballo-Galego-Dores-Tembras-Antia-Otero-Pallares012-615x410.jpg 615w, https:\/\/corocantabile.gal\/wp-content\/uploads\/2021\/09\/Cantabile-Palabras-de-Luz-Coro-Galicia-Coruna-Musica-Galega-Poesia-Manuel-Rivas-Juan-Duran-Buide-Lucia-Cernadas-Traballo-Galego-Dores-Tembras-Antia-Otero-Pallares012-1290x860.jpg 1290w, https:\/\/corocantabile.gal\/wp-content\/uploads\/2021\/09\/Cantabile-Palabras-de-Luz-Coro-Galicia-Coruna-Musica-Galega-Poesia-Manuel-Rivas-Juan-Duran-Buide-Lucia-Cernadas-Traballo-Galego-Dores-Tembras-Antia-Otero-Pallares012-690x460.jpg 690w, https:\/\/corocantabile.gal\/wp-content\/uploads\/2021\/09\/Cantabile-Palabras-de-Luz-Coro-Galicia-Coruna-Musica-Galega-Poesia-Manuel-Rivas-Juan-Duran-Buide-Lucia-Cernadas-Traballo-Galego-Dores-Tembras-Antia-Otero-Pallares012.jpg 1500w\" sizes=\"(max-width: 1024px) 100vw, 1024px\" \/><\/figure><\/li><li class=\"blocks-gallery-item\"><figure><img loading=\"lazy\" width=\"1024\" height=\"683\" src=\"https:\/\/corocantabile.gal\/wp-content\/uploads\/2021\/09\/Cantabile-Palabras-de-Luz-Coro-Galicia-Coruna-Musica-Galega-Poesia-Federico-Mosquera-Baldo-Ramos-Anxo-Angueira-Fernandez-Sanmartin058-1024x683.jpg\" alt=\"\" data-id=\"428\" data-full-url=\"https:\/\/corocantabile.gal\/wp-content\/uploads\/2021\/09\/Cantabile-Palabras-de-Luz-Coro-Galicia-Coruna-Musica-Galega-Poesia-Federico-Mosquera-Baldo-Ramos-Anxo-Angueira-Fernandez-Sanmartin058.jpg\" data-link=\"https:\/\/corocantabile.gal\/presentacion-de-palabras-de-luz-galeria-de-imaxes\/cantabile-palabras-de-luz-coro-galicia-coruna-musica-galega-poesia-federico-mosquera-baldo-ramos-anxo-angueira-fernandez-sanmartin058\/\" class=\"wp-image-428\" srcset=\"https:\/\/corocantabile.gal\/wp-content\/uploads\/2021\/09\/Cantabile-Palabras-de-Luz-Coro-Galicia-Coruna-Musica-Galega-Poesia-Federico-Mosquera-Baldo-Ramos-Anxo-Angueira-Fernandez-Sanmartin058-1024x683.jpg 1024w, https:\/\/corocantabile.gal\/wp-content\/uploads\/2021\/09\/Cantabile-Palabras-de-Luz-Coro-Galicia-Coruna-Musica-Galega-Poesia-Federico-Mosquera-Baldo-Ramos-Anxo-Angueira-Fernandez-Sanmartin058-300x200.jpg 300w, https:\/\/corocantabile.gal\/wp-content\/uploads\/2021\/09\/Cantabile-Palabras-de-Luz-Coro-Galicia-Coruna-Musica-Galega-Poesia-Federico-Mosquera-Baldo-Ramos-Anxo-Angueira-Fernandez-Sanmartin058-768x512.jpg 768w, https:\/\/corocantabile.gal\/wp-content\/uploads\/2021\/09\/Cantabile-Palabras-de-Luz-Coro-Galicia-Coruna-Musica-Galega-Poesia-Federico-Mosquera-Baldo-Ramos-Anxo-Angueira-Fernandez-Sanmartin058-960x640.jpg 960w, https:\/\/corocantabile.gal\/wp-content\/uploads\/2021\/09\/Cantabile-Palabras-de-Luz-Coro-Galicia-Coruna-Musica-Galega-Poesia-Federico-Mosquera-Baldo-Ramos-Anxo-Angueira-Fernandez-Sanmartin058-615x410.jpg 615w, https:\/\/corocantabile.gal\/wp-content\/uploads\/2021\/09\/Cantabile-Palabras-de-Luz-Coro-Galicia-Coruna-Musica-Galega-Poesia-Federico-Mosquera-Baldo-Ramos-Anxo-Angueira-Fernandez-Sanmartin058-1290x860.jpg 1290w, https:\/\/corocantabile.gal\/wp-content\/uploads\/2021\/09\/Cantabile-Palabras-de-Luz-Coro-Galicia-Coruna-Musica-Galega-Poesia-Federico-Mosquera-Baldo-Ramos-Anxo-Angueira-Fernandez-Sanmartin058-690x460.jpg 690w, https:\/\/corocantabile.gal\/wp-content\/uploads\/2021\/09\/Cantabile-Palabras-de-Luz-Coro-Galicia-Coruna-Musica-Galega-Poesia-Federico-Mosquera-Baldo-Ramos-Anxo-Angueira-Fernandez-Sanmartin058.jpg 1500w\" sizes=\"(max-width: 1024px) 100vw, 1024px\" \/><\/figure><\/li><li class=\"blocks-gallery-item\"><figure><img loading=\"lazy\" width=\"1024\" height=\"683\" src=\"https:\/\/corocantabile.gal\/wp-content\/uploads\/2021\/09\/Cantabile-Palabras-de-Luz-Coro-Galicia-Coruna-Musica-Galega-Poesia-Manuel-Rivas-Juan-Duran-Buide-Lucia-Cernadas-Colon-Galego-Dores-Tembras-Antia-Otero-Pallares021-1024x683.jpg\" alt=\"\" data-id=\"429\" data-full-url=\"https:\/\/corocantabile.gal\/wp-content\/uploads\/2021\/09\/Cantabile-Palabras-de-Luz-Coro-Galicia-Coruna-Musica-Galega-Poesia-Manuel-Rivas-Juan-Duran-Buide-Lucia-Cernadas-Colon-Galego-Dores-Tembras-Antia-Otero-Pallares021.jpg\" data-link=\"https:\/\/corocantabile.gal\/presentacion-de-palabras-de-luz-galeria-de-imaxes\/cantabile-palabras-de-luz-coro-galicia-coruna-musica-galega-poesia-manuel-rivas-juan-duran-buide-lucia-cernadas-colon-galego-dores-tembras-antia-otero-pallares021\/\" class=\"wp-image-429\" srcset=\"https:\/\/corocantabile.gal\/wp-content\/uploads\/2021\/09\/Cantabile-Palabras-de-Luz-Coro-Galicia-Coruna-Musica-Galega-Poesia-Manuel-Rivas-Juan-Duran-Buide-Lucia-Cernadas-Colon-Galego-Dores-Tembras-Antia-Otero-Pallares021-1024x683.jpg 1024w, https:\/\/corocantabile.gal\/wp-content\/uploads\/2021\/09\/Cantabile-Palabras-de-Luz-Coro-Galicia-Coruna-Musica-Galega-Poesia-Manuel-Rivas-Juan-Duran-Buide-Lucia-Cernadas-Colon-Galego-Dores-Tembras-Antia-Otero-Pallares021-300x200.jpg 300w, https:\/\/corocantabile.gal\/wp-content\/uploads\/2021\/09\/Cantabile-Palabras-de-Luz-Coro-Galicia-Coruna-Musica-Galega-Poesia-Manuel-Rivas-Juan-Duran-Buide-Lucia-Cernadas-Colon-Galego-Dores-Tembras-Antia-Otero-Pallares021-768x512.jpg 768w, https:\/\/corocantabile.gal\/wp-content\/uploads\/2021\/09\/Cantabile-Palabras-de-Luz-Coro-Galicia-Coruna-Musica-Galega-Poesia-Manuel-Rivas-Juan-Duran-Buide-Lucia-Cernadas-Colon-Galego-Dores-Tembras-Antia-Otero-Pallares021-960x640.jpg 960w, https:\/\/corocantabile.gal\/wp-content\/uploads\/2021\/09\/Cantabile-Palabras-de-Luz-Coro-Galicia-Coruna-Musica-Galega-Poesia-Manuel-Rivas-Juan-Duran-Buide-Lucia-Cernadas-Colon-Galego-Dores-Tembras-Antia-Otero-Pallares021-615x410.jpg 615w, https:\/\/corocantabile.gal\/wp-content\/uploads\/2021\/09\/Cantabile-Palabras-de-Luz-Coro-Galicia-Coruna-Musica-Galega-Poesia-Manuel-Rivas-Juan-Duran-Buide-Lucia-Cernadas-Colon-Galego-Dores-Tembras-Antia-Otero-Pallares021-1290x860.jpg 1290w, https:\/\/corocantabile.gal\/wp-content\/uploads\/2021\/09\/Cantabile-Palabras-de-Luz-Coro-Galicia-Coruna-Musica-Galega-Poesia-Manuel-Rivas-Juan-Duran-Buide-Lucia-Cernadas-Colon-Galego-Dores-Tembras-Antia-Otero-Pallares021-690x460.jpg 690w, https:\/\/corocantabile.gal\/wp-content\/uploads\/2021\/09\/Cantabile-Palabras-de-Luz-Coro-Galicia-Coruna-Musica-Galega-Poesia-Manuel-Rivas-Juan-Duran-Buide-Lucia-Cernadas-Colon-Galego-Dores-Tembras-Antia-Otero-Pallares021.jpg 1500w\" sizes=\"(max-width: 1024px) 100vw, 1024px\" \/><\/figure><\/li><li class=\"blocks-gallery-item\"><figure><img loading=\"lazy\" width=\"1024\" height=\"683\" src=\"https:\/\/corocantabile.gal\/wp-content\/uploads\/2021\/09\/Cantabile-Palabras-de-Luz-Coro-Galicia-Coruna-Musica-Galega-Poesia-Manuel-Rivas-Juan-Duran-Buide-Lucia-Cernadas-Traballo-Galego-Dores-Tembras-Antia-Otero-Pallares007-1024x683.jpg\" alt=\"\" data-id=\"430\" data-full-url=\"https:\/\/corocantabile.gal\/wp-content\/uploads\/2021\/09\/Cantabile-Palabras-de-Luz-Coro-Galicia-Coruna-Musica-Galega-Poesia-Manuel-Rivas-Juan-Duran-Buide-Lucia-Cernadas-Traballo-Galego-Dores-Tembras-Antia-Otero-Pallares007.jpg\" data-link=\"https:\/\/corocantabile.gal\/presentacion-de-palabras-de-luz-galeria-de-imaxes\/cantabile-palabras-de-luz-coro-galicia-coruna-musica-galega-poesia-manuel-rivas-juan-duran-buide-lucia-cernadas-traballo-galego-dores-tembras-antia-otero-pallares007\/\" class=\"wp-image-430\" srcset=\"https:\/\/corocantabile.gal\/wp-content\/uploads\/2021\/09\/Cantabile-Palabras-de-Luz-Coro-Galicia-Coruna-Musica-Galega-Poesia-Manuel-Rivas-Juan-Duran-Buide-Lucia-Cernadas-Traballo-Galego-Dores-Tembras-Antia-Otero-Pallares007-1024x683.jpg 1024w, https:\/\/corocantabile.gal\/wp-content\/uploads\/2021\/09\/Cantabile-Palabras-de-Luz-Coro-Galicia-Coruna-Musica-Galega-Poesia-Manuel-Rivas-Juan-Duran-Buide-Lucia-Cernadas-Traballo-Galego-Dores-Tembras-Antia-Otero-Pallares007-300x200.jpg 300w, https:\/\/corocantabile.gal\/wp-content\/uploads\/2021\/09\/Cantabile-Palabras-de-Luz-Coro-Galicia-Coruna-Musica-Galega-Poesia-Manuel-Rivas-Juan-Duran-Buide-Lucia-Cernadas-Traballo-Galego-Dores-Tembras-Antia-Otero-Pallares007-768x512.jpg 768w, https:\/\/corocantabile.gal\/wp-content\/uploads\/2021\/09\/Cantabile-Palabras-de-Luz-Coro-Galicia-Coruna-Musica-Galega-Poesia-Manuel-Rivas-Juan-Duran-Buide-Lucia-Cernadas-Traballo-Galego-Dores-Tembras-Antia-Otero-Pallares007-960x640.jpg 960w, https:\/\/corocantabile.gal\/wp-content\/uploads\/2021\/09\/Cantabile-Palabras-de-Luz-Coro-Galicia-Coruna-Musica-Galega-Poesia-Manuel-Rivas-Juan-Duran-Buide-Lucia-Cernadas-Traballo-Galego-Dores-Tembras-Antia-Otero-Pallares007-615x410.jpg 615w, https:\/\/corocantabile.gal\/wp-content\/uploads\/2021\/09\/Cantabile-Palabras-de-Luz-Coro-Galicia-Coruna-Musica-Galega-Poesia-Manuel-Rivas-Juan-Duran-Buide-Lucia-Cernadas-Traballo-Galego-Dores-Tembras-Antia-Otero-Pallares007-1290x860.jpg 1290w, https:\/\/corocantabile.gal\/wp-content\/uploads\/2021\/09\/Cantabile-Palabras-de-Luz-Coro-Galicia-Coruna-Musica-Galega-Poesia-Manuel-Rivas-Juan-Duran-Buide-Lucia-Cernadas-Traballo-Galego-Dores-Tembras-Antia-Otero-Pallares007-690x460.jpg 690w, https:\/\/corocantabile.gal\/wp-content\/uploads\/2021\/09\/Cantabile-Palabras-de-Luz-Coro-Galicia-Coruna-Musica-Galega-Poesia-Manuel-Rivas-Juan-Duran-Buide-Lucia-Cernadas-Traballo-Galego-Dores-Tembras-Antia-Otero-Pallares007.jpg 1500w\" sizes=\"(max-width: 1024px) 100vw, 1024px\" \/><\/figure><\/li><li class=\"blocks-gallery-item\"><figure><img loading=\"lazy\" width=\"1024\" height=\"683\" src=\"https:\/\/corocantabile.gal\/wp-content\/uploads\/2021\/09\/Cantabile-Palabras-de-Luz-Coro-Galicia-Coruna-Musica-Galega-Poesia-Jesus-Rodil-Carlos-Negro-Estibaliz-Espinosa-Eva-Veiga-Maria-Lado-Mosquera088-1024x683.jpg\" alt=\"\" data-id=\"432\" data-full-url=\"https:\/\/corocantabile.gal\/wp-content\/uploads\/2021\/09\/Cantabile-Palabras-de-Luz-Coro-Galicia-Coruna-Musica-Galega-Poesia-Jesus-Rodil-Carlos-Negro-Estibaliz-Espinosa-Eva-Veiga-Maria-Lado-Mosquera088.jpg\" data-link=\"https:\/\/corocantabile.gal\/presentacion-de-palabras-de-luz-galeria-de-imaxes\/cantabile-palabras-de-luz-coro-galicia-coruna-musica-galega-poesia-jesus-rodil-carlos-negro-estibaliz-espinosa-eva-veiga-maria-lado-mosquera088\/\" class=\"wp-image-432\" srcset=\"https:\/\/corocantabile.gal\/wp-content\/uploads\/2021\/09\/Cantabile-Palabras-de-Luz-Coro-Galicia-Coruna-Musica-Galega-Poesia-Jesus-Rodil-Carlos-Negro-Estibaliz-Espinosa-Eva-Veiga-Maria-Lado-Mosquera088-1024x683.jpg 1024w, https:\/\/corocantabile.gal\/wp-content\/uploads\/2021\/09\/Cantabile-Palabras-de-Luz-Coro-Galicia-Coruna-Musica-Galega-Poesia-Jesus-Rodil-Carlos-Negro-Estibaliz-Espinosa-Eva-Veiga-Maria-Lado-Mosquera088-300x200.jpg 300w, https:\/\/corocantabile.gal\/wp-content\/uploads\/2021\/09\/Cantabile-Palabras-de-Luz-Coro-Galicia-Coruna-Musica-Galega-Poesia-Jesus-Rodil-Carlos-Negro-Estibaliz-Espinosa-Eva-Veiga-Maria-Lado-Mosquera088-768x512.jpg 768w, https:\/\/corocantabile.gal\/wp-content\/uploads\/2021\/09\/Cantabile-Palabras-de-Luz-Coro-Galicia-Coruna-Musica-Galega-Poesia-Jesus-Rodil-Carlos-Negro-Estibaliz-Espinosa-Eva-Veiga-Maria-Lado-Mosquera088-960x640.jpg 960w, https:\/\/corocantabile.gal\/wp-content\/uploads\/2021\/09\/Cantabile-Palabras-de-Luz-Coro-Galicia-Coruna-Musica-Galega-Poesia-Jesus-Rodil-Carlos-Negro-Estibaliz-Espinosa-Eva-Veiga-Maria-Lado-Mosquera088-615x410.jpg 615w, https:\/\/corocantabile.gal\/wp-content\/uploads\/2021\/09\/Cantabile-Palabras-de-Luz-Coro-Galicia-Coruna-Musica-Galega-Poesia-Jesus-Rodil-Carlos-Negro-Estibaliz-Espinosa-Eva-Veiga-Maria-Lado-Mosquera088-1290x860.jpg 1290w, https:\/\/corocantabile.gal\/wp-content\/uploads\/2021\/09\/Cantabile-Palabras-de-Luz-Coro-Galicia-Coruna-Musica-Galega-Poesia-Jesus-Rodil-Carlos-Negro-Estibaliz-Espinosa-Eva-Veiga-Maria-Lado-Mosquera088-690x460.jpg 690w, https:\/\/corocantabile.gal\/wp-content\/uploads\/2021\/09\/Cantabile-Palabras-de-Luz-Coro-Galicia-Coruna-Musica-Galega-Poesia-Jesus-Rodil-Carlos-Negro-Estibaliz-Espinosa-Eva-Veiga-Maria-Lado-Mosquera088.jpg 1500w\" sizes=\"(max-width: 1024px) 100vw, 1024px\" \/><\/figure><\/li><li class=\"blocks-gallery-item\"><figure><img loading=\"lazy\" width=\"1024\" height=\"683\" src=\"https:\/\/corocantabile.gal\/wp-content\/uploads\/2021\/09\/Cantabile-Palabras-de-Luz-Coro-Galicia-Coruna-Musica-Galega-Poesia-Manuel-Rivas-Juan-Duran-Buide-Lucia-Cernadas-Traballo-Galego-Dores-Tembras-Antia-Otero-Pallares009-1024x683.jpg\" alt=\"\" data-id=\"434\" data-full-url=\"https:\/\/corocantabile.gal\/wp-content\/uploads\/2021\/09\/Cantabile-Palabras-de-Luz-Coro-Galicia-Coruna-Musica-Galega-Poesia-Manuel-Rivas-Juan-Duran-Buide-Lucia-Cernadas-Traballo-Galego-Dores-Tembras-Antia-Otero-Pallares009.jpg\" data-link=\"https:\/\/corocantabile.gal\/presentacion-de-palabras-de-luz-galeria-de-imaxes\/cantabile-palabras-de-luz-coro-galicia-coruna-musica-galega-poesia-manuel-rivas-juan-duran-buide-lucia-cernadas-traballo-galego-dores-tembras-antia-otero-pallares009\/\" class=\"wp-image-434\" srcset=\"https:\/\/corocantabile.gal\/wp-content\/uploads\/2021\/09\/Cantabile-Palabras-de-Luz-Coro-Galicia-Coruna-Musica-Galega-Poesia-Manuel-Rivas-Juan-Duran-Buide-Lucia-Cernadas-Traballo-Galego-Dores-Tembras-Antia-Otero-Pallares009-1024x683.jpg 1024w, https:\/\/corocantabile.gal\/wp-content\/uploads\/2021\/09\/Cantabile-Palabras-de-Luz-Coro-Galicia-Coruna-Musica-Galega-Poesia-Manuel-Rivas-Juan-Duran-Buide-Lucia-Cernadas-Traballo-Galego-Dores-Tembras-Antia-Otero-Pallares009-300x200.jpg 300w, https:\/\/corocantabile.gal\/wp-content\/uploads\/2021\/09\/Cantabile-Palabras-de-Luz-Coro-Galicia-Coruna-Musica-Galega-Poesia-Manuel-Rivas-Juan-Duran-Buide-Lucia-Cernadas-Traballo-Galego-Dores-Tembras-Antia-Otero-Pallares009-768x512.jpg 768w, https:\/\/corocantabile.gal\/wp-content\/uploads\/2021\/09\/Cantabile-Palabras-de-Luz-Coro-Galicia-Coruna-Musica-Galega-Poesia-Manuel-Rivas-Juan-Duran-Buide-Lucia-Cernadas-Traballo-Galego-Dores-Tembras-Antia-Otero-Pallares009-960x640.jpg 960w, https:\/\/corocantabile.gal\/wp-content\/uploads\/2021\/09\/Cantabile-Palabras-de-Luz-Coro-Galicia-Coruna-Musica-Galega-Poesia-Manuel-Rivas-Juan-Duran-Buide-Lucia-Cernadas-Traballo-Galego-Dores-Tembras-Antia-Otero-Pallares009-615x410.jpg 615w, https:\/\/corocantabile.gal\/wp-content\/uploads\/2021\/09\/Cantabile-Palabras-de-Luz-Coro-Galicia-Coruna-Musica-Galega-Poesia-Manuel-Rivas-Juan-Duran-Buide-Lucia-Cernadas-Traballo-Galego-Dores-Tembras-Antia-Otero-Pallares009-1290x860.jpg 1290w, https:\/\/corocantabile.gal\/wp-content\/uploads\/2021\/09\/Cantabile-Palabras-de-Luz-Coro-Galicia-Coruna-Musica-Galega-Poesia-Manuel-Rivas-Juan-Duran-Buide-Lucia-Cernadas-Traballo-Galego-Dores-Tembras-Antia-Otero-Pallares009-690x460.jpg 690w, https:\/\/corocantabile.gal\/wp-content\/uploads\/2021\/09\/Cantabile-Palabras-de-Luz-Coro-Galicia-Coruna-Musica-Galega-Poesia-Manuel-Rivas-Juan-Duran-Buide-Lucia-Cernadas-Traballo-Galego-Dores-Tembras-Antia-Otero-Pallares009.jpg 1500w\" sizes=\"(max-width: 1024px) 100vw, 1024px\" \/><\/figure><\/li><li class=\"blocks-gallery-item\"><figure><img loading=\"lazy\" width=\"1024\" height=\"683\" src=\"https:\/\/corocantabile.gal\/wp-content\/uploads\/2021\/09\/Cantabile-Palabras-de-Luz-Coro-Galicia-Coruna-Musica-Galega-Poesia-Manuel-Rivas-Juan-Duran-Buide-Lucia-Cernadas-Colon-Galego-Dores-Tembras-Antia-Otero-Pallares025-1024x683.jpg\" alt=\"\" data-id=\"435\" data-full-url=\"https:\/\/corocantabile.gal\/wp-content\/uploads\/2021\/09\/Cantabile-Palabras-de-Luz-Coro-Galicia-Coruna-Musica-Galega-Poesia-Manuel-Rivas-Juan-Duran-Buide-Lucia-Cernadas-Colon-Galego-Dores-Tembras-Antia-Otero-Pallares025.jpg\" data-link=\"https:\/\/corocantabile.gal\/presentacion-de-palabras-de-luz-galeria-de-imaxes\/cantabile-palabras-de-luz-coro-galicia-coruna-musica-galega-poesia-manuel-rivas-juan-duran-buide-lucia-cernadas-colon-galego-dores-tembras-antia-otero-pallares025\/\" class=\"wp-image-435\" srcset=\"https:\/\/corocantabile.gal\/wp-content\/uploads\/2021\/09\/Cantabile-Palabras-de-Luz-Coro-Galicia-Coruna-Musica-Galega-Poesia-Manuel-Rivas-Juan-Duran-Buide-Lucia-Cernadas-Colon-Galego-Dores-Tembras-Antia-Otero-Pallares025-1024x683.jpg 1024w, https:\/\/corocantabile.gal\/wp-content\/uploads\/2021\/09\/Cantabile-Palabras-de-Luz-Coro-Galicia-Coruna-Musica-Galega-Poesia-Manuel-Rivas-Juan-Duran-Buide-Lucia-Cernadas-Colon-Galego-Dores-Tembras-Antia-Otero-Pallares025-300x200.jpg 300w, https:\/\/corocantabile.gal\/wp-content\/uploads\/2021\/09\/Cantabile-Palabras-de-Luz-Coro-Galicia-Coruna-Musica-Galega-Poesia-Manuel-Rivas-Juan-Duran-Buide-Lucia-Cernadas-Colon-Galego-Dores-Tembras-Antia-Otero-Pallares025-768x512.jpg 768w, https:\/\/corocantabile.gal\/wp-content\/uploads\/2021\/09\/Cantabile-Palabras-de-Luz-Coro-Galicia-Coruna-Musica-Galega-Poesia-Manuel-Rivas-Juan-Duran-Buide-Lucia-Cernadas-Colon-Galego-Dores-Tembras-Antia-Otero-Pallares025-960x640.jpg 960w, https:\/\/corocantabile.gal\/wp-content\/uploads\/2021\/09\/Cantabile-Palabras-de-Luz-Coro-Galicia-Coruna-Musica-Galega-Poesia-Manuel-Rivas-Juan-Duran-Buide-Lucia-Cernadas-Colon-Galego-Dores-Tembras-Antia-Otero-Pallares025-615x410.jpg 615w, https:\/\/corocantabile.gal\/wp-content\/uploads\/2021\/09\/Cantabile-Palabras-de-Luz-Coro-Galicia-Coruna-Musica-Galega-Poesia-Manuel-Rivas-Juan-Duran-Buide-Lucia-Cernadas-Colon-Galego-Dores-Tembras-Antia-Otero-Pallares025-1290x860.jpg 1290w, https:\/\/corocantabile.gal\/wp-content\/uploads\/2021\/09\/Cantabile-Palabras-de-Luz-Coro-Galicia-Coruna-Musica-Galega-Poesia-Manuel-Rivas-Juan-Duran-Buide-Lucia-Cernadas-Colon-Galego-Dores-Tembras-Antia-Otero-Pallares025-690x460.jpg 690w, https:\/\/corocantabile.gal\/wp-content\/uploads\/2021\/09\/Cantabile-Palabras-de-Luz-Coro-Galicia-Coruna-Musica-Galega-Poesia-Manuel-Rivas-Juan-Duran-Buide-Lucia-Cernadas-Colon-Galego-Dores-Tembras-Antia-Otero-Pallares025.jpg 1500w\" sizes=\"(max-width: 1024px) 100vw, 1024px\" \/><\/figure><\/li><li class=\"blocks-gallery-item\"><figure><img loading=\"lazy\" width=\"1024\" height=\"683\" src=\"https:\/\/corocantabile.gal\/wp-content\/uploads\/2021\/09\/Cantabile-Palabras-de-Luz-Coro-Galicia-Coruna-Musica-Galega-Poesia-Manuel-Rivas-Juan-Duran-Buide-Lucia-Cernadas-Colon-Galego-Dores-Tembras-Antia-Otero-Pallares033-1024x683.jpg\" alt=\"\" data-id=\"436\" data-full-url=\"https:\/\/corocantabile.gal\/wp-content\/uploads\/2021\/09\/Cantabile-Palabras-de-Luz-Coro-Galicia-Coruna-Musica-Galega-Poesia-Manuel-Rivas-Juan-Duran-Buide-Lucia-Cernadas-Colon-Galego-Dores-Tembras-Antia-Otero-Pallares033.jpg\" data-link=\"https:\/\/corocantabile.gal\/presentacion-de-palabras-de-luz-galeria-de-imaxes\/cantabile-palabras-de-luz-coro-galicia-coruna-musica-galega-poesia-manuel-rivas-juan-duran-buide-lucia-cernadas-colon-galego-dores-tembras-antia-otero-pallares033\/\" class=\"wp-image-436\" srcset=\"https:\/\/corocantabile.gal\/wp-content\/uploads\/2021\/09\/Cantabile-Palabras-de-Luz-Coro-Galicia-Coruna-Musica-Galega-Poesia-Manuel-Rivas-Juan-Duran-Buide-Lucia-Cernadas-Colon-Galego-Dores-Tembras-Antia-Otero-Pallares033-1024x683.jpg 1024w, https:\/\/corocantabile.gal\/wp-content\/uploads\/2021\/09\/Cantabile-Palabras-de-Luz-Coro-Galicia-Coruna-Musica-Galega-Poesia-Manuel-Rivas-Juan-Duran-Buide-Lucia-Cernadas-Colon-Galego-Dores-Tembras-Antia-Otero-Pallares033-300x200.jpg 300w, https:\/\/corocantabile.gal\/wp-content\/uploads\/2021\/09\/Cantabile-Palabras-de-Luz-Coro-Galicia-Coruna-Musica-Galega-Poesia-Manuel-Rivas-Juan-Duran-Buide-Lucia-Cernadas-Colon-Galego-Dores-Tembras-Antia-Otero-Pallares033-768x512.jpg 768w, https:\/\/corocantabile.gal\/wp-content\/uploads\/2021\/09\/Cantabile-Palabras-de-Luz-Coro-Galicia-Coruna-Musica-Galega-Poesia-Manuel-Rivas-Juan-Duran-Buide-Lucia-Cernadas-Colon-Galego-Dores-Tembras-Antia-Otero-Pallares033-960x640.jpg 960w, https:\/\/corocantabile.gal\/wp-content\/uploads\/2021\/09\/Cantabile-Palabras-de-Luz-Coro-Galicia-Coruna-Musica-Galega-Poesia-Manuel-Rivas-Juan-Duran-Buide-Lucia-Cernadas-Colon-Galego-Dores-Tembras-Antia-Otero-Pallares033-615x410.jpg 615w, https:\/\/corocantabile.gal\/wp-content\/uploads\/2021\/09\/Cantabile-Palabras-de-Luz-Coro-Galicia-Coruna-Musica-Galega-Poesia-Manuel-Rivas-Juan-Duran-Buide-Lucia-Cernadas-Colon-Galego-Dores-Tembras-Antia-Otero-Pallares033-1290x860.jpg 1290w, https:\/\/corocantabile.gal\/wp-content\/uploads\/2021\/09\/Cantabile-Palabras-de-Luz-Coro-Galicia-Coruna-Musica-Galega-Poesia-Manuel-Rivas-Juan-Duran-Buide-Lucia-Cernadas-Colon-Galego-Dores-Tembras-Antia-Otero-Pallares033-690x460.jpg 690w, https:\/\/corocantabile.gal\/wp-content\/uploads\/2021\/09\/Cantabile-Palabras-de-Luz-Coro-Galicia-Coruna-Musica-Galega-Poesia-Manuel-Rivas-Juan-Duran-Buide-Lucia-Cernadas-Colon-Galego-Dores-Tembras-Antia-Otero-Pallares033.jpg 1500w\" sizes=\"(max-width: 1024px) 100vw, 1024px\" \/><\/figure><\/li><li class=\"blocks-gallery-item\"><figure><img loading=\"lazy\" width=\"1024\" height=\"683\" src=\"https:\/\/corocantabile.gal\/wp-content\/uploads\/2021\/09\/Cantabile-Palabras-de-Luz-Coro-Galicia-Coruna-Musica-Galega-Poesia-Manuel-Rivas-Juan-Duran-Buide-Lucia-Cernadas-Colon-Galego-Dores-Tembras-Antia-Otero-Pallares038-1024x683.jpg\" alt=\"\" data-id=\"437\" data-full-url=\"https:\/\/corocantabile.gal\/wp-content\/uploads\/2021\/09\/Cantabile-Palabras-de-Luz-Coro-Galicia-Coruna-Musica-Galega-Poesia-Manuel-Rivas-Juan-Duran-Buide-Lucia-Cernadas-Colon-Galego-Dores-Tembras-Antia-Otero-Pallares038.jpg\" data-link=\"https:\/\/corocantabile.gal\/presentacion-de-palabras-de-luz-galeria-de-imaxes\/cantabile-palabras-de-luz-coro-galicia-coruna-musica-galega-poesia-manuel-rivas-juan-duran-buide-lucia-cernadas-colon-galego-dores-tembras-antia-otero-pallares038\/\" class=\"wp-image-437\" srcset=\"https:\/\/corocantabile.gal\/wp-content\/uploads\/2021\/09\/Cantabile-Palabras-de-Luz-Coro-Galicia-Coruna-Musica-Galega-Poesia-Manuel-Rivas-Juan-Duran-Buide-Lucia-Cernadas-Colon-Galego-Dores-Tembras-Antia-Otero-Pallares038-1024x683.jpg 1024w, https:\/\/corocantabile.gal\/wp-content\/uploads\/2021\/09\/Cantabile-Palabras-de-Luz-Coro-Galicia-Coruna-Musica-Galega-Poesia-Manuel-Rivas-Juan-Duran-Buide-Lucia-Cernadas-Colon-Galego-Dores-Tembras-Antia-Otero-Pallares038-300x200.jpg 300w, https:\/\/corocantabile.gal\/wp-content\/uploads\/2021\/09\/Cantabile-Palabras-de-Luz-Coro-Galicia-Coruna-Musica-Galega-Poesia-Manuel-Rivas-Juan-Duran-Buide-Lucia-Cernadas-Colon-Galego-Dores-Tembras-Antia-Otero-Pallares038-768x512.jpg 768w, https:\/\/corocantabile.gal\/wp-content\/uploads\/2021\/09\/Cantabile-Palabras-de-Luz-Coro-Galicia-Coruna-Musica-Galega-Poesia-Manuel-Rivas-Juan-Duran-Buide-Lucia-Cernadas-Colon-Galego-Dores-Tembras-Antia-Otero-Pallares038-960x640.jpg 960w, https:\/\/corocantabile.gal\/wp-content\/uploads\/2021\/09\/Cantabile-Palabras-de-Luz-Coro-Galicia-Coruna-Musica-Galega-Poesia-Manuel-Rivas-Juan-Duran-Buide-Lucia-Cernadas-Colon-Galego-Dores-Tembras-Antia-Otero-Pallares038-615x410.jpg 615w, https:\/\/corocantabile.gal\/wp-content\/uploads\/2021\/09\/Cantabile-Palabras-de-Luz-Coro-Galicia-Coruna-Musica-Galega-Poesia-Manuel-Rivas-Juan-Duran-Buide-Lucia-Cernadas-Colon-Galego-Dores-Tembras-Antia-Otero-Pallares038-1290x860.jpg 1290w, https:\/\/corocantabile.gal\/wp-content\/uploads\/2021\/09\/Cantabile-Palabras-de-Luz-Coro-Galicia-Coruna-Musica-Galega-Poesia-Manuel-Rivas-Juan-Duran-Buide-Lucia-Cernadas-Colon-Galego-Dores-Tembras-Antia-Otero-Pallares038-690x460.jpg 690w, https:\/\/corocantabile.gal\/wp-content\/uploads\/2021\/09\/Cantabile-Palabras-de-Luz-Coro-Galicia-Coruna-Musica-Galega-Poesia-Manuel-Rivas-Juan-Duran-Buide-Lucia-Cernadas-Colon-Galego-Dores-Tembras-Antia-Otero-Pallares038.jpg 1500w\" sizes=\"(max-width: 1024px) 100vw, 1024px\" \/><\/figure><\/li><li class=\"blocks-gallery-item\"><figure><img loading=\"lazy\" width=\"1024\" height=\"683\" src=\"https:\/\/corocantabile.gal\/wp-content\/uploads\/2021\/09\/Cantabile-Palabras-de-Luz-Coro-Galicia-Coruna-Musica-Galega-Poesia-Federico-Mosquera-Baldo-Ramos-Anxo-Angueira-Fernandez-Sanmartin057-1024x683.jpg\" alt=\"\" data-id=\"438\" data-full-url=\"https:\/\/corocantabile.gal\/wp-content\/uploads\/2021\/09\/Cantabile-Palabras-de-Luz-Coro-Galicia-Coruna-Musica-Galega-Poesia-Federico-Mosquera-Baldo-Ramos-Anxo-Angueira-Fernandez-Sanmartin057.jpg\" data-link=\"https:\/\/corocantabile.gal\/presentacion-de-palabras-de-luz-galeria-de-imaxes\/cantabile-palabras-de-luz-coro-galicia-coruna-musica-galega-poesia-federico-mosquera-baldo-ramos-anxo-angueira-fernandez-sanmartin057\/\" class=\"wp-image-438\" srcset=\"https:\/\/corocantabile.gal\/wp-content\/uploads\/2021\/09\/Cantabile-Palabras-de-Luz-Coro-Galicia-Coruna-Musica-Galega-Poesia-Federico-Mosquera-Baldo-Ramos-Anxo-Angueira-Fernandez-Sanmartin057-1024x683.jpg 1024w, https:\/\/corocantabile.gal\/wp-content\/uploads\/2021\/09\/Cantabile-Palabras-de-Luz-Coro-Galicia-Coruna-Musica-Galega-Poesia-Federico-Mosquera-Baldo-Ramos-Anxo-Angueira-Fernandez-Sanmartin057-300x200.jpg 300w, https:\/\/corocantabile.gal\/wp-content\/uploads\/2021\/09\/Cantabile-Palabras-de-Luz-Coro-Galicia-Coruna-Musica-Galega-Poesia-Federico-Mosquera-Baldo-Ramos-Anxo-Angueira-Fernandez-Sanmartin057-768x512.jpg 768w, https:\/\/corocantabile.gal\/wp-content\/uploads\/2021\/09\/Cantabile-Palabras-de-Luz-Coro-Galicia-Coruna-Musica-Galega-Poesia-Federico-Mosquera-Baldo-Ramos-Anxo-Angueira-Fernandez-Sanmartin057-960x640.jpg 960w, https:\/\/corocantabile.gal\/wp-content\/uploads\/2021\/09\/Cantabile-Palabras-de-Luz-Coro-Galicia-Coruna-Musica-Galega-Poesia-Federico-Mosquera-Baldo-Ramos-Anxo-Angueira-Fernandez-Sanmartin057-615x410.jpg 615w, https:\/\/corocantabile.gal\/wp-content\/uploads\/2021\/09\/Cantabile-Palabras-de-Luz-Coro-Galicia-Coruna-Musica-Galega-Poesia-Federico-Mosquera-Baldo-Ramos-Anxo-Angueira-Fernandez-Sanmartin057-1290x860.jpg 1290w, https:\/\/corocantabile.gal\/wp-content\/uploads\/2021\/09\/Cantabile-Palabras-de-Luz-Coro-Galicia-Coruna-Musica-Galega-Poesia-Federico-Mosquera-Baldo-Ramos-Anxo-Angueira-Fernandez-Sanmartin057-690x460.jpg 690w, https:\/\/corocantabile.gal\/wp-content\/uploads\/2021\/09\/Cantabile-Palabras-de-Luz-Coro-Galicia-Coruna-Musica-Galega-Poesia-Federico-Mosquera-Baldo-Ramos-Anxo-Angueira-Fernandez-Sanmartin057.jpg 1500w\" sizes=\"(max-width: 1024px) 100vw, 1024px\" \/><\/figure><\/li><li class=\"blocks-gallery-item\"><figure><img loading=\"lazy\" width=\"1024\" height=\"683\" src=\"https:\/\/corocantabile.gal\/wp-content\/uploads\/2021\/09\/Cantabile-Palabras-de-Luz-Coro-Galicia-Coruna-Musica-Galega-Poesia-Jesus-Rodil-Carlos-Negro-Estibaliz-Espinosa-Eva-Veiga-Maria-Lado-Mosquera095-1024x683.jpg\" alt=\"\" data-id=\"439\" data-full-url=\"https:\/\/corocantabile.gal\/wp-content\/uploads\/2021\/09\/Cantabile-Palabras-de-Luz-Coro-Galicia-Coruna-Musica-Galega-Poesia-Jesus-Rodil-Carlos-Negro-Estibaliz-Espinosa-Eva-Veiga-Maria-Lado-Mosquera095.jpg\" data-link=\"https:\/\/corocantabile.gal\/presentacion-de-palabras-de-luz-galeria-de-imaxes\/cantabile-palabras-de-luz-coro-galicia-coruna-musica-galega-poesia-jesus-rodil-carlos-negro-estibaliz-espinosa-eva-veiga-maria-lado-mosquera095\/\" class=\"wp-image-439\" srcset=\"https:\/\/corocantabile.gal\/wp-content\/uploads\/2021\/09\/Cantabile-Palabras-de-Luz-Coro-Galicia-Coruna-Musica-Galega-Poesia-Jesus-Rodil-Carlos-Negro-Estibaliz-Espinosa-Eva-Veiga-Maria-Lado-Mosquera095-1024x683.jpg 1024w, https:\/\/corocantabile.gal\/wp-content\/uploads\/2021\/09\/Cantabile-Palabras-de-Luz-Coro-Galicia-Coruna-Musica-Galega-Poesia-Jesus-Rodil-Carlos-Negro-Estibaliz-Espinosa-Eva-Veiga-Maria-Lado-Mosquera095-300x200.jpg 300w, https:\/\/corocantabile.gal\/wp-content\/uploads\/2021\/09\/Cantabile-Palabras-de-Luz-Coro-Galicia-Coruna-Musica-Galega-Poesia-Jesus-Rodil-Carlos-Negro-Estibaliz-Espinosa-Eva-Veiga-Maria-Lado-Mosquera095-768x512.jpg 768w, https:\/\/corocantabile.gal\/wp-content\/uploads\/2021\/09\/Cantabile-Palabras-de-Luz-Coro-Galicia-Coruna-Musica-Galega-Poesia-Jesus-Rodil-Carlos-Negro-Estibaliz-Espinosa-Eva-Veiga-Maria-Lado-Mosquera095-960x640.jpg 960w, https:\/\/corocantabile.gal\/wp-content\/uploads\/2021\/09\/Cantabile-Palabras-de-Luz-Coro-Galicia-Coruna-Musica-Galega-Poesia-Jesus-Rodil-Carlos-Negro-Estibaliz-Espinosa-Eva-Veiga-Maria-Lado-Mosquera095-615x410.jpg 615w, https:\/\/corocantabile.gal\/wp-content\/uploads\/2021\/09\/Cantabile-Palabras-de-Luz-Coro-Galicia-Coruna-Musica-Galega-Poesia-Jesus-Rodil-Carlos-Negro-Estibaliz-Espinosa-Eva-Veiga-Maria-Lado-Mosquera095-1290x860.jpg 1290w, https:\/\/corocantabile.gal\/wp-content\/uploads\/2021\/09\/Cantabile-Palabras-de-Luz-Coro-Galicia-Coruna-Musica-Galega-Poesia-Jesus-Rodil-Carlos-Negro-Estibaliz-Espinosa-Eva-Veiga-Maria-Lado-Mosquera095-690x460.jpg 690w, https:\/\/corocantabile.gal\/wp-content\/uploads\/2021\/09\/Cantabile-Palabras-de-Luz-Coro-Galicia-Coruna-Musica-Galega-Poesia-Jesus-Rodil-Carlos-Negro-Estibaliz-Espinosa-Eva-Veiga-Maria-Lado-Mosquera095.jpg 1500w\" sizes=\"(max-width: 1024px) 100vw, 1024px\" \/><\/figure><\/li><li class=\"blocks-gallery-item\"><figure><img loading=\"lazy\" width=\"1024\" height=\"683\" src=\"https:\/\/corocantabile.gal\/wp-content\/uploads\/2021\/09\/Cantabile-Palabras-de-Luz-Coro-Galicia-Coruna-Musica-Galega-Poesia-Jesus-Rodil-Carlos-Negro-Estibaliz-Espinosa-Eva-Veiga-Maria-Lado-Mosquera072-1024x683.jpg\" alt=\"\" data-id=\"440\" data-full-url=\"https:\/\/corocantabile.gal\/wp-content\/uploads\/2021\/09\/Cantabile-Palabras-de-Luz-Coro-Galicia-Coruna-Musica-Galega-Poesia-Jesus-Rodil-Carlos-Negro-Estibaliz-Espinosa-Eva-Veiga-Maria-Lado-Mosquera072.jpg\" data-link=\"https:\/\/corocantabile.gal\/presentacion-de-palabras-de-luz-galeria-de-imaxes\/cantabile-palabras-de-luz-coro-galicia-coruna-musica-galega-poesia-jesus-rodil-carlos-negro-estibaliz-espinosa-eva-veiga-maria-lado-mosquera072\/\" class=\"wp-image-440\" srcset=\"https:\/\/corocantabile.gal\/wp-content\/uploads\/2021\/09\/Cantabile-Palabras-de-Luz-Coro-Galicia-Coruna-Musica-Galega-Poesia-Jesus-Rodil-Carlos-Negro-Estibaliz-Espinosa-Eva-Veiga-Maria-Lado-Mosquera072-1024x683.jpg 1024w, https:\/\/corocantabile.gal\/wp-content\/uploads\/2021\/09\/Cantabile-Palabras-de-Luz-Coro-Galicia-Coruna-Musica-Galega-Poesia-Jesus-Rodil-Carlos-Negro-Estibaliz-Espinosa-Eva-Veiga-Maria-Lado-Mosquera072-300x200.jpg 300w, https:\/\/corocantabile.gal\/wp-content\/uploads\/2021\/09\/Cantabile-Palabras-de-Luz-Coro-Galicia-Coruna-Musica-Galega-Poesia-Jesus-Rodil-Carlos-Negro-Estibaliz-Espinosa-Eva-Veiga-Maria-Lado-Mosquera072-768x512.jpg 768w, https:\/\/corocantabile.gal\/wp-content\/uploads\/2021\/09\/Cantabile-Palabras-de-Luz-Coro-Galicia-Coruna-Musica-Galega-Poesia-Jesus-Rodil-Carlos-Negro-Estibaliz-Espinosa-Eva-Veiga-Maria-Lado-Mosquera072-960x640.jpg 960w, https:\/\/corocantabile.gal\/wp-content\/uploads\/2021\/09\/Cantabile-Palabras-de-Luz-Coro-Galicia-Coruna-Musica-Galega-Poesia-Jesus-Rodil-Carlos-Negro-Estibaliz-Espinosa-Eva-Veiga-Maria-Lado-Mosquera072-615x410.jpg 615w, https:\/\/corocantabile.gal\/wp-content\/uploads\/2021\/09\/Cantabile-Palabras-de-Luz-Coro-Galicia-Coruna-Musica-Galega-Poesia-Jesus-Rodil-Carlos-Negro-Estibaliz-Espinosa-Eva-Veiga-Maria-Lado-Mosquera072-1290x860.jpg 1290w, https:\/\/corocantabile.gal\/wp-content\/uploads\/2021\/09\/Cantabile-Palabras-de-Luz-Coro-Galicia-Coruna-Musica-Galega-Poesia-Jesus-Rodil-Carlos-Negro-Estibaliz-Espinosa-Eva-Veiga-Maria-Lado-Mosquera072-690x460.jpg 690w, https:\/\/corocantabile.gal\/wp-content\/uploads\/2021\/09\/Cantabile-Palabras-de-Luz-Coro-Galicia-Coruna-Musica-Galega-Poesia-Jesus-Rodil-Carlos-Negro-Estibaliz-Espinosa-Eva-Veiga-Maria-Lado-Mosquera072.jpg 1500w\" sizes=\"(max-width: 1024px) 100vw, 1024px\" \/><\/figure><\/li><li class=\"blocks-gallery-item\"><figure><img loading=\"lazy\" width=\"1024\" height=\"683\" src=\"https:\/\/corocantabile.gal\/wp-content\/uploads\/2021\/09\/Cantabile-Palabras-de-Luz-Coro-Galicia-Coruna-Musica-Galega-Poesia-Federico-Mosquera-Baldo-Ramos-Anxo-Angueira-Fernandez-Sanmartin047-1024x683.jpg\" alt=\"\" data-id=\"441\" data-full-url=\"https:\/\/corocantabile.gal\/wp-content\/uploads\/2021\/09\/Cantabile-Palabras-de-Luz-Coro-Galicia-Coruna-Musica-Galega-Poesia-Federico-Mosquera-Baldo-Ramos-Anxo-Angueira-Fernandez-Sanmartin047.jpg\" data-link=\"https:\/\/corocantabile.gal\/presentacion-de-palabras-de-luz-galeria-de-imaxes\/cantabile-palabras-de-luz-coro-galicia-coruna-musica-galega-poesia-federico-mosquera-baldo-ramos-anxo-angueira-fernandez-sanmartin047\/\" class=\"wp-image-441\" srcset=\"https:\/\/corocantabile.gal\/wp-content\/uploads\/2021\/09\/Cantabile-Palabras-de-Luz-Coro-Galicia-Coruna-Musica-Galega-Poesia-Federico-Mosquera-Baldo-Ramos-Anxo-Angueira-Fernandez-Sanmartin047-1024x683.jpg 1024w, https:\/\/corocantabile.gal\/wp-content\/uploads\/2021\/09\/Cantabile-Palabras-de-Luz-Coro-Galicia-Coruna-Musica-Galega-Poesia-Federico-Mosquera-Baldo-Ramos-Anxo-Angueira-Fernandez-Sanmartin047-300x200.jpg 300w, https:\/\/corocantabile.gal\/wp-content\/uploads\/2021\/09\/Cantabile-Palabras-de-Luz-Coro-Galicia-Coruna-Musica-Galega-Poesia-Federico-Mosquera-Baldo-Ramos-Anxo-Angueira-Fernandez-Sanmartin047-768x512.jpg 768w, https:\/\/corocantabile.gal\/wp-content\/uploads\/2021\/09\/Cantabile-Palabras-de-Luz-Coro-Galicia-Coruna-Musica-Galega-Poesia-Federico-Mosquera-Baldo-Ramos-Anxo-Angueira-Fernandez-Sanmartin047-960x640.jpg 960w, https:\/\/corocantabile.gal\/wp-content\/uploads\/2021\/09\/Cantabile-Palabras-de-Luz-Coro-Galicia-Coruna-Musica-Galega-Poesia-Federico-Mosquera-Baldo-Ramos-Anxo-Angueira-Fernandez-Sanmartin047-615x410.jpg 615w, https:\/\/corocantabile.gal\/wp-content\/uploads\/2021\/09\/Cantabile-Palabras-de-Luz-Coro-Galicia-Coruna-Musica-Galega-Poesia-Federico-Mosquera-Baldo-Ramos-Anxo-Angueira-Fernandez-Sanmartin047-1290x860.jpg 1290w, https:\/\/corocantabile.gal\/wp-content\/uploads\/2021\/09\/Cantabile-Palabras-de-Luz-Coro-Galicia-Coruna-Musica-Galega-Poesia-Federico-Mosquera-Baldo-Ramos-Anxo-Angueira-Fernandez-Sanmartin047-690x460.jpg 690w, https:\/\/corocantabile.gal\/wp-content\/uploads\/2021\/09\/Cantabile-Palabras-de-Luz-Coro-Galicia-Coruna-Musica-Galega-Poesia-Federico-Mosquera-Baldo-Ramos-Anxo-Angueira-Fernandez-Sanmartin047.jpg 1500w\" sizes=\"(max-width: 1024px) 100vw, 1024px\" \/><\/figure><\/li><li class=\"blocks-gallery-item\"><figure><img loading=\"lazy\" width=\"1024\" height=\"683\" src=\"https:\/\/corocantabile.gal\/wp-content\/uploads\/2021\/09\/Cantabile-Palabras-de-Luz-Coro-Galicia-Coruna-Musica-Galega-Poesia-Manuel-Rivas-Juan-Duran-Buide-Lucia-Cernadas-Colon-Galego-Dores-Tembras-Antia-Otero-Pallares044-1024x683.jpg\" alt=\"\" data-id=\"442\" data-full-url=\"https:\/\/corocantabile.gal\/wp-content\/uploads\/2021\/09\/Cantabile-Palabras-de-Luz-Coro-Galicia-Coruna-Musica-Galega-Poesia-Manuel-Rivas-Juan-Duran-Buide-Lucia-Cernadas-Colon-Galego-Dores-Tembras-Antia-Otero-Pallares044.jpg\" data-link=\"https:\/\/corocantabile.gal\/presentacion-de-palabras-de-luz-galeria-de-imaxes\/cantabile-palabras-de-luz-coro-galicia-coruna-musica-galega-poesia-manuel-rivas-juan-duran-buide-lucia-cernadas-colon-galego-dores-tembras-antia-otero-pallares044\/\" class=\"wp-image-442\" srcset=\"https:\/\/corocantabile.gal\/wp-content\/uploads\/2021\/09\/Cantabile-Palabras-de-Luz-Coro-Galicia-Coruna-Musica-Galega-Poesia-Manuel-Rivas-Juan-Duran-Buide-Lucia-Cernadas-Colon-Galego-Dores-Tembras-Antia-Otero-Pallares044-1024x683.jpg 1024w, https:\/\/corocantabile.gal\/wp-content\/uploads\/2021\/09\/Cantabile-Palabras-de-Luz-Coro-Galicia-Coruna-Musica-Galega-Poesia-Manuel-Rivas-Juan-Duran-Buide-Lucia-Cernadas-Colon-Galego-Dores-Tembras-Antia-Otero-Pallares044-300x200.jpg 300w, https:\/\/corocantabile.gal\/wp-content\/uploads\/2021\/09\/Cantabile-Palabras-de-Luz-Coro-Galicia-Coruna-Musica-Galega-Poesia-Manuel-Rivas-Juan-Duran-Buide-Lucia-Cernadas-Colon-Galego-Dores-Tembras-Antia-Otero-Pallares044-768x512.jpg 768w, https:\/\/corocantabile.gal\/wp-content\/uploads\/2021\/09\/Cantabile-Palabras-de-Luz-Coro-Galicia-Coruna-Musica-Galega-Poesia-Manuel-Rivas-Juan-Duran-Buide-Lucia-Cernadas-Colon-Galego-Dores-Tembras-Antia-Otero-Pallares044-960x640.jpg 960w, https:\/\/corocantabile.gal\/wp-content\/uploads\/2021\/09\/Cantabile-Palabras-de-Luz-Coro-Galicia-Coruna-Musica-Galega-Poesia-Manuel-Rivas-Juan-Duran-Buide-Lucia-Cernadas-Colon-Galego-Dores-Tembras-Antia-Otero-Pallares044-615x410.jpg 615w, https:\/\/corocantabile.gal\/wp-content\/uploads\/2021\/09\/Cantabile-Palabras-de-Luz-Coro-Galicia-Coruna-Musica-Galega-Poesia-Manuel-Rivas-Juan-Duran-Buide-Lucia-Cernadas-Colon-Galego-Dores-Tembras-Antia-Otero-Pallares044-1290x860.jpg 1290w, https:\/\/corocantabile.gal\/wp-content\/uploads\/2021\/09\/Cantabile-Palabras-de-Luz-Coro-Galicia-Coruna-Musica-Galega-Poesia-Manuel-Rivas-Juan-Duran-Buide-Lucia-Cernadas-Colon-Galego-Dores-Tembras-Antia-Otero-Pallares044-690x460.jpg 690w, https:\/\/corocantabile.gal\/wp-content\/uploads\/2021\/09\/Cantabile-Palabras-de-Luz-Coro-Galicia-Coruna-Musica-Galega-Poesia-Manuel-Rivas-Juan-Duran-Buide-Lucia-Cernadas-Colon-Galego-Dores-Tembras-Antia-Otero-Pallares044.jpg 1500w\" sizes=\"(max-width: 1024px) 100vw, 1024px\" \/><\/figure><\/li><li class=\"blocks-gallery-item\"><figure><img loading=\"lazy\" width=\"1024\" height=\"683\" src=\"https:\/\/corocantabile.gal\/wp-content\/uploads\/2021\/09\/Cantabile-Palabras-de-Luz-Coro-Galicia-Coruna-Musica-Galega-Poesia-Manuel-Rivas-Juan-Duran-Fernando-Buide-Lucia-Cernadas-Traballo-Galego-Dores-Tembras-Antia-Otero-Pallares004-1024x683.jpg\" alt=\"\" data-id=\"445\" data-full-url=\"https:\/\/corocantabile.gal\/wp-content\/uploads\/2021\/09\/Cantabile-Palabras-de-Luz-Coro-Galicia-Coruna-Musica-Galega-Poesia-Manuel-Rivas-Juan-Duran-Fernando-Buide-Lucia-Cernadas-Traballo-Galego-Dores-Tembras-Antia-Otero-Pallares004.jpg\" data-link=\"https:\/\/corocantabile.gal\/presentacion-de-palabras-de-luz-galeria-de-imaxes\/cantabile-palabras-de-luz-coro-galicia-coruna-musica-galega-poesia-manuel-rivas-juan-duran-fernando-buide-lucia-cernadas-traballo-galego-dores-tembras-antia-otero-pallares004\/\" class=\"wp-image-445\" srcset=\"https:\/\/corocantabile.gal\/wp-content\/uploads\/2021\/09\/Cantabile-Palabras-de-Luz-Coro-Galicia-Coruna-Musica-Galega-Poesia-Manuel-Rivas-Juan-Duran-Fernando-Buide-Lucia-Cernadas-Traballo-Galego-Dores-Tembras-Antia-Otero-Pallares004-1024x683.jpg 1024w, https:\/\/corocantabile.gal\/wp-content\/uploads\/2021\/09\/Cantabile-Palabras-de-Luz-Coro-Galicia-Coruna-Musica-Galega-Poesia-Manuel-Rivas-Juan-Duran-Fernando-Buide-Lucia-Cernadas-Traballo-Galego-Dores-Tembras-Antia-Otero-Pallares004-300x200.jpg 300w, https:\/\/corocantabile.gal\/wp-content\/uploads\/2021\/09\/Cantabile-Palabras-de-Luz-Coro-Galicia-Coruna-Musica-Galega-Poesia-Manuel-Rivas-Juan-Duran-Fernando-Buide-Lucia-Cernadas-Traballo-Galego-Dores-Tembras-Antia-Otero-Pallares004-768x512.jpg 768w, https:\/\/corocantabile.gal\/wp-content\/uploads\/2021\/09\/Cantabile-Palabras-de-Luz-Coro-Galicia-Coruna-Musica-Galega-Poesia-Manuel-Rivas-Juan-Duran-Fernando-Buide-Lucia-Cernadas-Traballo-Galego-Dores-Tembras-Antia-Otero-Pallares004-960x640.jpg 960w, https:\/\/corocantabile.gal\/wp-content\/uploads\/2021\/09\/Cantabile-Palabras-de-Luz-Coro-Galicia-Coruna-Musica-Galega-Poesia-Manuel-Rivas-Juan-Duran-Fernando-Buide-Lucia-Cernadas-Traballo-Galego-Dores-Tembras-Antia-Otero-Pallares004-615x410.jpg 615w, https:\/\/corocantabile.gal\/wp-content\/uploads\/2021\/09\/Cantabile-Palabras-de-Luz-Coro-Galicia-Coruna-Musica-Galega-Poesia-Manuel-Rivas-Juan-Duran-Fernando-Buide-Lucia-Cernadas-Traballo-Galego-Dores-Tembras-Antia-Otero-Pallares004-1290x860.jpg 1290w, https:\/\/corocantabile.gal\/wp-content\/uploads\/2021\/09\/Cantabile-Palabras-de-Luz-Coro-Galicia-Coruna-Musica-Galega-Poesia-Manuel-Rivas-Juan-Duran-Fernando-Buide-Lucia-Cernadas-Traballo-Galego-Dores-Tembras-Antia-Otero-Pallares004-690x460.jpg 690w, https:\/\/corocantabile.gal\/wp-content\/uploads\/2021\/09\/Cantabile-Palabras-de-Luz-Coro-Galicia-Coruna-Musica-Galega-Poesia-Manuel-Rivas-Juan-Duran-Fernando-Buide-Lucia-Cernadas-Traballo-Galego-Dores-Tembras-Antia-Otero-Pallares004.jpg 1500w\" sizes=\"(max-width: 1024px) 100vw, 1024px\" \/><\/figure><\/li><li class=\"blocks-gallery-item\"><figure><img loading=\"lazy\" width=\"1024\" height=\"683\" src=\"https:\/\/corocantabile.gal\/wp-content\/uploads\/2021\/09\/Cantabile-Palabras-de-Luz-Coro-Galicia-Coruna-Musica-Galega-Poesia-Manuel-Rivas-Juan-Duran-Buide-Lucia-Cernadas-Colon-Galego-Dores-Tembras-Antia-Otero-Pallares046-1024x683.jpg\" alt=\"\" data-id=\"446\" data-full-url=\"https:\/\/corocantabile.gal\/wp-content\/uploads\/2021\/09\/Cantabile-Palabras-de-Luz-Coro-Galicia-Coruna-Musica-Galega-Poesia-Manuel-Rivas-Juan-Duran-Buide-Lucia-Cernadas-Colon-Galego-Dores-Tembras-Antia-Otero-Pallares046.jpg\" data-link=\"https:\/\/corocantabile.gal\/presentacion-de-palabras-de-luz-galeria-de-imaxes\/cantabile-palabras-de-luz-coro-galicia-coruna-musica-galega-poesia-manuel-rivas-juan-duran-buide-lucia-cernadas-colon-galego-dores-tembras-antia-otero-pallares046\/\" class=\"wp-image-446\" srcset=\"https:\/\/corocantabile.gal\/wp-content\/uploads\/2021\/09\/Cantabile-Palabras-de-Luz-Coro-Galicia-Coruna-Musica-Galega-Poesia-Manuel-Rivas-Juan-Duran-Buide-Lucia-Cernadas-Colon-Galego-Dores-Tembras-Antia-Otero-Pallares046-1024x683.jpg 1024w, https:\/\/corocantabile.gal\/wp-content\/uploads\/2021\/09\/Cantabile-Palabras-de-Luz-Coro-Galicia-Coruna-Musica-Galega-Poesia-Manuel-Rivas-Juan-Duran-Buide-Lucia-Cernadas-Colon-Galego-Dores-Tembras-Antia-Otero-Pallares046-300x200.jpg 300w, https:\/\/corocantabile.gal\/wp-content\/uploads\/2021\/09\/Cantabile-Palabras-de-Luz-Coro-Galicia-Coruna-Musica-Galega-Poesia-Manuel-Rivas-Juan-Duran-Buide-Lucia-Cernadas-Colon-Galego-Dores-Tembras-Antia-Otero-Pallares046-768x512.jpg 768w, https:\/\/corocantabile.gal\/wp-content\/uploads\/2021\/09\/Cantabile-Palabras-de-Luz-Coro-Galicia-Coruna-Musica-Galega-Poesia-Manuel-Rivas-Juan-Duran-Buide-Lucia-Cernadas-Colon-Galego-Dores-Tembras-Antia-Otero-Pallares046-960x640.jpg 960w, https:\/\/corocantabile.gal\/wp-content\/uploads\/2021\/09\/Cantabile-Palabras-de-Luz-Coro-Galicia-Coruna-Musica-Galega-Poesia-Manuel-Rivas-Juan-Duran-Buide-Lucia-Cernadas-Colon-Galego-Dores-Tembras-Antia-Otero-Pallares046-615x410.jpg 615w, https:\/\/corocantabile.gal\/wp-content\/uploads\/2021\/09\/Cantabile-Palabras-de-Luz-Coro-Galicia-Coruna-Musica-Galega-Poesia-Manuel-Rivas-Juan-Duran-Buide-Lucia-Cernadas-Colon-Galego-Dores-Tembras-Antia-Otero-Pallares046-1290x860.jpg 1290w, https:\/\/corocantabile.gal\/wp-content\/uploads\/2021\/09\/Cantabile-Palabras-de-Luz-Coro-Galicia-Coruna-Musica-Galega-Poesia-Manuel-Rivas-Juan-Duran-Buide-Lucia-Cernadas-Colon-Galego-Dores-Tembras-Antia-Otero-Pallares046-690x460.jpg 690w, https:\/\/corocantabile.gal\/wp-content\/uploads\/2021\/09\/Cantabile-Palabras-de-Luz-Coro-Galicia-Coruna-Musica-Galega-Poesia-Manuel-Rivas-Juan-Duran-Buide-Lucia-Cernadas-Colon-Galego-Dores-Tembras-Antia-Otero-Pallares046.jpg 1500w\" sizes=\"(max-width: 1024px) 100vw, 1024px\" \/><\/figure><\/li><li class=\"blocks-gallery-item\"><figure><img loading=\"lazy\" width=\"1024\" height=\"683\" src=\"https:\/\/corocantabile.gal\/wp-content\/uploads\/2021\/09\/Cantabile-Palabras-de-Luz-Coro-Galicia-Coruna-Musica-Galega-Poesia-Jesus-Rodil-Carlos-Negro-Estibaliz-Espinosa-Eva-Veiga-Maria-Lado-Mosquera087-1024x683.jpg\" alt=\"\" data-id=\"447\" data-full-url=\"https:\/\/corocantabile.gal\/wp-content\/uploads\/2021\/09\/Cantabile-Palabras-de-Luz-Coro-Galicia-Coruna-Musica-Galega-Poesia-Jesus-Rodil-Carlos-Negro-Estibaliz-Espinosa-Eva-Veiga-Maria-Lado-Mosquera087.jpg\" data-link=\"https:\/\/corocantabile.gal\/presentacion-de-palabras-de-luz-galeria-de-imaxes\/cantabile-palabras-de-luz-coro-galicia-coruna-musica-galega-poesia-jesus-rodil-carlos-negro-estibaliz-espinosa-eva-veiga-maria-lado-mosquera087\/\" class=\"wp-image-447\" srcset=\"https:\/\/corocantabile.gal\/wp-content\/uploads\/2021\/09\/Cantabile-Palabras-de-Luz-Coro-Galicia-Coruna-Musica-Galega-Poesia-Jesus-Rodil-Carlos-Negro-Estibaliz-Espinosa-Eva-Veiga-Maria-Lado-Mosquera087-1024x683.jpg 1024w, https:\/\/corocantabile.gal\/wp-content\/uploads\/2021\/09\/Cantabile-Palabras-de-Luz-Coro-Galicia-Coruna-Musica-Galega-Poesia-Jesus-Rodil-Carlos-Negro-Estibaliz-Espinosa-Eva-Veiga-Maria-Lado-Mosquera087-300x200.jpg 300w, https:\/\/corocantabile.gal\/wp-content\/uploads\/2021\/09\/Cantabile-Palabras-de-Luz-Coro-Galicia-Coruna-Musica-Galega-Poesia-Jesus-Rodil-Carlos-Negro-Estibaliz-Espinosa-Eva-Veiga-Maria-Lado-Mosquera087-768x512.jpg 768w, https:\/\/corocantabile.gal\/wp-content\/uploads\/2021\/09\/Cantabile-Palabras-de-Luz-Coro-Galicia-Coruna-Musica-Galega-Poesia-Jesus-Rodil-Carlos-Negro-Estibaliz-Espinosa-Eva-Veiga-Maria-Lado-Mosquera087-960x640.jpg 960w, https:\/\/corocantabile.gal\/wp-content\/uploads\/2021\/09\/Cantabile-Palabras-de-Luz-Coro-Galicia-Coruna-Musica-Galega-Poesia-Jesus-Rodil-Carlos-Negro-Estibaliz-Espinosa-Eva-Veiga-Maria-Lado-Mosquera087-615x410.jpg 615w, https:\/\/corocantabile.gal\/wp-content\/uploads\/2021\/09\/Cantabile-Palabras-de-Luz-Coro-Galicia-Coruna-Musica-Galega-Poesia-Jesus-Rodil-Carlos-Negro-Estibaliz-Espinosa-Eva-Veiga-Maria-Lado-Mosquera087-1290x860.jpg 1290w, https:\/\/corocantabile.gal\/wp-content\/uploads\/2021\/09\/Cantabile-Palabras-de-Luz-Coro-Galicia-Coruna-Musica-Galega-Poesia-Jesus-Rodil-Carlos-Negro-Estibaliz-Espinosa-Eva-Veiga-Maria-Lado-Mosquera087-690x460.jpg 690w, https:\/\/corocantabile.gal\/wp-content\/uploads\/2021\/09\/Cantabile-Palabras-de-Luz-Coro-Galicia-Coruna-Musica-Galega-Poesia-Jesus-Rodil-Carlos-Negro-Estibaliz-Espinosa-Eva-Veiga-Maria-Lado-Mosquera087.jpg 1500w\" sizes=\"(max-width: 1024px) 100vw, 1024px\" \/><\/figure><\/li><li class=\"blocks-gallery-item\"><figure><img loading=\"lazy\" width=\"1024\" height=\"683\" src=\"https:\/\/corocantabile.gal\/wp-content\/uploads\/2021\/09\/Cantabile-Palabras-de-Luz-Coro-Galicia-Coruna-Musica-Galega-Poesia-Manuel-Rivas-Juan-Duran-Fernando-Buide-Lucia-Cernadas-Traballo-Galego-Dores-Tembras-Antia-Otero-Pallares00-1024x683.jpg\" alt=\"\" data-id=\"448\" data-full-url=\"https:\/\/corocantabile.gal\/wp-content\/uploads\/2021\/09\/Cantabile-Palabras-de-Luz-Coro-Galicia-Coruna-Musica-Galega-Poesia-Manuel-Rivas-Juan-Duran-Fernando-Buide-Lucia-Cernadas-Traballo-Galego-Dores-Tembras-Antia-Otero-Pallares00.jpg\" data-link=\"https:\/\/corocantabile.gal\/presentacion-de-palabras-de-luz-galeria-de-imaxes\/cantabile-palabras-de-luz-coro-galicia-coruna-musica-galega-poesia-manuel-rivas-juan-duran-fernando-buide-lucia-cernadas-traballo-galego-dores-tembras-antia-otero-pallares00\/\" class=\"wp-image-448\" srcset=\"https:\/\/corocantabile.gal\/wp-content\/uploads\/2021\/09\/Cantabile-Palabras-de-Luz-Coro-Galicia-Coruna-Musica-Galega-Poesia-Manuel-Rivas-Juan-Duran-Fernando-Buide-Lucia-Cernadas-Traballo-Galego-Dores-Tembras-Antia-Otero-Pallares00-1024x683.jpg 1024w, https:\/\/corocantabile.gal\/wp-content\/uploads\/2021\/09\/Cantabile-Palabras-de-Luz-Coro-Galicia-Coruna-Musica-Galega-Poesia-Manuel-Rivas-Juan-Duran-Fernando-Buide-Lucia-Cernadas-Traballo-Galego-Dores-Tembras-Antia-Otero-Pallares00-300x200.jpg 300w, https:\/\/corocantabile.gal\/wp-content\/uploads\/2021\/09\/Cantabile-Palabras-de-Luz-Coro-Galicia-Coruna-Musica-Galega-Poesia-Manuel-Rivas-Juan-Duran-Fernando-Buide-Lucia-Cernadas-Traballo-Galego-Dores-Tembras-Antia-Otero-Pallares00-768x512.jpg 768w, https:\/\/corocantabile.gal\/wp-content\/uploads\/2021\/09\/Cantabile-Palabras-de-Luz-Coro-Galicia-Coruna-Musica-Galega-Poesia-Manuel-Rivas-Juan-Duran-Fernando-Buide-Lucia-Cernadas-Traballo-Galego-Dores-Tembras-Antia-Otero-Pallares00-960x640.jpg 960w, https:\/\/corocantabile.gal\/wp-content\/uploads\/2021\/09\/Cantabile-Palabras-de-Luz-Coro-Galicia-Coruna-Musica-Galega-Poesia-Manuel-Rivas-Juan-Duran-Fernando-Buide-Lucia-Cernadas-Traballo-Galego-Dores-Tembras-Antia-Otero-Pallares00-615x410.jpg 615w, https:\/\/corocantabile.gal\/wp-content\/uploads\/2021\/09\/Cantabile-Palabras-de-Luz-Coro-Galicia-Coruna-Musica-Galega-Poesia-Manuel-Rivas-Juan-Duran-Fernando-Buide-Lucia-Cernadas-Traballo-Galego-Dores-Tembras-Antia-Otero-Pallares00-1290x860.jpg 1290w, https:\/\/corocantabile.gal\/wp-content\/uploads\/2021\/09\/Cantabile-Palabras-de-Luz-Coro-Galicia-Coruna-Musica-Galega-Poesia-Manuel-Rivas-Juan-Duran-Fernando-Buide-Lucia-Cernadas-Traballo-Galego-Dores-Tembras-Antia-Otero-Pallares00-690x460.jpg 690w, https:\/\/corocantabile.gal\/wp-content\/uploads\/2021\/09\/Cantabile-Palabras-de-Luz-Coro-Galicia-Coruna-Musica-Galega-Poesia-Manuel-Rivas-Juan-Duran-Fernando-Buide-Lucia-Cernadas-Traballo-Galego-Dores-Tembras-Antia-Otero-Pallares00.jpg 1500w\" sizes=\"(max-width: 1024px) 100vw, 1024px\" \/><\/figure><\/li><li class=\"blocks-gallery-item\"><figure><img loading=\"lazy\" width=\"1024\" height=\"683\" src=\"https:\/\/corocantabile.gal\/wp-content\/uploads\/2021\/09\/Cantabile-Palabras-de-Luz-Coro-Galicia-Coruna-Musica-Galega-Poesia-Manuel-Rivas-Juan-Duran-Buide-Lucia-Cernadas-Colon-Galego-Dores-Tembras-Antia-Otero-Pallares035-1024x683.jpg\" alt=\"\" data-id=\"449\" data-full-url=\"https:\/\/corocantabile.gal\/wp-content\/uploads\/2021\/09\/Cantabile-Palabras-de-Luz-Coro-Galicia-Coruna-Musica-Galega-Poesia-Manuel-Rivas-Juan-Duran-Buide-Lucia-Cernadas-Colon-Galego-Dores-Tembras-Antia-Otero-Pallares035.jpg\" data-link=\"https:\/\/corocantabile.gal\/presentacion-de-palabras-de-luz-galeria-de-imaxes\/cantabile-palabras-de-luz-coro-galicia-coruna-musica-galega-poesia-manuel-rivas-juan-duran-buide-lucia-cernadas-colon-galego-dores-tembras-antia-otero-pallares035\/\" class=\"wp-image-449\" srcset=\"https:\/\/corocantabile.gal\/wp-content\/uploads\/2021\/09\/Cantabile-Palabras-de-Luz-Coro-Galicia-Coruna-Musica-Galega-Poesia-Manuel-Rivas-Juan-Duran-Buide-Lucia-Cernadas-Colon-Galego-Dores-Tembras-Antia-Otero-Pallares035-1024x683.jpg 1024w, https:\/\/corocantabile.gal\/wp-content\/uploads\/2021\/09\/Cantabile-Palabras-de-Luz-Coro-Galicia-Coruna-Musica-Galega-Poesia-Manuel-Rivas-Juan-Duran-Buide-Lucia-Cernadas-Colon-Galego-Dores-Tembras-Antia-Otero-Pallares035-300x200.jpg 300w, https:\/\/corocantabile.gal\/wp-content\/uploads\/2021\/09\/Cantabile-Palabras-de-Luz-Coro-Galicia-Coruna-Musica-Galega-Poesia-Manuel-Rivas-Juan-Duran-Buide-Lucia-Cernadas-Colon-Galego-Dores-Tembras-Antia-Otero-Pallares035-768x512.jpg 768w, https:\/\/corocantabile.gal\/wp-content\/uploads\/2021\/09\/Cantabile-Palabras-de-Luz-Coro-Galicia-Coruna-Musica-Galega-Poesia-Manuel-Rivas-Juan-Duran-Buide-Lucia-Cernadas-Colon-Galego-Dores-Tembras-Antia-Otero-Pallares035-960x640.jpg 960w, https:\/\/corocantabile.gal\/wp-content\/uploads\/2021\/09\/Cantabile-Palabras-de-Luz-Coro-Galicia-Coruna-Musica-Galega-Poesia-Manuel-Rivas-Juan-Duran-Buide-Lucia-Cernadas-Colon-Galego-Dores-Tembras-Antia-Otero-Pallares035-615x410.jpg 615w, https:\/\/corocantabile.gal\/wp-content\/uploads\/2021\/09\/Cantabile-Palabras-de-Luz-Coro-Galicia-Coruna-Musica-Galega-Poesia-Manuel-Rivas-Juan-Duran-Buide-Lucia-Cernadas-Colon-Galego-Dores-Tembras-Antia-Otero-Pallares035-1290x860.jpg 1290w, https:\/\/corocantabile.gal\/wp-content\/uploads\/2021\/09\/Cantabile-Palabras-de-Luz-Coro-Galicia-Coruna-Musica-Galega-Poesia-Manuel-Rivas-Juan-Duran-Buide-Lucia-Cernadas-Colon-Galego-Dores-Tembras-Antia-Otero-Pallares035-690x460.jpg 690w, https:\/\/corocantabile.gal\/wp-content\/uploads\/2021\/09\/Cantabile-Palabras-de-Luz-Coro-Galicia-Coruna-Musica-Galega-Poesia-Manuel-Rivas-Juan-Duran-Buide-Lucia-Cernadas-Colon-Galego-Dores-Tembras-Antia-Otero-Pallares035.jpg 1500w\" sizes=\"(max-width: 1024px) 100vw, 1024px\" \/><\/figure><\/li><li class=\"blocks-gallery-item\"><figure><img loading=\"lazy\" width=\"1024\" height=\"683\" src=\"https:\/\/corocantabile.gal\/wp-content\/uploads\/2021\/09\/Cantabile-Palabras-de-Luz-Coro-Galicia-Coruna-Musica-Galega-Poesia-Manuel-Rivas-Juan-Duran-Fernando-Buide-Lucia-Cernadas-Traballo-Galego-Dores-Tembras-Antia-Otero-Pallares002-1024x683.jpg\" alt=\"\" data-id=\"450\" data-full-url=\"https:\/\/corocantabile.gal\/wp-content\/uploads\/2021\/09\/Cantabile-Palabras-de-Luz-Coro-Galicia-Coruna-Musica-Galega-Poesia-Manuel-Rivas-Juan-Duran-Fernando-Buide-Lucia-Cernadas-Traballo-Galego-Dores-Tembras-Antia-Otero-Pallares002.jpg\" data-link=\"https:\/\/corocantabile.gal\/presentacion-de-palabras-de-luz-galeria-de-imaxes\/cantabile-palabras-de-luz-coro-galicia-coruna-musica-galega-poesia-manuel-rivas-juan-duran-fernando-buide-lucia-cernadas-traballo-galego-dores-tembras-antia-otero-pallares002\/\" class=\"wp-image-450\" srcset=\"https:\/\/corocantabile.gal\/wp-content\/uploads\/2021\/09\/Cantabile-Palabras-de-Luz-Coro-Galicia-Coruna-Musica-Galega-Poesia-Manuel-Rivas-Juan-Duran-Fernando-Buide-Lucia-Cernadas-Traballo-Galego-Dores-Tembras-Antia-Otero-Pallares002-1024x683.jpg 1024w, https:\/\/corocantabile.gal\/wp-content\/uploads\/2021\/09\/Cantabile-Palabras-de-Luz-Coro-Galicia-Coruna-Musica-Galega-Poesia-Manuel-Rivas-Juan-Duran-Fernando-Buide-Lucia-Cernadas-Traballo-Galego-Dores-Tembras-Antia-Otero-Pallares002-300x200.jpg 300w, https:\/\/corocantabile.gal\/wp-content\/uploads\/2021\/09\/Cantabile-Palabras-de-Luz-Coro-Galicia-Coruna-Musica-Galega-Poesia-Manuel-Rivas-Juan-Duran-Fernando-Buide-Lucia-Cernadas-Traballo-Galego-Dores-Tembras-Antia-Otero-Pallares002-768x512.jpg 768w, https:\/\/corocantabile.gal\/wp-content\/uploads\/2021\/09\/Cantabile-Palabras-de-Luz-Coro-Galicia-Coruna-Musica-Galega-Poesia-Manuel-Rivas-Juan-Duran-Fernando-Buide-Lucia-Cernadas-Traballo-Galego-Dores-Tembras-Antia-Otero-Pallares002-960x640.jpg 960w, https:\/\/corocantabile.gal\/wp-content\/uploads\/2021\/09\/Cantabile-Palabras-de-Luz-Coro-Galicia-Coruna-Musica-Galega-Poesia-Manuel-Rivas-Juan-Duran-Fernando-Buide-Lucia-Cernadas-Traballo-Galego-Dores-Tembras-Antia-Otero-Pallares002-615x410.jpg 615w, https:\/\/corocantabile.gal\/wp-content\/uploads\/2021\/09\/Cantabile-Palabras-de-Luz-Coro-Galicia-Coruna-Musica-Galega-Poesia-Manuel-Rivas-Juan-Duran-Fernando-Buide-Lucia-Cernadas-Traballo-Galego-Dores-Tembras-Antia-Otero-Pallares002-1290x860.jpg 1290w, https:\/\/corocantabile.gal\/wp-content\/uploads\/2021\/09\/Cantabile-Palabras-de-Luz-Coro-Galicia-Coruna-Musica-Galega-Poesia-Manuel-Rivas-Juan-Duran-Fernando-Buide-Lucia-Cernadas-Traballo-Galego-Dores-Tembras-Antia-Otero-Pallares002-690x460.jpg 690w, https:\/\/corocantabile.gal\/wp-content\/uploads\/2021\/09\/Cantabile-Palabras-de-Luz-Coro-Galicia-Coruna-Musica-Galega-Poesia-Manuel-Rivas-Juan-Duran-Fernando-Buide-Lucia-Cernadas-Traballo-Galego-Dores-Tembras-Antia-Otero-Pallares002.jpg 1500w\" sizes=\"(max-width: 1024px) 100vw, 1024px\" \/><\/figure><\/li><li class=\"blocks-gallery-item\"><figure><img loading=\"lazy\" width=\"1024\" height=\"683\" src=\"https:\/\/corocantabile.gal\/wp-content\/uploads\/2021\/09\/Cantabile-Palabras-de-Luz-Coro-Galicia-Coruna-Musica-Galega-Poesia-Jesus-Rodil-Carlos-Negro-Estibaliz-Espinosa-Eva-Veiga-Maria-Lado-Mosquera076-1024x683.jpg\" alt=\"\" data-id=\"451\" data-full-url=\"https:\/\/corocantabile.gal\/wp-content\/uploads\/2021\/09\/Cantabile-Palabras-de-Luz-Coro-Galicia-Coruna-Musica-Galega-Poesia-Jesus-Rodil-Carlos-Negro-Estibaliz-Espinosa-Eva-Veiga-Maria-Lado-Mosquera076.jpg\" data-link=\"https:\/\/corocantabile.gal\/presentacion-de-palabras-de-luz-galeria-de-imaxes\/cantabile-palabras-de-luz-coro-galicia-coruna-musica-galega-poesia-jesus-rodil-carlos-negro-estibaliz-espinosa-eva-veiga-maria-lado-mosquera076\/\" class=\"wp-image-451\" srcset=\"https:\/\/corocantabile.gal\/wp-content\/uploads\/2021\/09\/Cantabile-Palabras-de-Luz-Coro-Galicia-Coruna-Musica-Galega-Poesia-Jesus-Rodil-Carlos-Negro-Estibaliz-Espinosa-Eva-Veiga-Maria-Lado-Mosquera076-1024x683.jpg 1024w, https:\/\/corocantabile.gal\/wp-content\/uploads\/2021\/09\/Cantabile-Palabras-de-Luz-Coro-Galicia-Coruna-Musica-Galega-Poesia-Jesus-Rodil-Carlos-Negro-Estibaliz-Espinosa-Eva-Veiga-Maria-Lado-Mosquera076-300x200.jpg 300w, https:\/\/corocantabile.gal\/wp-content\/uploads\/2021\/09\/Cantabile-Palabras-de-Luz-Coro-Galicia-Coruna-Musica-Galega-Poesia-Jesus-Rodil-Carlos-Negro-Estibaliz-Espinosa-Eva-Veiga-Maria-Lado-Mosquera076-768x512.jpg 768w, https:\/\/corocantabile.gal\/wp-content\/uploads\/2021\/09\/Cantabile-Palabras-de-Luz-Coro-Galicia-Coruna-Musica-Galega-Poesia-Jesus-Rodil-Carlos-Negro-Estibaliz-Espinosa-Eva-Veiga-Maria-Lado-Mosquera076-960x640.jpg 960w, https:\/\/corocantabile.gal\/wp-content\/uploads\/2021\/09\/Cantabile-Palabras-de-Luz-Coro-Galicia-Coruna-Musica-Galega-Poesia-Jesus-Rodil-Carlos-Negro-Estibaliz-Espinosa-Eva-Veiga-Maria-Lado-Mosquera076-615x410.jpg 615w, https:\/\/corocantabile.gal\/wp-content\/uploads\/2021\/09\/Cantabile-Palabras-de-Luz-Coro-Galicia-Coruna-Musica-Galega-Poesia-Jesus-Rodil-Carlos-Negro-Estibaliz-Espinosa-Eva-Veiga-Maria-Lado-Mosquera076-1290x860.jpg 1290w, https:\/\/corocantabile.gal\/wp-content\/uploads\/2021\/09\/Cantabile-Palabras-de-Luz-Coro-Galicia-Coruna-Musica-Galega-Poesia-Jesus-Rodil-Carlos-Negro-Estibaliz-Espinosa-Eva-Veiga-Maria-Lado-Mosquera076-690x460.jpg 690w, https:\/\/corocantabile.gal\/wp-content\/uploads\/2021\/09\/Cantabile-Palabras-de-Luz-Coro-Galicia-Coruna-Musica-Galega-Poesia-Jesus-Rodil-Carlos-Negro-Estibaliz-Espinosa-Eva-Veiga-Maria-Lado-Mosquera076.jpg 1500w\" sizes=\"(max-width: 1024px) 100vw, 1024px\" \/><\/figure><\/li><li class=\"blocks-gallery-item\"><figure><img loading=\"lazy\" width=\"1024\" height=\"683\" src=\"https:\/\/corocantabile.gal\/wp-content\/uploads\/2021\/09\/Cantabile-Palabras-de-Luz-Coro-Galicia-Coruna-Musica-Galega-Poesia-Jesus-Rodil-Carlos-Negro-Estibaliz-Espinosa-Eva-Veiga-Maria-Lado-Mosquera065-1024x683.jpg\" alt=\"\" data-id=\"452\" data-full-url=\"https:\/\/corocantabile.gal\/wp-content\/uploads\/2021\/09\/Cantabile-Palabras-de-Luz-Coro-Galicia-Coruna-Musica-Galega-Poesia-Jesus-Rodil-Carlos-Negro-Estibaliz-Espinosa-Eva-Veiga-Maria-Lado-Mosquera065.jpg\" data-link=\"https:\/\/corocantabile.gal\/presentacion-de-palabras-de-luz-galeria-de-imaxes\/cantabile-palabras-de-luz-coro-galicia-coruna-musica-galega-poesia-jesus-rodil-carlos-negro-estibaliz-espinosa-eva-veiga-maria-lado-mosquera065\/\" class=\"wp-image-452\" srcset=\"https:\/\/corocantabile.gal\/wp-content\/uploads\/2021\/09\/Cantabile-Palabras-de-Luz-Coro-Galicia-Coruna-Musica-Galega-Poesia-Jesus-Rodil-Carlos-Negro-Estibaliz-Espinosa-Eva-Veiga-Maria-Lado-Mosquera065-1024x683.jpg 1024w, https:\/\/corocantabile.gal\/wp-content\/uploads\/2021\/09\/Cantabile-Palabras-de-Luz-Coro-Galicia-Coruna-Musica-Galega-Poesia-Jesus-Rodil-Carlos-Negro-Estibaliz-Espinosa-Eva-Veiga-Maria-Lado-Mosquera065-300x200.jpg 300w, https:\/\/corocantabile.gal\/wp-content\/uploads\/2021\/09\/Cantabile-Palabras-de-Luz-Coro-Galicia-Coruna-Musica-Galega-Poesia-Jesus-Rodil-Carlos-Negro-Estibaliz-Espinosa-Eva-Veiga-Maria-Lado-Mosquera065-768x512.jpg 768w, https:\/\/corocantabile.gal\/wp-content\/uploads\/2021\/09\/Cantabile-Palabras-de-Luz-Coro-Galicia-Coruna-Musica-Galega-Poesia-Jesus-Rodil-Carlos-Negro-Estibaliz-Espinosa-Eva-Veiga-Maria-Lado-Mosquera065-960x640.jpg 960w, https:\/\/corocantabile.gal\/wp-content\/uploads\/2021\/09\/Cantabile-Palabras-de-Luz-Coro-Galicia-Coruna-Musica-Galega-Poesia-Jesus-Rodil-Carlos-Negro-Estibaliz-Espinosa-Eva-Veiga-Maria-Lado-Mosquera065-615x410.jpg 615w, https:\/\/corocantabile.gal\/wp-content\/uploads\/2021\/09\/Cantabile-Palabras-de-Luz-Coro-Galicia-Coruna-Musica-Galega-Poesia-Jesus-Rodil-Carlos-Negro-Estibaliz-Espinosa-Eva-Veiga-Maria-Lado-Mosquera065-1290x860.jpg 1290w, https:\/\/corocantabile.gal\/wp-content\/uploads\/2021\/09\/Cantabile-Palabras-de-Luz-Coro-Galicia-Coruna-Musica-Galega-Poesia-Jesus-Rodil-Carlos-Negro-Estibaliz-Espinosa-Eva-Veiga-Maria-Lado-Mosquera065-690x460.jpg 690w, https:\/\/corocantabile.gal\/wp-content\/uploads\/2021\/09\/Cantabile-Palabras-de-Luz-Coro-Galicia-Coruna-Musica-Galega-Poesia-Jesus-Rodil-Carlos-Negro-Estibaliz-Espinosa-Eva-Veiga-Maria-Lado-Mosquera065.jpg 1500w\" sizes=\"(max-width: 1024px) 100vw, 1024px\" \/><\/figure><\/li><li class=\"blocks-gallery-item\"><figure><img loading=\"lazy\" width=\"1024\" height=\"683\" src=\"https:\/\/corocantabile.gal\/wp-content\/uploads\/2021\/09\/Cantabile-Palabras-de-Luz-Coro-Galicia-Coruna-Musica-Galega-Poesia-Federico-Mosquera-Baldo-Ramos-Anxo-Angueira-Fernandez-Sanmartin050-1024x683.jpg\" alt=\"\" data-id=\"453\" data-full-url=\"https:\/\/corocantabile.gal\/wp-content\/uploads\/2021\/09\/Cantabile-Palabras-de-Luz-Coro-Galicia-Coruna-Musica-Galega-Poesia-Federico-Mosquera-Baldo-Ramos-Anxo-Angueira-Fernandez-Sanmartin050.jpg\" data-link=\"https:\/\/corocantabile.gal\/presentacion-de-palabras-de-luz-galeria-de-imaxes\/cantabile-palabras-de-luz-coro-galicia-coruna-musica-galega-poesia-federico-mosquera-baldo-ramos-anxo-angueira-fernandez-sanmartin050\/\" class=\"wp-image-453\" srcset=\"https:\/\/corocantabile.gal\/wp-content\/uploads\/2021\/09\/Cantabile-Palabras-de-Luz-Coro-Galicia-Coruna-Musica-Galega-Poesia-Federico-Mosquera-Baldo-Ramos-Anxo-Angueira-Fernandez-Sanmartin050-1024x683.jpg 1024w, https:\/\/corocantabile.gal\/wp-content\/uploads\/2021\/09\/Cantabile-Palabras-de-Luz-Coro-Galicia-Coruna-Musica-Galega-Poesia-Federico-Mosquera-Baldo-Ramos-Anxo-Angueira-Fernandez-Sanmartin050-300x200.jpg 300w, https:\/\/corocantabile.gal\/wp-content\/uploads\/2021\/09\/Cantabile-Palabras-de-Luz-Coro-Galicia-Coruna-Musica-Galega-Poesia-Federico-Mosquera-Baldo-Ramos-Anxo-Angueira-Fernandez-Sanmartin050-768x512.jpg 768w, https:\/\/corocantabile.gal\/wp-content\/uploads\/2021\/09\/Cantabile-Palabras-de-Luz-Coro-Galicia-Coruna-Musica-Galega-Poesia-Federico-Mosquera-Baldo-Ramos-Anxo-Angueira-Fernandez-Sanmartin050-960x640.jpg 960w, https:\/\/corocantabile.gal\/wp-content\/uploads\/2021\/09\/Cantabile-Palabras-de-Luz-Coro-Galicia-Coruna-Musica-Galega-Poesia-Federico-Mosquera-Baldo-Ramos-Anxo-Angueira-Fernandez-Sanmartin050-615x410.jpg 615w, https:\/\/corocantabile.gal\/wp-content\/uploads\/2021\/09\/Cantabile-Palabras-de-Luz-Coro-Galicia-Coruna-Musica-Galega-Poesia-Federico-Mosquera-Baldo-Ramos-Anxo-Angueira-Fernandez-Sanmartin050-1290x860.jpg 1290w, https:\/\/corocantabile.gal\/wp-content\/uploads\/2021\/09\/Cantabile-Palabras-de-Luz-Coro-Galicia-Coruna-Musica-Galega-Poesia-Federico-Mosquera-Baldo-Ramos-Anxo-Angueira-Fernandez-Sanmartin050-690x460.jpg 690w, https:\/\/corocantabile.gal\/wp-content\/uploads\/2021\/09\/Cantabile-Palabras-de-Luz-Coro-Galicia-Coruna-Musica-Galega-Poesia-Federico-Mosquera-Baldo-Ramos-Anxo-Angueira-Fernandez-Sanmartin050.jpg 1500w\" sizes=\"(max-width: 1024px) 100vw, 1024px\" \/><\/figure><\/li><li class=\"blocks-gallery-item\"><figure><img loading=\"lazy\" width=\"1024\" height=\"683\" src=\"https:\/\/corocantabile.gal\/wp-content\/uploads\/2021\/09\/Cantabile-Palabras-de-Luz-Coro-Galicia-Coruna-Musica-Galega-Poesia-Manuel-Rivas-Juan-Duran-Buide-Lucia-Cernadas-Traballo-Galego-Dores-Tembras-Antia-Otero-Pallares008-1024x683.jpg\" alt=\"\" data-id=\"454\" data-full-url=\"https:\/\/corocantabile.gal\/wp-content\/uploads\/2021\/09\/Cantabile-Palabras-de-Luz-Coro-Galicia-Coruna-Musica-Galega-Poesia-Manuel-Rivas-Juan-Duran-Buide-Lucia-Cernadas-Traballo-Galego-Dores-Tembras-Antia-Otero-Pallares008.jpg\" data-link=\"https:\/\/corocantabile.gal\/presentacion-de-palabras-de-luz-galeria-de-imaxes\/cantabile-palabras-de-luz-coro-galicia-coruna-musica-galega-poesia-manuel-rivas-juan-duran-buide-lucia-cernadas-traballo-galego-dores-tembras-antia-otero-pallares008\/\" class=\"wp-image-454\" srcset=\"https:\/\/corocantabile.gal\/wp-content\/uploads\/2021\/09\/Cantabile-Palabras-de-Luz-Coro-Galicia-Coruna-Musica-Galega-Poesia-Manuel-Rivas-Juan-Duran-Buide-Lucia-Cernadas-Traballo-Galego-Dores-Tembras-Antia-Otero-Pallares008-1024x683.jpg 1024w, https:\/\/corocantabile.gal\/wp-content\/uploads\/2021\/09\/Cantabile-Palabras-de-Luz-Coro-Galicia-Coruna-Musica-Galega-Poesia-Manuel-Rivas-Juan-Duran-Buide-Lucia-Cernadas-Traballo-Galego-Dores-Tembras-Antia-Otero-Pallares008-300x200.jpg 300w, https:\/\/corocantabile.gal\/wp-content\/uploads\/2021\/09\/Cantabile-Palabras-de-Luz-Coro-Galicia-Coruna-Musica-Galega-Poesia-Manuel-Rivas-Juan-Duran-Buide-Lucia-Cernadas-Traballo-Galego-Dores-Tembras-Antia-Otero-Pallares008-768x512.jpg 768w, https:\/\/corocantabile.gal\/wp-content\/uploads\/2021\/09\/Cantabile-Palabras-de-Luz-Coro-Galicia-Coruna-Musica-Galega-Poesia-Manuel-Rivas-Juan-Duran-Buide-Lucia-Cernadas-Traballo-Galego-Dores-Tembras-Antia-Otero-Pallares008-960x640.jpg 960w, https:\/\/corocantabile.gal\/wp-content\/uploads\/2021\/09\/Cantabile-Palabras-de-Luz-Coro-Galicia-Coruna-Musica-Galega-Poesia-Manuel-Rivas-Juan-Duran-Buide-Lucia-Cernadas-Traballo-Galego-Dores-Tembras-Antia-Otero-Pallares008-615x410.jpg 615w, https:\/\/corocantabile.gal\/wp-content\/uploads\/2021\/09\/Cantabile-Palabras-de-Luz-Coro-Galicia-Coruna-Musica-Galega-Poesia-Manuel-Rivas-Juan-Duran-Buide-Lucia-Cernadas-Traballo-Galego-Dores-Tembras-Antia-Otero-Pallares008-1290x860.jpg 1290w, https:\/\/corocantabile.gal\/wp-content\/uploads\/2021\/09\/Cantabile-Palabras-de-Luz-Coro-Galicia-Coruna-Musica-Galega-Poesia-Manuel-Rivas-Juan-Duran-Buide-Lucia-Cernadas-Traballo-Galego-Dores-Tembras-Antia-Otero-Pallares008-690x460.jpg 690w, https:\/\/corocantabile.gal\/wp-content\/uploads\/2021\/09\/Cantabile-Palabras-de-Luz-Coro-Galicia-Coruna-Musica-Galega-Poesia-Manuel-Rivas-Juan-Duran-Buide-Lucia-Cernadas-Traballo-Galego-Dores-Tembras-Antia-Otero-Pallares008.jpg 1500w\" sizes=\"(max-width: 1024px) 100vw, 1024px\" \/><\/figure><\/li><li class=\"blocks-gallery-item\"><figure><img loading=\"lazy\" width=\"1024\" height=\"683\" src=\"https:\/\/corocantabile.gal\/wp-content\/uploads\/2021\/09\/Cantabile-Palabras-de-Luz-Coro-Galicia-Coruna-Musica-Galega-Poesia-Jesus-Rodil-Carlos-Negro-Estibaliz-Espinosa-Eva-Veiga-Maria-Lado-Mosquera061-1024x683.jpg\" alt=\"\" data-id=\"455\" data-full-url=\"https:\/\/corocantabile.gal\/wp-content\/uploads\/2021\/09\/Cantabile-Palabras-de-Luz-Coro-Galicia-Coruna-Musica-Galega-Poesia-Jesus-Rodil-Carlos-Negro-Estibaliz-Espinosa-Eva-Veiga-Maria-Lado-Mosquera061.jpg\" data-link=\"https:\/\/corocantabile.gal\/presentacion-de-palabras-de-luz-galeria-de-imaxes\/cantabile-palabras-de-luz-coro-galicia-coruna-musica-galega-poesia-jesus-rodil-carlos-negro-estibaliz-espinosa-eva-veiga-maria-lado-mosquera061\/\" class=\"wp-image-455\" srcset=\"https:\/\/corocantabile.gal\/wp-content\/uploads\/2021\/09\/Cantabile-Palabras-de-Luz-Coro-Galicia-Coruna-Musica-Galega-Poesia-Jesus-Rodil-Carlos-Negro-Estibaliz-Espinosa-Eva-Veiga-Maria-Lado-Mosquera061-1024x683.jpg 1024w, https:\/\/corocantabile.gal\/wp-content\/uploads\/2021\/09\/Cantabile-Palabras-de-Luz-Coro-Galicia-Coruna-Musica-Galega-Poesia-Jesus-Rodil-Carlos-Negro-Estibaliz-Espinosa-Eva-Veiga-Maria-Lado-Mosquera061-300x200.jpg 300w, https:\/\/corocantabile.gal\/wp-content\/uploads\/2021\/09\/Cantabile-Palabras-de-Luz-Coro-Galicia-Coruna-Musica-Galega-Poesia-Jesus-Rodil-Carlos-Negro-Estibaliz-Espinosa-Eva-Veiga-Maria-Lado-Mosquera061-768x512.jpg 768w, https:\/\/corocantabile.gal\/wp-content\/uploads\/2021\/09\/Cantabile-Palabras-de-Luz-Coro-Galicia-Coruna-Musica-Galega-Poesia-Jesus-Rodil-Carlos-Negro-Estibaliz-Espinosa-Eva-Veiga-Maria-Lado-Mosquera061-960x640.jpg 960w, https:\/\/corocantabile.gal\/wp-content\/uploads\/2021\/09\/Cantabile-Palabras-de-Luz-Coro-Galicia-Coruna-Musica-Galega-Poesia-Jesus-Rodil-Carlos-Negro-Estibaliz-Espinosa-Eva-Veiga-Maria-Lado-Mosquera061-615x410.jpg 615w, https:\/\/corocantabile.gal\/wp-content\/uploads\/2021\/09\/Cantabile-Palabras-de-Luz-Coro-Galicia-Coruna-Musica-Galega-Poesia-Jesus-Rodil-Carlos-Negro-Estibaliz-Espinosa-Eva-Veiga-Maria-Lado-Mosquera061-1290x860.jpg 1290w, https:\/\/corocantabile.gal\/wp-content\/uploads\/2021\/09\/Cantabile-Palabras-de-Luz-Coro-Galicia-Coruna-Musica-Galega-Poesia-Jesus-Rodil-Carlos-Negro-Estibaliz-Espinosa-Eva-Veiga-Maria-Lado-Mosquera061-690x460.jpg 690w, https:\/\/corocantabile.gal\/wp-content\/uploads\/2021\/09\/Cantabile-Palabras-de-Luz-Coro-Galicia-Coruna-Musica-Galega-Poesia-Jesus-Rodil-Carlos-Negro-Estibaliz-Espinosa-Eva-Veiga-Maria-Lado-Mosquera061.jpg 1500w\" sizes=\"(max-width: 1024px) 100vw, 1024px\" \/><\/figure><\/li><li class=\"blocks-gallery-item\"><figure><img loading=\"lazy\" width=\"1024\" height=\"683\" src=\"https:\/\/corocantabile.gal\/wp-content\/uploads\/2021\/09\/Cantabile-Palabras-de-Luz-Coro-Galicia-Coruna-Musica-Galega-Poesia-Jesus-Rodil-Carlos-Negro-Estibaliz-Espinosa-Eva-Veiga-Maria-Lado-Mosquera070-1024x683.jpg\" alt=\"\" data-id=\"456\" data-full-url=\"https:\/\/corocantabile.gal\/wp-content\/uploads\/2021\/09\/Cantabile-Palabras-de-Luz-Coro-Galicia-Coruna-Musica-Galega-Poesia-Jesus-Rodil-Carlos-Negro-Estibaliz-Espinosa-Eva-Veiga-Maria-Lado-Mosquera070.jpg\" data-link=\"https:\/\/corocantabile.gal\/presentacion-de-palabras-de-luz-galeria-de-imaxes\/cantabile-palabras-de-luz-coro-galicia-coruna-musica-galega-poesia-jesus-rodil-carlos-negro-estibaliz-espinosa-eva-veiga-maria-lado-mosquera070\/\" class=\"wp-image-456\" srcset=\"https:\/\/corocantabile.gal\/wp-content\/uploads\/2021\/09\/Cantabile-Palabras-de-Luz-Coro-Galicia-Coruna-Musica-Galega-Poesia-Jesus-Rodil-Carlos-Negro-Estibaliz-Espinosa-Eva-Veiga-Maria-Lado-Mosquera070-1024x683.jpg 1024w, https:\/\/corocantabile.gal\/wp-content\/uploads\/2021\/09\/Cantabile-Palabras-de-Luz-Coro-Galicia-Coruna-Musica-Galega-Poesia-Jesus-Rodil-Carlos-Negro-Estibaliz-Espinosa-Eva-Veiga-Maria-Lado-Mosquera070-300x200.jpg 300w, https:\/\/corocantabile.gal\/wp-content\/uploads\/2021\/09\/Cantabile-Palabras-de-Luz-Coro-Galicia-Coruna-Musica-Galega-Poesia-Jesus-Rodil-Carlos-Negro-Estibaliz-Espinosa-Eva-Veiga-Maria-Lado-Mosquera070-768x512.jpg 768w, https:\/\/corocantabile.gal\/wp-content\/uploads\/2021\/09\/Cantabile-Palabras-de-Luz-Coro-Galicia-Coruna-Musica-Galega-Poesia-Jesus-Rodil-Carlos-Negro-Estibaliz-Espinosa-Eva-Veiga-Maria-Lado-Mosquera070-960x640.jpg 960w, https:\/\/corocantabile.gal\/wp-content\/uploads\/2021\/09\/Cantabile-Palabras-de-Luz-Coro-Galicia-Coruna-Musica-Galega-Poesia-Jesus-Rodil-Carlos-Negro-Estibaliz-Espinosa-Eva-Veiga-Maria-Lado-Mosquera070-615x410.jpg 615w, https:\/\/corocantabile.gal\/wp-content\/uploads\/2021\/09\/Cantabile-Palabras-de-Luz-Coro-Galicia-Coruna-Musica-Galega-Poesia-Jesus-Rodil-Carlos-Negro-Estibaliz-Espinosa-Eva-Veiga-Maria-Lado-Mosquera070-1290x860.jpg 1290w, https:\/\/corocantabile.gal\/wp-content\/uploads\/2021\/09\/Cantabile-Palabras-de-Luz-Coro-Galicia-Coruna-Musica-Galega-Poesia-Jesus-Rodil-Carlos-Negro-Estibaliz-Espinosa-Eva-Veiga-Maria-Lado-Mosquera070-690x460.jpg 690w, https:\/\/corocantabile.gal\/wp-content\/uploads\/2021\/09\/Cantabile-Palabras-de-Luz-Coro-Galicia-Coruna-Musica-Galega-Poesia-Jesus-Rodil-Carlos-Negro-Estibaliz-Espinosa-Eva-Veiga-Maria-Lado-Mosquera070.jpg 1500w\" sizes=\"(max-width: 1024px) 100vw, 1024px\" \/><\/figure><\/li><li class=\"blocks-gallery-item\"><figure><img loading=\"lazy\" width=\"1024\" height=\"683\" src=\"https:\/\/corocantabile.gal\/wp-content\/uploads\/2021\/09\/Cantabile-Palabras-de-Luz-Coro-Galicia-Coruna-Musica-Galega-Poesia-Manuel-Rivas-Juan-Duran-Buide-Lucia-Cernadas-Colon-Galego-Dores-Tembras-Antia-Otero-Pallares023-1024x683.jpg\" alt=\"\" data-id=\"457\" data-full-url=\"https:\/\/corocantabile.gal\/wp-content\/uploads\/2021\/09\/Cantabile-Palabras-de-Luz-Coro-Galicia-Coruna-Musica-Galega-Poesia-Manuel-Rivas-Juan-Duran-Buide-Lucia-Cernadas-Colon-Galego-Dores-Tembras-Antia-Otero-Pallares023.jpg\" data-link=\"https:\/\/corocantabile.gal\/presentacion-de-palabras-de-luz-galeria-de-imaxes\/cantabile-palabras-de-luz-coro-galicia-coruna-musica-galega-poesia-manuel-rivas-juan-duran-buide-lucia-cernadas-colon-galego-dores-tembras-antia-otero-pallares023\/\" class=\"wp-image-457\" srcset=\"https:\/\/corocantabile.gal\/wp-content\/uploads\/2021\/09\/Cantabile-Palabras-de-Luz-Coro-Galicia-Coruna-Musica-Galega-Poesia-Manuel-Rivas-Juan-Duran-Buide-Lucia-Cernadas-Colon-Galego-Dores-Tembras-Antia-Otero-Pallares023-1024x683.jpg 1024w, https:\/\/corocantabile.gal\/wp-content\/uploads\/2021\/09\/Cantabile-Palabras-de-Luz-Coro-Galicia-Coruna-Musica-Galega-Poesia-Manuel-Rivas-Juan-Duran-Buide-Lucia-Cernadas-Colon-Galego-Dores-Tembras-Antia-Otero-Pallares023-300x200.jpg 300w, https:\/\/corocantabile.gal\/wp-content\/uploads\/2021\/09\/Cantabile-Palabras-de-Luz-Coro-Galicia-Coruna-Musica-Galega-Poesia-Manuel-Rivas-Juan-Duran-Buide-Lucia-Cernadas-Colon-Galego-Dores-Tembras-Antia-Otero-Pallares023-768x512.jpg 768w, https:\/\/corocantabile.gal\/wp-content\/uploads\/2021\/09\/Cantabile-Palabras-de-Luz-Coro-Galicia-Coruna-Musica-Galega-Poesia-Manuel-Rivas-Juan-Duran-Buide-Lucia-Cernadas-Colon-Galego-Dores-Tembras-Antia-Otero-Pallares023-960x640.jpg 960w, https:\/\/corocantabile.gal\/wp-content\/uploads\/2021\/09\/Cantabile-Palabras-de-Luz-Coro-Galicia-Coruna-Musica-Galega-Poesia-Manuel-Rivas-Juan-Duran-Buide-Lucia-Cernadas-Colon-Galego-Dores-Tembras-Antia-Otero-Pallares023-615x410.jpg 615w, https:\/\/corocantabile.gal\/wp-content\/uploads\/2021\/09\/Cantabile-Palabras-de-Luz-Coro-Galicia-Coruna-Musica-Galega-Poesia-Manuel-Rivas-Juan-Duran-Buide-Lucia-Cernadas-Colon-Galego-Dores-Tembras-Antia-Otero-Pallares023-1290x860.jpg 1290w, https:\/\/corocantabile.gal\/wp-content\/uploads\/2021\/09\/Cantabile-Palabras-de-Luz-Coro-Galicia-Coruna-Musica-Galega-Poesia-Manuel-Rivas-Juan-Duran-Buide-Lucia-Cernadas-Colon-Galego-Dores-Tembras-Antia-Otero-Pallares023-690x460.jpg 690w, https:\/\/corocantabile.gal\/wp-content\/uploads\/2021\/09\/Cantabile-Palabras-de-Luz-Coro-Galicia-Coruna-Musica-Galega-Poesia-Manuel-Rivas-Juan-Duran-Buide-Lucia-Cernadas-Colon-Galego-Dores-Tembras-Antia-Otero-Pallares023.jpg 1500w\" sizes=\"(max-width: 1024px) 100vw, 1024px\" \/><\/figure><\/li><li class=\"blocks-gallery-item\"><figure><img loading=\"lazy\" width=\"1024\" height=\"683\" src=\"https:\/\/corocantabile.gal\/wp-content\/uploads\/2021\/09\/Cantabile-Palabras-de-Luz-Coro-Galicia-Coruna-Musica-Galega-Poesia-Manuel-Rivas-Juan-Duran-Buide-Lucia-Cernadas-Traballo-Galego-Dores-Tembras-Antia-Otero-Pallares010-1024x683.jpg\" alt=\"\" data-id=\"458\" data-full-url=\"https:\/\/corocantabile.gal\/wp-content\/uploads\/2021\/09\/Cantabile-Palabras-de-Luz-Coro-Galicia-Coruna-Musica-Galega-Poesia-Manuel-Rivas-Juan-Duran-Buide-Lucia-Cernadas-Traballo-Galego-Dores-Tembras-Antia-Otero-Pallares010.jpg\" data-link=\"https:\/\/corocantabile.gal\/presentacion-de-palabras-de-luz-galeria-de-imaxes\/cantabile-palabras-de-luz-coro-galicia-coruna-musica-galega-poesia-manuel-rivas-juan-duran-buide-lucia-cernadas-traballo-galego-dores-tembras-antia-otero-pallares010\/\" class=\"wp-image-458\" srcset=\"https:\/\/corocantabile.gal\/wp-content\/uploads\/2021\/09\/Cantabile-Palabras-de-Luz-Coro-Galicia-Coruna-Musica-Galega-Poesia-Manuel-Rivas-Juan-Duran-Buide-Lucia-Cernadas-Traballo-Galego-Dores-Tembras-Antia-Otero-Pallares010-1024x683.jpg 1024w, https:\/\/corocantabile.gal\/wp-content\/uploads\/2021\/09\/Cantabile-Palabras-de-Luz-Coro-Galicia-Coruna-Musica-Galega-Poesia-Manuel-Rivas-Juan-Duran-Buide-Lucia-Cernadas-Traballo-Galego-Dores-Tembras-Antia-Otero-Pallares010-300x200.jpg 300w, https:\/\/corocantabile.gal\/wp-content\/uploads\/2021\/09\/Cantabile-Palabras-de-Luz-Coro-Galicia-Coruna-Musica-Galega-Poesia-Manuel-Rivas-Juan-Duran-Buide-Lucia-Cernadas-Traballo-Galego-Dores-Tembras-Antia-Otero-Pallares010-768x512.jpg 768w, https:\/\/corocantabile.gal\/wp-content\/uploads\/2021\/09\/Cantabile-Palabras-de-Luz-Coro-Galicia-Coruna-Musica-Galega-Poesia-Manuel-Rivas-Juan-Duran-Buide-Lucia-Cernadas-Traballo-Galego-Dores-Tembras-Antia-Otero-Pallares010-960x640.jpg 960w, https:\/\/corocantabile.gal\/wp-content\/uploads\/2021\/09\/Cantabile-Palabras-de-Luz-Coro-Galicia-Coruna-Musica-Galega-Poesia-Manuel-Rivas-Juan-Duran-Buide-Lucia-Cernadas-Traballo-Galego-Dores-Tembras-Antia-Otero-Pallares010-615x410.jpg 615w, https:\/\/corocantabile.gal\/wp-content\/uploads\/2021\/09\/Cantabile-Palabras-de-Luz-Coro-Galicia-Coruna-Musica-Galega-Poesia-Manuel-Rivas-Juan-Duran-Buide-Lucia-Cernadas-Traballo-Galego-Dores-Tembras-Antia-Otero-Pallares010-1290x860.jpg 1290w, https:\/\/corocantabile.gal\/wp-content\/uploads\/2021\/09\/Cantabile-Palabras-de-Luz-Coro-Galicia-Coruna-Musica-Galega-Poesia-Manuel-Rivas-Juan-Duran-Buide-Lucia-Cernadas-Traballo-Galego-Dores-Tembras-Antia-Otero-Pallares010-690x460.jpg 690w, https:\/\/corocantabile.gal\/wp-content\/uploads\/2021\/09\/Cantabile-Palabras-de-Luz-Coro-Galicia-Coruna-Musica-Galega-Poesia-Manuel-Rivas-Juan-Duran-Buide-Lucia-Cernadas-Traballo-Galego-Dores-Tembras-Antia-Otero-Pallares010.jpg 1500w\" sizes=\"(max-width: 1024px) 100vw, 1024px\" \/><\/figure><\/li><li class=\"blocks-gallery-item\"><figure><img loading=\"lazy\" width=\"1024\" height=\"683\" src=\"https:\/\/corocantabile.gal\/wp-content\/uploads\/2021\/09\/Cantabile-Palabras-de-Luz-Coro-Galicia-Coruna-Musica-Galega-Poesia-Manuel-Rivas-Juan-Duran-Buide-Lucia-Cernadas-Colon-Galego-Dores-Tembras-Antia-Otero-Pallares022-1024x683.jpg\" alt=\"\" data-id=\"459\" data-full-url=\"https:\/\/corocantabile.gal\/wp-content\/uploads\/2021\/09\/Cantabile-Palabras-de-Luz-Coro-Galicia-Coruna-Musica-Galega-Poesia-Manuel-Rivas-Juan-Duran-Buide-Lucia-Cernadas-Colon-Galego-Dores-Tembras-Antia-Otero-Pallares022.jpg\" data-link=\"https:\/\/corocantabile.gal\/presentacion-de-palabras-de-luz-galeria-de-imaxes\/cantabile-palabras-de-luz-coro-galicia-coruna-musica-galega-poesia-manuel-rivas-juan-duran-buide-lucia-cernadas-colon-galego-dores-tembras-antia-otero-pallares022\/\" class=\"wp-image-459\" srcset=\"https:\/\/corocantabile.gal\/wp-content\/uploads\/2021\/09\/Cantabile-Palabras-de-Luz-Coro-Galicia-Coruna-Musica-Galega-Poesia-Manuel-Rivas-Juan-Duran-Buide-Lucia-Cernadas-Colon-Galego-Dores-Tembras-Antia-Otero-Pallares022-1024x683.jpg 1024w, https:\/\/corocantabile.gal\/wp-content\/uploads\/2021\/09\/Cantabile-Palabras-de-Luz-Coro-Galicia-Coruna-Musica-Galega-Poesia-Manuel-Rivas-Juan-Duran-Buide-Lucia-Cernadas-Colon-Galego-Dores-Tembras-Antia-Otero-Pallares022-300x200.jpg 300w, https:\/\/corocantabile.gal\/wp-content\/uploads\/2021\/09\/Cantabile-Palabras-de-Luz-Coro-Galicia-Coruna-Musica-Galega-Poesia-Manuel-Rivas-Juan-Duran-Buide-Lucia-Cernadas-Colon-Galego-Dores-Tembras-Antia-Otero-Pallares022-768x512.jpg 768w, https:\/\/corocantabile.gal\/wp-content\/uploads\/2021\/09\/Cantabile-Palabras-de-Luz-Coro-Galicia-Coruna-Musica-Galega-Poesia-Manuel-Rivas-Juan-Duran-Buide-Lucia-Cernadas-Colon-Galego-Dores-Tembras-Antia-Otero-Pallares022-960x640.jpg 960w, https:\/\/corocantabile.gal\/wp-content\/uploads\/2021\/09\/Cantabile-Palabras-de-Luz-Coro-Galicia-Coruna-Musica-Galega-Poesia-Manuel-Rivas-Juan-Duran-Buide-Lucia-Cernadas-Colon-Galego-Dores-Tembras-Antia-Otero-Pallares022-615x410.jpg 615w, https:\/\/corocantabile.gal\/wp-content\/uploads\/2021\/09\/Cantabile-Palabras-de-Luz-Coro-Galicia-Coruna-Musica-Galega-Poesia-Manuel-Rivas-Juan-Duran-Buide-Lucia-Cernadas-Colon-Galego-Dores-Tembras-Antia-Otero-Pallares022-1290x860.jpg 1290w, https:\/\/corocantabile.gal\/wp-content\/uploads\/2021\/09\/Cantabile-Palabras-de-Luz-Coro-Galicia-Coruna-Musica-Galega-Poesia-Manuel-Rivas-Juan-Duran-Buide-Lucia-Cernadas-Colon-Galego-Dores-Tembras-Antia-Otero-Pallares022-690x460.jpg 690w, https:\/\/corocantabile.gal\/wp-content\/uploads\/2021\/09\/Cantabile-Palabras-de-Luz-Coro-Galicia-Coruna-Musica-Galega-Poesia-Manuel-Rivas-Juan-Duran-Buide-Lucia-Cernadas-Colon-Galego-Dores-Tembras-Antia-Otero-Pallares022.jpg 1500w\" sizes=\"(max-width: 1024px) 100vw, 1024px\" \/><\/figure><\/li><li class=\"blocks-gallery-item\"><figure><img loading=\"lazy\" width=\"1024\" height=\"683\" src=\"https:\/\/corocantabile.gal\/wp-content\/uploads\/2021\/09\/Cantabile-Palabras-de-Luz-Coro-Galicia-Coruna-Musica-Galega-Poesia-Jesus-Rodil-Carlos-Negro-Estibaliz-Espinosa-Eva-Veiga-Maria-Lado-Mosquera063-1024x683.jpg\" alt=\"\" data-id=\"460\" data-full-url=\"https:\/\/corocantabile.gal\/wp-content\/uploads\/2021\/09\/Cantabile-Palabras-de-Luz-Coro-Galicia-Coruna-Musica-Galega-Poesia-Jesus-Rodil-Carlos-Negro-Estibaliz-Espinosa-Eva-Veiga-Maria-Lado-Mosquera063.jpg\" data-link=\"https:\/\/corocantabile.gal\/presentacion-de-palabras-de-luz-galeria-de-imaxes\/cantabile-palabras-de-luz-coro-galicia-coruna-musica-galega-poesia-jesus-rodil-carlos-negro-estibaliz-espinosa-eva-veiga-maria-lado-mosquera063\/\" class=\"wp-image-460\" srcset=\"https:\/\/corocantabile.gal\/wp-content\/uploads\/2021\/09\/Cantabile-Palabras-de-Luz-Coro-Galicia-Coruna-Musica-Galega-Poesia-Jesus-Rodil-Carlos-Negro-Estibaliz-Espinosa-Eva-Veiga-Maria-Lado-Mosquera063-1024x683.jpg 1024w, https:\/\/corocantabile.gal\/wp-content\/uploads\/2021\/09\/Cantabile-Palabras-de-Luz-Coro-Galicia-Coruna-Musica-Galega-Poesia-Jesus-Rodil-Carlos-Negro-Estibaliz-Espinosa-Eva-Veiga-Maria-Lado-Mosquera063-300x200.jpg 300w, https:\/\/corocantabile.gal\/wp-content\/uploads\/2021\/09\/Cantabile-Palabras-de-Luz-Coro-Galicia-Coruna-Musica-Galega-Poesia-Jesus-Rodil-Carlos-Negro-Estibaliz-Espinosa-Eva-Veiga-Maria-Lado-Mosquera063-768x512.jpg 768w, https:\/\/corocantabile.gal\/wp-content\/uploads\/2021\/09\/Cantabile-Palabras-de-Luz-Coro-Galicia-Coruna-Musica-Galega-Poesia-Jesus-Rodil-Carlos-Negro-Estibaliz-Espinosa-Eva-Veiga-Maria-Lado-Mosquera063-960x640.jpg 960w, https:\/\/corocantabile.gal\/wp-content\/uploads\/2021\/09\/Cantabile-Palabras-de-Luz-Coro-Galicia-Coruna-Musica-Galega-Poesia-Jesus-Rodil-Carlos-Negro-Estibaliz-Espinosa-Eva-Veiga-Maria-Lado-Mosquera063-615x410.jpg 615w, https:\/\/corocantabile.gal\/wp-content\/uploads\/2021\/09\/Cantabile-Palabras-de-Luz-Coro-Galicia-Coruna-Musica-Galega-Poesia-Jesus-Rodil-Carlos-Negro-Estibaliz-Espinosa-Eva-Veiga-Maria-Lado-Mosquera063-1290x860.jpg 1290w, https:\/\/corocantabile.gal\/wp-content\/uploads\/2021\/09\/Cantabile-Palabras-de-Luz-Coro-Galicia-Coruna-Musica-Galega-Poesia-Jesus-Rodil-Carlos-Negro-Estibaliz-Espinosa-Eva-Veiga-Maria-Lado-Mosquera063-690x460.jpg 690w, https:\/\/corocantabile.gal\/wp-content\/uploads\/2021\/09\/Cantabile-Palabras-de-Luz-Coro-Galicia-Coruna-Musica-Galega-Poesia-Jesus-Rodil-Carlos-Negro-Estibaliz-Espinosa-Eva-Veiga-Maria-Lado-Mosquera063.jpg 1500w\" sizes=\"(max-width: 1024px) 100vw, 1024px\" \/><\/figure><\/li><li class=\"blocks-gallery-item\"><figure><img loading=\"lazy\" width=\"1024\" height=\"683\" src=\"https:\/\/corocantabile.gal\/wp-content\/uploads\/2021\/09\/Cantabile-Palabras-de-Luz-Coro-Galicia-Coruna-Musica-Galega-Poesia-Manuel-Rivas-Juan-Duran-Fernando-Buide-Lucia-Cernadas-Traballo-Galego-Dores-Tembras-Antia-Otero-Pallares003-1024x683.jpg\" alt=\"\" data-id=\"461\" data-full-url=\"https:\/\/corocantabile.gal\/wp-content\/uploads\/2021\/09\/Cantabile-Palabras-de-Luz-Coro-Galicia-Coruna-Musica-Galega-Poesia-Manuel-Rivas-Juan-Duran-Fernando-Buide-Lucia-Cernadas-Traballo-Galego-Dores-Tembras-Antia-Otero-Pallares003.jpg\" data-link=\"https:\/\/corocantabile.gal\/presentacion-de-palabras-de-luz-galeria-de-imaxes\/cantabile-palabras-de-luz-coro-galicia-coruna-musica-galega-poesia-manuel-rivas-juan-duran-fernando-buide-lucia-cernadas-traballo-galego-dores-tembras-antia-otero-pallares003\/\" class=\"wp-image-461\" srcset=\"https:\/\/corocantabile.gal\/wp-content\/uploads\/2021\/09\/Cantabile-Palabras-de-Luz-Coro-Galicia-Coruna-Musica-Galega-Poesia-Manuel-Rivas-Juan-Duran-Fernando-Buide-Lucia-Cernadas-Traballo-Galego-Dores-Tembras-Antia-Otero-Pallares003-1024x683.jpg 1024w, https:\/\/corocantabile.gal\/wp-content\/uploads\/2021\/09\/Cantabile-Palabras-de-Luz-Coro-Galicia-Coruna-Musica-Galega-Poesia-Manuel-Rivas-Juan-Duran-Fernando-Buide-Lucia-Cernadas-Traballo-Galego-Dores-Tembras-Antia-Otero-Pallares003-300x200.jpg 300w, https:\/\/corocantabile.gal\/wp-content\/uploads\/2021\/09\/Cantabile-Palabras-de-Luz-Coro-Galicia-Coruna-Musica-Galega-Poesia-Manuel-Rivas-Juan-Duran-Fernando-Buide-Lucia-Cernadas-Traballo-Galego-Dores-Tembras-Antia-Otero-Pallares003-768x512.jpg 768w, https:\/\/corocantabile.gal\/wp-content\/uploads\/2021\/09\/Cantabile-Palabras-de-Luz-Coro-Galicia-Coruna-Musica-Galega-Poesia-Manuel-Rivas-Juan-Duran-Fernando-Buide-Lucia-Cernadas-Traballo-Galego-Dores-Tembras-Antia-Otero-Pallares003-960x640.jpg 960w, https:\/\/corocantabile.gal\/wp-content\/uploads\/2021\/09\/Cantabile-Palabras-de-Luz-Coro-Galicia-Coruna-Musica-Galega-Poesia-Manuel-Rivas-Juan-Duran-Fernando-Buide-Lucia-Cernadas-Traballo-Galego-Dores-Tembras-Antia-Otero-Pallares003-615x410.jpg 615w, https:\/\/corocantabile.gal\/wp-content\/uploads\/2021\/09\/Cantabile-Palabras-de-Luz-Coro-Galicia-Coruna-Musica-Galega-Poesia-Manuel-Rivas-Juan-Duran-Fernando-Buide-Lucia-Cernadas-Traballo-Galego-Dores-Tembras-Antia-Otero-Pallares003-1290x860.jpg 1290w, https:\/\/corocantabile.gal\/wp-content\/uploads\/2021\/09\/Cantabile-Palabras-de-Luz-Coro-Galicia-Coruna-Musica-Galega-Poesia-Manuel-Rivas-Juan-Duran-Fernando-Buide-Lucia-Cernadas-Traballo-Galego-Dores-Tembras-Antia-Otero-Pallares003-690x460.jpg 690w, https:\/\/corocantabile.gal\/wp-content\/uploads\/2021\/09\/Cantabile-Palabras-de-Luz-Coro-Galicia-Coruna-Musica-Galega-Poesia-Manuel-Rivas-Juan-Duran-Fernando-Buide-Lucia-Cernadas-Traballo-Galego-Dores-Tembras-Antia-Otero-Pallares003.jpg 1500w\" sizes=\"(max-width: 1024px) 100vw, 1024px\" \/><\/figure><\/li><li class=\"blocks-gallery-item\"><figure><img loading=\"lazy\" width=\"1024\" height=\"683\" src=\"https:\/\/corocantabile.gal\/wp-content\/uploads\/2021\/09\/Cantabile-Palabras-de-Luz-Coro-Galicia-Coruna-Musica-Galega-Poesia-Federico-Mosquera-Baldo-Ramos-Anxo-Angueira-Fernandez-Sanmartin053-1024x683.jpg\" alt=\"\" data-id=\"462\" data-full-url=\"https:\/\/corocantabile.gal\/wp-content\/uploads\/2021\/09\/Cantabile-Palabras-de-Luz-Coro-Galicia-Coruna-Musica-Galega-Poesia-Federico-Mosquera-Baldo-Ramos-Anxo-Angueira-Fernandez-Sanmartin053.jpg\" data-link=\"https:\/\/corocantabile.gal\/presentacion-de-palabras-de-luz-galeria-de-imaxes\/cantabile-palabras-de-luz-coro-galicia-coruna-musica-galega-poesia-federico-mosquera-baldo-ramos-anxo-angueira-fernandez-sanmartin053\/\" class=\"wp-image-462\" srcset=\"https:\/\/corocantabile.gal\/wp-content\/uploads\/2021\/09\/Cantabile-Palabras-de-Luz-Coro-Galicia-Coruna-Musica-Galega-Poesia-Federico-Mosquera-Baldo-Ramos-Anxo-Angueira-Fernandez-Sanmartin053-1024x683.jpg 1024w, https:\/\/corocantabile.gal\/wp-content\/uploads\/2021\/09\/Cantabile-Palabras-de-Luz-Coro-Galicia-Coruna-Musica-Galega-Poesia-Federico-Mosquera-Baldo-Ramos-Anxo-Angueira-Fernandez-Sanmartin053-300x200.jpg 300w, https:\/\/corocantabile.gal\/wp-content\/uploads\/2021\/09\/Cantabile-Palabras-de-Luz-Coro-Galicia-Coruna-Musica-Galega-Poesia-Federico-Mosquera-Baldo-Ramos-Anxo-Angueira-Fernandez-Sanmartin053-768x512.jpg 768w, https:\/\/corocantabile.gal\/wp-content\/uploads\/2021\/09\/Cantabile-Palabras-de-Luz-Coro-Galicia-Coruna-Musica-Galega-Poesia-Federico-Mosquera-Baldo-Ramos-Anxo-Angueira-Fernandez-Sanmartin053-960x640.jpg 960w, https:\/\/corocantabile.gal\/wp-content\/uploads\/2021\/09\/Cantabile-Palabras-de-Luz-Coro-Galicia-Coruna-Musica-Galega-Poesia-Federico-Mosquera-Baldo-Ramos-Anxo-Angueira-Fernandez-Sanmartin053-615x410.jpg 615w, https:\/\/corocantabile.gal\/wp-content\/uploads\/2021\/09\/Cantabile-Palabras-de-Luz-Coro-Galicia-Coruna-Musica-Galega-Poesia-Federico-Mosquera-Baldo-Ramos-Anxo-Angueira-Fernandez-Sanmartin053-1290x860.jpg 1290w, https:\/\/corocantabile.gal\/wp-content\/uploads\/2021\/09\/Cantabile-Palabras-de-Luz-Coro-Galicia-Coruna-Musica-Galega-Poesia-Federico-Mosquera-Baldo-Ramos-Anxo-Angueira-Fernandez-Sanmartin053-690x460.jpg 690w, https:\/\/corocantabile.gal\/wp-content\/uploads\/2021\/09\/Cantabile-Palabras-de-Luz-Coro-Galicia-Coruna-Musica-Galega-Poesia-Federico-Mosquera-Baldo-Ramos-Anxo-Angueira-Fernandez-Sanmartin053.jpg 1500w\" sizes=\"(max-width: 1024px) 100vw, 1024px\" \/><\/figure><\/li><li class=\"blocks-gallery-item\"><figure><img loading=\"lazy\" width=\"1024\" height=\"683\" src=\"https:\/\/corocantabile.gal\/wp-content\/uploads\/2021\/09\/Cantabile-Palabras-de-Luz-Coro-Galicia-Coruna-Musica-Galega-Poesia-Jesus-Rodil-Carlos-Negro-Estibaliz-Espinosa-Eva-Veiga-Maria-Lado-Mosquera093-1024x683.jpg\" alt=\"\" data-id=\"463\" data-full-url=\"https:\/\/corocantabile.gal\/wp-content\/uploads\/2021\/09\/Cantabile-Palabras-de-Luz-Coro-Galicia-Coruna-Musica-Galega-Poesia-Jesus-Rodil-Carlos-Negro-Estibaliz-Espinosa-Eva-Veiga-Maria-Lado-Mosquera093.jpg\" data-link=\"https:\/\/corocantabile.gal\/presentacion-de-palabras-de-luz-galeria-de-imaxes\/cantabile-palabras-de-luz-coro-galicia-coruna-musica-galega-poesia-jesus-rodil-carlos-negro-estibaliz-espinosa-eva-veiga-maria-lado-mosquera093\/\" class=\"wp-image-463\" srcset=\"https:\/\/corocantabile.gal\/wp-content\/uploads\/2021\/09\/Cantabile-Palabras-de-Luz-Coro-Galicia-Coruna-Musica-Galega-Poesia-Jesus-Rodil-Carlos-Negro-Estibaliz-Espinosa-Eva-Veiga-Maria-Lado-Mosquera093-1024x683.jpg 1024w, https:\/\/corocantabile.gal\/wp-content\/uploads\/2021\/09\/Cantabile-Palabras-de-Luz-Coro-Galicia-Coruna-Musica-Galega-Poesia-Jesus-Rodil-Carlos-Negro-Estibaliz-Espinosa-Eva-Veiga-Maria-Lado-Mosquera093-300x200.jpg 300w, https:\/\/corocantabile.gal\/wp-content\/uploads\/2021\/09\/Cantabile-Palabras-de-Luz-Coro-Galicia-Coruna-Musica-Galega-Poesia-Jesus-Rodil-Carlos-Negro-Estibaliz-Espinosa-Eva-Veiga-Maria-Lado-Mosquera093-768x512.jpg 768w, https:\/\/corocantabile.gal\/wp-content\/uploads\/2021\/09\/Cantabile-Palabras-de-Luz-Coro-Galicia-Coruna-Musica-Galega-Poesia-Jesus-Rodil-Carlos-Negro-Estibaliz-Espinosa-Eva-Veiga-Maria-Lado-Mosquera093-960x640.jpg 960w, https:\/\/corocantabile.gal\/wp-content\/uploads\/2021\/09\/Cantabile-Palabras-de-Luz-Coro-Galicia-Coruna-Musica-Galega-Poesia-Jesus-Rodil-Carlos-Negro-Estibaliz-Espinosa-Eva-Veiga-Maria-Lado-Mosquera093-615x410.jpg 615w, https:\/\/corocantabile.gal\/wp-content\/uploads\/2021\/09\/Cantabile-Palabras-de-Luz-Coro-Galicia-Coruna-Musica-Galega-Poesia-Jesus-Rodil-Carlos-Negro-Estibaliz-Espinosa-Eva-Veiga-Maria-Lado-Mosquera093-1290x860.jpg 1290w, https:\/\/corocantabile.gal\/wp-content\/uploads\/2021\/09\/Cantabile-Palabras-de-Luz-Coro-Galicia-Coruna-Musica-Galega-Poesia-Jesus-Rodil-Carlos-Negro-Estibaliz-Espinosa-Eva-Veiga-Maria-Lado-Mosquera093-690x460.jpg 690w, https:\/\/corocantabile.gal\/wp-content\/uploads\/2021\/09\/Cantabile-Palabras-de-Luz-Coro-Galicia-Coruna-Musica-Galega-Poesia-Jesus-Rodil-Carlos-Negro-Estibaliz-Espinosa-Eva-Veiga-Maria-Lado-Mosquera093.jpg 1500w\" sizes=\"(max-width: 1024px) 100vw, 1024px\" \/><\/figure><\/li><li class=\"blocks-gallery-item\"><figure><img loading=\"lazy\" width=\"1024\" height=\"683\" src=\"https:\/\/corocantabile.gal\/wp-content\/uploads\/2021\/09\/Cantabile-Palabras-de-Luz-Coro-Galicia-Coruna-Musica-Galega-Poesia-Jesus-Rodil-Carlos-Negro-Estibaliz-Espinosa-Eva-Veiga-Maria-Lado-Mosquera083-1024x683.jpg\" alt=\"\" data-id=\"464\" data-full-url=\"https:\/\/corocantabile.gal\/wp-content\/uploads\/2021\/09\/Cantabile-Palabras-de-Luz-Coro-Galicia-Coruna-Musica-Galega-Poesia-Jesus-Rodil-Carlos-Negro-Estibaliz-Espinosa-Eva-Veiga-Maria-Lado-Mosquera083.jpg\" data-link=\"https:\/\/corocantabile.gal\/presentacion-de-palabras-de-luz-galeria-de-imaxes\/cantabile-palabras-de-luz-coro-galicia-coruna-musica-galega-poesia-jesus-rodil-carlos-negro-estibaliz-espinosa-eva-veiga-maria-lado-mosquera083\/\" class=\"wp-image-464\" srcset=\"https:\/\/corocantabile.gal\/wp-content\/uploads\/2021\/09\/Cantabile-Palabras-de-Luz-Coro-Galicia-Coruna-Musica-Galega-Poesia-Jesus-Rodil-Carlos-Negro-Estibaliz-Espinosa-Eva-Veiga-Maria-Lado-Mosquera083-1024x683.jpg 1024w, https:\/\/corocantabile.gal\/wp-content\/uploads\/2021\/09\/Cantabile-Palabras-de-Luz-Coro-Galicia-Coruna-Musica-Galega-Poesia-Jesus-Rodil-Carlos-Negro-Estibaliz-Espinosa-Eva-Veiga-Maria-Lado-Mosquera083-300x200.jpg 300w, https:\/\/corocantabile.gal\/wp-content\/uploads\/2021\/09\/Cantabile-Palabras-de-Luz-Coro-Galicia-Coruna-Musica-Galega-Poesia-Jesus-Rodil-Carlos-Negro-Estibaliz-Espinosa-Eva-Veiga-Maria-Lado-Mosquera083-768x512.jpg 768w, https:\/\/corocantabile.gal\/wp-content\/uploads\/2021\/09\/Cantabile-Palabras-de-Luz-Coro-Galicia-Coruna-Musica-Galega-Poesia-Jesus-Rodil-Carlos-Negro-Estibaliz-Espinosa-Eva-Veiga-Maria-Lado-Mosquera083-960x640.jpg 960w, https:\/\/corocantabile.gal\/wp-content\/uploads\/2021\/09\/Cantabile-Palabras-de-Luz-Coro-Galicia-Coruna-Musica-Galega-Poesia-Jesus-Rodil-Carlos-Negro-Estibaliz-Espinosa-Eva-Veiga-Maria-Lado-Mosquera083-615x410.jpg 615w, https:\/\/corocantabile.gal\/wp-content\/uploads\/2021\/09\/Cantabile-Palabras-de-Luz-Coro-Galicia-Coruna-Musica-Galega-Poesia-Jesus-Rodil-Carlos-Negro-Estibaliz-Espinosa-Eva-Veiga-Maria-Lado-Mosquera083-1290x860.jpg 1290w, https:\/\/corocantabile.gal\/wp-content\/uploads\/2021\/09\/Cantabile-Palabras-de-Luz-Coro-Galicia-Coruna-Musica-Galega-Poesia-Jesus-Rodil-Carlos-Negro-Estibaliz-Espinosa-Eva-Veiga-Maria-Lado-Mosquera083-690x460.jpg 690w, https:\/\/corocantabile.gal\/wp-content\/uploads\/2021\/09\/Cantabile-Palabras-de-Luz-Coro-Galicia-Coruna-Musica-Galega-Poesia-Jesus-Rodil-Carlos-Negro-Estibaliz-Espinosa-Eva-Veiga-Maria-Lado-Mosquera083.jpg 1500w\" sizes=\"(max-width: 1024px) 100vw, 1024px\" \/><\/figure><\/li><li class=\"blocks-gallery-item\"><figure><img loading=\"lazy\" width=\"1024\" height=\"683\" src=\"https:\/\/corocantabile.gal\/wp-content\/uploads\/2021\/09\/Cantabile-Palabras-de-Luz-Coro-Galicia-Coruna-Musica-Galega-Poesia-Jesus-Rodil-Carlos-Negro-Estibaliz-Espinosa-Eva-Veiga-Maria-Lado-Mosquera084-1024x683.jpg\" alt=\"\" data-id=\"465\" data-full-url=\"https:\/\/corocantabile.gal\/wp-content\/uploads\/2021\/09\/Cantabile-Palabras-de-Luz-Coro-Galicia-Coruna-Musica-Galega-Poesia-Jesus-Rodil-Carlos-Negro-Estibaliz-Espinosa-Eva-Veiga-Maria-Lado-Mosquera084.jpg\" data-link=\"https:\/\/corocantabile.gal\/presentacion-de-palabras-de-luz-galeria-de-imaxes\/cantabile-palabras-de-luz-coro-galicia-coruna-musica-galega-poesia-jesus-rodil-carlos-negro-estibaliz-espinosa-eva-veiga-maria-lado-mosquera084\/\" class=\"wp-image-465\" srcset=\"https:\/\/corocantabile.gal\/wp-content\/uploads\/2021\/09\/Cantabile-Palabras-de-Luz-Coro-Galicia-Coruna-Musica-Galega-Poesia-Jesus-Rodil-Carlos-Negro-Estibaliz-Espinosa-Eva-Veiga-Maria-Lado-Mosquera084-1024x683.jpg 1024w, https:\/\/corocantabile.gal\/wp-content\/uploads\/2021\/09\/Cantabile-Palabras-de-Luz-Coro-Galicia-Coruna-Musica-Galega-Poesia-Jesus-Rodil-Carlos-Negro-Estibaliz-Espinosa-Eva-Veiga-Maria-Lado-Mosquera084-300x200.jpg 300w, https:\/\/corocantabile.gal\/wp-content\/uploads\/2021\/09\/Cantabile-Palabras-de-Luz-Coro-Galicia-Coruna-Musica-Galega-Poesia-Jesus-Rodil-Carlos-Negro-Estibaliz-Espinosa-Eva-Veiga-Maria-Lado-Mosquera084-768x512.jpg 768w, https:\/\/corocantabile.gal\/wp-content\/uploads\/2021\/09\/Cantabile-Palabras-de-Luz-Coro-Galicia-Coruna-Musica-Galega-Poesia-Jesus-Rodil-Carlos-Negro-Estibaliz-Espinosa-Eva-Veiga-Maria-Lado-Mosquera084-960x640.jpg 960w, https:\/\/corocantabile.gal\/wp-content\/uploads\/2021\/09\/Cantabile-Palabras-de-Luz-Coro-Galicia-Coruna-Musica-Galega-Poesia-Jesus-Rodil-Carlos-Negro-Estibaliz-Espinosa-Eva-Veiga-Maria-Lado-Mosquera084-615x410.jpg 615w, https:\/\/corocantabile.gal\/wp-content\/uploads\/2021\/09\/Cantabile-Palabras-de-Luz-Coro-Galicia-Coruna-Musica-Galega-Poesia-Jesus-Rodil-Carlos-Negro-Estibaliz-Espinosa-Eva-Veiga-Maria-Lado-Mosquera084-1290x860.jpg 1290w, https:\/\/corocantabile.gal\/wp-content\/uploads\/2021\/09\/Cantabile-Palabras-de-Luz-Coro-Galicia-Coruna-Musica-Galega-Poesia-Jesus-Rodil-Carlos-Negro-Estibaliz-Espinosa-Eva-Veiga-Maria-Lado-Mosquera084-690x460.jpg 690w, https:\/\/corocantabile.gal\/wp-content\/uploads\/2021\/09\/Cantabile-Palabras-de-Luz-Coro-Galicia-Coruna-Musica-Galega-Poesia-Jesus-Rodil-Carlos-Negro-Estibaliz-Espinosa-Eva-Veiga-Maria-Lado-Mosquera084.jpg 1500w\" sizes=\"(max-width: 1024px) 100vw, 1024px\" \/><\/figure><\/li><li class=\"blocks-gallery-item\"><figure><img loading=\"lazy\" width=\"1024\" height=\"683\" src=\"https:\/\/corocantabile.gal\/wp-content\/uploads\/2021\/09\/Cantabile-Palabras-de-Luz-Coro-Galicia-Coruna-Musica-Galega-Poesia-Manuel-Rivas-Juan-Duran-Buide-Lucia-Cernadas-Colon-Galego-Dores-Tembras-Antia-Otero-Pallares036-1024x683.jpg\" alt=\"\" data-id=\"466\" data-full-url=\"https:\/\/corocantabile.gal\/wp-content\/uploads\/2021\/09\/Cantabile-Palabras-de-Luz-Coro-Galicia-Coruna-Musica-Galega-Poesia-Manuel-Rivas-Juan-Duran-Buide-Lucia-Cernadas-Colon-Galego-Dores-Tembras-Antia-Otero-Pallares036.jpg\" data-link=\"https:\/\/corocantabile.gal\/presentacion-de-palabras-de-luz-galeria-de-imaxes\/cantabile-palabras-de-luz-coro-galicia-coruna-musica-galega-poesia-manuel-rivas-juan-duran-buide-lucia-cernadas-colon-galego-dores-tembras-antia-otero-pallares036\/\" class=\"wp-image-466\" srcset=\"https:\/\/corocantabile.gal\/wp-content\/uploads\/2021\/09\/Cantabile-Palabras-de-Luz-Coro-Galicia-Coruna-Musica-Galega-Poesia-Manuel-Rivas-Juan-Duran-Buide-Lucia-Cernadas-Colon-Galego-Dores-Tembras-Antia-Otero-Pallares036-1024x683.jpg 1024w, https:\/\/corocantabile.gal\/wp-content\/uploads\/2021\/09\/Cantabile-Palabras-de-Luz-Coro-Galicia-Coruna-Musica-Galega-Poesia-Manuel-Rivas-Juan-Duran-Buide-Lucia-Cernadas-Colon-Galego-Dores-Tembras-Antia-Otero-Pallares036-300x200.jpg 300w, https:\/\/corocantabile.gal\/wp-content\/uploads\/2021\/09\/Cantabile-Palabras-de-Luz-Coro-Galicia-Coruna-Musica-Galega-Poesia-Manuel-Rivas-Juan-Duran-Buide-Lucia-Cernadas-Colon-Galego-Dores-Tembras-Antia-Otero-Pallares036-768x512.jpg 768w, https:\/\/corocantabile.gal\/wp-content\/uploads\/2021\/09\/Cantabile-Palabras-de-Luz-Coro-Galicia-Coruna-Musica-Galega-Poesia-Manuel-Rivas-Juan-Duran-Buide-Lucia-Cernadas-Colon-Galego-Dores-Tembras-Antia-Otero-Pallares036-960x640.jpg 960w, https:\/\/corocantabile.gal\/wp-content\/uploads\/2021\/09\/Cantabile-Palabras-de-Luz-Coro-Galicia-Coruna-Musica-Galega-Poesia-Manuel-Rivas-Juan-Duran-Buide-Lucia-Cernadas-Colon-Galego-Dores-Tembras-Antia-Otero-Pallares036-615x410.jpg 615w, https:\/\/corocantabile.gal\/wp-content\/uploads\/2021\/09\/Cantabile-Palabras-de-Luz-Coro-Galicia-Coruna-Musica-Galega-Poesia-Manuel-Rivas-Juan-Duran-Buide-Lucia-Cernadas-Colon-Galego-Dores-Tembras-Antia-Otero-Pallares036-1290x860.jpg 1290w, https:\/\/corocantabile.gal\/wp-content\/uploads\/2021\/09\/Cantabile-Palabras-de-Luz-Coro-Galicia-Coruna-Musica-Galega-Poesia-Manuel-Rivas-Juan-Duran-Buide-Lucia-Cernadas-Colon-Galego-Dores-Tembras-Antia-Otero-Pallares036-690x460.jpg 690w, https:\/\/corocantabile.gal\/wp-content\/uploads\/2021\/09\/Cantabile-Palabras-de-Luz-Coro-Galicia-Coruna-Musica-Galega-Poesia-Manuel-Rivas-Juan-Duran-Buide-Lucia-Cernadas-Colon-Galego-Dores-Tembras-Antia-Otero-Pallares036.jpg 1500w\" sizes=\"(max-width: 1024px) 100vw, 1024px\" \/><\/figure><\/li><li class=\"blocks-gallery-item\"><figure><img loading=\"lazy\" width=\"1024\" height=\"683\" src=\"https:\/\/corocantabile.gal\/wp-content\/uploads\/2021\/09\/Cantabile-Palabras-de-Luz-Coro-Galicia-Coruna-Musica-Galega-Poesia-Jesus-Rodil-Carlos-Negro-Estibaliz-Espinosa-Eva-Veiga-Maria-Lado-Mosquera092-1024x683.jpg\" alt=\"\" data-id=\"467\" data-full-url=\"https:\/\/corocantabile.gal\/wp-content\/uploads\/2021\/09\/Cantabile-Palabras-de-Luz-Coro-Galicia-Coruna-Musica-Galega-Poesia-Jesus-Rodil-Carlos-Negro-Estibaliz-Espinosa-Eva-Veiga-Maria-Lado-Mosquera092.jpg\" data-link=\"https:\/\/corocantabile.gal\/presentacion-de-palabras-de-luz-galeria-de-imaxes\/cantabile-palabras-de-luz-coro-galicia-coruna-musica-galega-poesia-jesus-rodil-carlos-negro-estibaliz-espinosa-eva-veiga-maria-lado-mosquera092\/\" class=\"wp-image-467\" srcset=\"https:\/\/corocantabile.gal\/wp-content\/uploads\/2021\/09\/Cantabile-Palabras-de-Luz-Coro-Galicia-Coruna-Musica-Galega-Poesia-Jesus-Rodil-Carlos-Negro-Estibaliz-Espinosa-Eva-Veiga-Maria-Lado-Mosquera092-1024x683.jpg 1024w, https:\/\/corocantabile.gal\/wp-content\/uploads\/2021\/09\/Cantabile-Palabras-de-Luz-Coro-Galicia-Coruna-Musica-Galega-Poesia-Jesus-Rodil-Carlos-Negro-Estibaliz-Espinosa-Eva-Veiga-Maria-Lado-Mosquera092-300x200.jpg 300w, https:\/\/corocantabile.gal\/wp-content\/uploads\/2021\/09\/Cantabile-Palabras-de-Luz-Coro-Galicia-Coruna-Musica-Galega-Poesia-Jesus-Rodil-Carlos-Negro-Estibaliz-Espinosa-Eva-Veiga-Maria-Lado-Mosquera092-768x512.jpg 768w, https:\/\/corocantabile.gal\/wp-content\/uploads\/2021\/09\/Cantabile-Palabras-de-Luz-Coro-Galicia-Coruna-Musica-Galega-Poesia-Jesus-Rodil-Carlos-Negro-Estibaliz-Espinosa-Eva-Veiga-Maria-Lado-Mosquera092-960x640.jpg 960w, https:\/\/corocantabile.gal\/wp-content\/uploads\/2021\/09\/Cantabile-Palabras-de-Luz-Coro-Galicia-Coruna-Musica-Galega-Poesia-Jesus-Rodil-Carlos-Negro-Estibaliz-Espinosa-Eva-Veiga-Maria-Lado-Mosquera092-615x410.jpg 615w, https:\/\/corocantabile.gal\/wp-content\/uploads\/2021\/09\/Cantabile-Palabras-de-Luz-Coro-Galicia-Coruna-Musica-Galega-Poesia-Jesus-Rodil-Carlos-Negro-Estibaliz-Espinosa-Eva-Veiga-Maria-Lado-Mosquera092-1290x860.jpg 1290w, https:\/\/corocantabile.gal\/wp-content\/uploads\/2021\/09\/Cantabile-Palabras-de-Luz-Coro-Galicia-Coruna-Musica-Galega-Poesia-Jesus-Rodil-Carlos-Negro-Estibaliz-Espinosa-Eva-Veiga-Maria-Lado-Mosquera092-690x460.jpg 690w, https:\/\/corocantabile.gal\/wp-content\/uploads\/2021\/09\/Cantabile-Palabras-de-Luz-Coro-Galicia-Coruna-Musica-Galega-Poesia-Jesus-Rodil-Carlos-Negro-Estibaliz-Espinosa-Eva-Veiga-Maria-Lado-Mosquera092.jpg 1500w\" sizes=\"(max-width: 1024px) 100vw, 1024px\" \/><\/figure><\/li><li class=\"blocks-gallery-item\"><figure><img loading=\"lazy\" width=\"1024\" height=\"683\" src=\"https:\/\/corocantabile.gal\/wp-content\/uploads\/2021\/09\/Cantabile-Palabras-de-Luz-Coro-Galicia-Coruna-Musica-Galega-Poesia-Manuel-Rivas-Juan-Duran-Buide-Lucia-Cernadas-Traballo-Galego-Dores-Tembras-Antia-Otero-Pallares015-1024x683.jpg\" alt=\"\" data-id=\"468\" data-full-url=\"https:\/\/corocantabile.gal\/wp-content\/uploads\/2021\/09\/Cantabile-Palabras-de-Luz-Coro-Galicia-Coruna-Musica-Galega-Poesia-Manuel-Rivas-Juan-Duran-Buide-Lucia-Cernadas-Traballo-Galego-Dores-Tembras-Antia-Otero-Pallares015.jpg\" data-link=\"https:\/\/corocantabile.gal\/presentacion-de-palabras-de-luz-galeria-de-imaxes\/cantabile-palabras-de-luz-coro-galicia-coruna-musica-galega-poesia-manuel-rivas-juan-duran-buide-lucia-cernadas-traballo-galego-dores-tembras-antia-otero-pallares015\/\" class=\"wp-image-468\" srcset=\"https:\/\/corocantabile.gal\/wp-content\/uploads\/2021\/09\/Cantabile-Palabras-de-Luz-Coro-Galicia-Coruna-Musica-Galega-Poesia-Manuel-Rivas-Juan-Duran-Buide-Lucia-Cernadas-Traballo-Galego-Dores-Tembras-Antia-Otero-Pallares015-1024x683.jpg 1024w, https:\/\/corocantabile.gal\/wp-content\/uploads\/2021\/09\/Cantabile-Palabras-de-Luz-Coro-Galicia-Coruna-Musica-Galega-Poesia-Manuel-Rivas-Juan-Duran-Buide-Lucia-Cernadas-Traballo-Galego-Dores-Tembras-Antia-Otero-Pallares015-300x200.jpg 300w, https:\/\/corocantabile.gal\/wp-content\/uploads\/2021\/09\/Cantabile-Palabras-de-Luz-Coro-Galicia-Coruna-Musica-Galega-Poesia-Manuel-Rivas-Juan-Duran-Buide-Lucia-Cernadas-Traballo-Galego-Dores-Tembras-Antia-Otero-Pallares015-768x512.jpg 768w, https:\/\/corocantabile.gal\/wp-content\/uploads\/2021\/09\/Cantabile-Palabras-de-Luz-Coro-Galicia-Coruna-Musica-Galega-Poesia-Manuel-Rivas-Juan-Duran-Buide-Lucia-Cernadas-Traballo-Galego-Dores-Tembras-Antia-Otero-Pallares015-960x640.jpg 960w, https:\/\/corocantabile.gal\/wp-content\/uploads\/2021\/09\/Cantabile-Palabras-de-Luz-Coro-Galicia-Coruna-Musica-Galega-Poesia-Manuel-Rivas-Juan-Duran-Buide-Lucia-Cernadas-Traballo-Galego-Dores-Tembras-Antia-Otero-Pallares015-615x410.jpg 615w, https:\/\/corocantabile.gal\/wp-content\/uploads\/2021\/09\/Cantabile-Palabras-de-Luz-Coro-Galicia-Coruna-Musica-Galega-Poesia-Manuel-Rivas-Juan-Duran-Buide-Lucia-Cernadas-Traballo-Galego-Dores-Tembras-Antia-Otero-Pallares015-1290x860.jpg 1290w, https:\/\/corocantabile.gal\/wp-content\/uploads\/2021\/09\/Cantabile-Palabras-de-Luz-Coro-Galicia-Coruna-Musica-Galega-Poesia-Manuel-Rivas-Juan-Duran-Buide-Lucia-Cernadas-Traballo-Galego-Dores-Tembras-Antia-Otero-Pallares015-690x460.jpg 690w, https:\/\/corocantabile.gal\/wp-content\/uploads\/2021\/09\/Cantabile-Palabras-de-Luz-Coro-Galicia-Coruna-Musica-Galega-Poesia-Manuel-Rivas-Juan-Duran-Buide-Lucia-Cernadas-Traballo-Galego-Dores-Tembras-Antia-Otero-Pallares015.jpg 1500w\" sizes=\"(max-width: 1024px) 100vw, 1024px\" \/><\/figure><\/li><li class=\"blocks-gallery-item\"><figure><img loading=\"lazy\" width=\"1024\" height=\"683\" src=\"https:\/\/corocantabile.gal\/wp-content\/uploads\/2021\/09\/Cantabile-Palabras-de-Luz-Coro-Galicia-Coruna-Musica-Galega-Poesia-Manuel-Rivas-Juan-Duran-Buide-Lucia-Cernadas-Colon-Galego-Dores-Tembras-Antia-Otero-Pallares034-1024x683.jpg\" alt=\"\" data-id=\"469\" data-full-url=\"https:\/\/corocantabile.gal\/wp-content\/uploads\/2021\/09\/Cantabile-Palabras-de-Luz-Coro-Galicia-Coruna-Musica-Galega-Poesia-Manuel-Rivas-Juan-Duran-Buide-Lucia-Cernadas-Colon-Galego-Dores-Tembras-Antia-Otero-Pallares034.jpg\" data-link=\"https:\/\/corocantabile.gal\/presentacion-de-palabras-de-luz-galeria-de-imaxes\/cantabile-palabras-de-luz-coro-galicia-coruna-musica-galega-poesia-manuel-rivas-juan-duran-buide-lucia-cernadas-colon-galego-dores-tembras-antia-otero-pallares034\/\" class=\"wp-image-469\" srcset=\"https:\/\/corocantabile.gal\/wp-content\/uploads\/2021\/09\/Cantabile-Palabras-de-Luz-Coro-Galicia-Coruna-Musica-Galega-Poesia-Manuel-Rivas-Juan-Duran-Buide-Lucia-Cernadas-Colon-Galego-Dores-Tembras-Antia-Otero-Pallares034-1024x683.jpg 1024w, https:\/\/corocantabile.gal\/wp-content\/uploads\/2021\/09\/Cantabile-Palabras-de-Luz-Coro-Galicia-Coruna-Musica-Galega-Poesia-Manuel-Rivas-Juan-Duran-Buide-Lucia-Cernadas-Colon-Galego-Dores-Tembras-Antia-Otero-Pallares034-300x200.jpg 300w, https:\/\/corocantabile.gal\/wp-content\/uploads\/2021\/09\/Cantabile-Palabras-de-Luz-Coro-Galicia-Coruna-Musica-Galega-Poesia-Manuel-Rivas-Juan-Duran-Buide-Lucia-Cernadas-Colon-Galego-Dores-Tembras-Antia-Otero-Pallares034-768x512.jpg 768w, https:\/\/corocantabile.gal\/wp-content\/uploads\/2021\/09\/Cantabile-Palabras-de-Luz-Coro-Galicia-Coruna-Musica-Galega-Poesia-Manuel-Rivas-Juan-Duran-Buide-Lucia-Cernadas-Colon-Galego-Dores-Tembras-Antia-Otero-Pallares034-960x640.jpg 960w, https:\/\/corocantabile.gal\/wp-content\/uploads\/2021\/09\/Cantabile-Palabras-de-Luz-Coro-Galicia-Coruna-Musica-Galega-Poesia-Manuel-Rivas-Juan-Duran-Buide-Lucia-Cernadas-Colon-Galego-Dores-Tembras-Antia-Otero-Pallares034-615x410.jpg 615w, https:\/\/corocantabile.gal\/wp-content\/uploads\/2021\/09\/Cantabile-Palabras-de-Luz-Coro-Galicia-Coruna-Musica-Galega-Poesia-Manuel-Rivas-Juan-Duran-Buide-Lucia-Cernadas-Colon-Galego-Dores-Tembras-Antia-Otero-Pallares034-1290x860.jpg 1290w, https:\/\/corocantabile.gal\/wp-content\/uploads\/2021\/09\/Cantabile-Palabras-de-Luz-Coro-Galicia-Coruna-Musica-Galega-Poesia-Manuel-Rivas-Juan-Duran-Buide-Lucia-Cernadas-Colon-Galego-Dores-Tembras-Antia-Otero-Pallares034-690x460.jpg 690w, https:\/\/corocantabile.gal\/wp-content\/uploads\/2021\/09\/Cantabile-Palabras-de-Luz-Coro-Galicia-Coruna-Musica-Galega-Poesia-Manuel-Rivas-Juan-Duran-Buide-Lucia-Cernadas-Colon-Galego-Dores-Tembras-Antia-Otero-Pallares034.jpg 1500w\" sizes=\"(max-width: 1024px) 100vw, 1024px\" \/><\/figure><\/li><li class=\"blocks-gallery-item\"><figure><img loading=\"lazy\" width=\"1024\" height=\"683\" src=\"https:\/\/corocantabile.gal\/wp-content\/uploads\/2021\/09\/Cantabile-Palabras-de-Luz-Coro-Galicia-Coruna-Musica-Galega-Poesia-Jesus-Rodil-Carlos-Negro-Estibaliz-Espinosa-Eva-Veiga-Maria-Lado-Mosquera062-1024x683.jpg\" alt=\"\" data-id=\"470\" data-full-url=\"https:\/\/corocantabile.gal\/wp-content\/uploads\/2021\/09\/Cantabile-Palabras-de-Luz-Coro-Galicia-Coruna-Musica-Galega-Poesia-Jesus-Rodil-Carlos-Negro-Estibaliz-Espinosa-Eva-Veiga-Maria-Lado-Mosquera062.jpg\" data-link=\"https:\/\/corocantabile.gal\/presentacion-de-palabras-de-luz-galeria-de-imaxes\/cantabile-palabras-de-luz-coro-galicia-coruna-musica-galega-poesia-jesus-rodil-carlos-negro-estibaliz-espinosa-eva-veiga-maria-lado-mosquera062\/\" class=\"wp-image-470\" srcset=\"https:\/\/corocantabile.gal\/wp-content\/uploads\/2021\/09\/Cantabile-Palabras-de-Luz-Coro-Galicia-Coruna-Musica-Galega-Poesia-Jesus-Rodil-Carlos-Negro-Estibaliz-Espinosa-Eva-Veiga-Maria-Lado-Mosquera062-1024x683.jpg 1024w, https:\/\/corocantabile.gal\/wp-content\/uploads\/2021\/09\/Cantabile-Palabras-de-Luz-Coro-Galicia-Coruna-Musica-Galega-Poesia-Jesus-Rodil-Carlos-Negro-Estibaliz-Espinosa-Eva-Veiga-Maria-Lado-Mosquera062-300x200.jpg 300w, https:\/\/corocantabile.gal\/wp-content\/uploads\/2021\/09\/Cantabile-Palabras-de-Luz-Coro-Galicia-Coruna-Musica-Galega-Poesia-Jesus-Rodil-Carlos-Negro-Estibaliz-Espinosa-Eva-Veiga-Maria-Lado-Mosquera062-768x512.jpg 768w, https:\/\/corocantabile.gal\/wp-content\/uploads\/2021\/09\/Cantabile-Palabras-de-Luz-Coro-Galicia-Coruna-Musica-Galega-Poesia-Jesus-Rodil-Carlos-Negro-Estibaliz-Espinosa-Eva-Veiga-Maria-Lado-Mosquera062-960x640.jpg 960w, https:\/\/corocantabile.gal\/wp-content\/uploads\/2021\/09\/Cantabile-Palabras-de-Luz-Coro-Galicia-Coruna-Musica-Galega-Poesia-Jesus-Rodil-Carlos-Negro-Estibaliz-Espinosa-Eva-Veiga-Maria-Lado-Mosquera062-615x410.jpg 615w, https:\/\/corocantabile.gal\/wp-content\/uploads\/2021\/09\/Cantabile-Palabras-de-Luz-Coro-Galicia-Coruna-Musica-Galega-Poesia-Jesus-Rodil-Carlos-Negro-Estibaliz-Espinosa-Eva-Veiga-Maria-Lado-Mosquera062-1290x860.jpg 1290w, https:\/\/corocantabile.gal\/wp-content\/uploads\/2021\/09\/Cantabile-Palabras-de-Luz-Coro-Galicia-Coruna-Musica-Galega-Poesia-Jesus-Rodil-Carlos-Negro-Estibaliz-Espinosa-Eva-Veiga-Maria-Lado-Mosquera062-690x460.jpg 690w, https:\/\/corocantabile.gal\/wp-content\/uploads\/2021\/09\/Cantabile-Palabras-de-Luz-Coro-Galicia-Coruna-Musica-Galega-Poesia-Jesus-Rodil-Carlos-Negro-Estibaliz-Espinosa-Eva-Veiga-Maria-Lado-Mosquera062.jpg 1500w\" sizes=\"(max-width: 1024px) 100vw, 1024px\" \/><\/figure><\/li><li class=\"blocks-gallery-item\"><figure><img loading=\"lazy\" width=\"1024\" height=\"683\" src=\"https:\/\/corocantabile.gal\/wp-content\/uploads\/2021\/09\/Cantabile-Palabras-de-Luz-Coro-Galicia-Coruna-Musica-Galega-Poesia-Federico-Mosquera-Baldo-Ramos-Anxo-Angueira-Fernandez-Sanmartin056-1024x683.jpg\" alt=\"\" data-id=\"471\" data-full-url=\"https:\/\/corocantabile.gal\/wp-content\/uploads\/2021\/09\/Cantabile-Palabras-de-Luz-Coro-Galicia-Coruna-Musica-Galega-Poesia-Federico-Mosquera-Baldo-Ramos-Anxo-Angueira-Fernandez-Sanmartin056.jpg\" data-link=\"https:\/\/corocantabile.gal\/presentacion-de-palabras-de-luz-galeria-de-imaxes\/cantabile-palabras-de-luz-coro-galicia-coruna-musica-galega-poesia-federico-mosquera-baldo-ramos-anxo-angueira-fernandez-sanmartin056\/\" class=\"wp-image-471\" srcset=\"https:\/\/corocantabile.gal\/wp-content\/uploads\/2021\/09\/Cantabile-Palabras-de-Luz-Coro-Galicia-Coruna-Musica-Galega-Poesia-Federico-Mosquera-Baldo-Ramos-Anxo-Angueira-Fernandez-Sanmartin056-1024x683.jpg 1024w, https:\/\/corocantabile.gal\/wp-content\/uploads\/2021\/09\/Cantabile-Palabras-de-Luz-Coro-Galicia-Coruna-Musica-Galega-Poesia-Federico-Mosquera-Baldo-Ramos-Anxo-Angueira-Fernandez-Sanmartin056-300x200.jpg 300w, https:\/\/corocantabile.gal\/wp-content\/uploads\/2021\/09\/Cantabile-Palabras-de-Luz-Coro-Galicia-Coruna-Musica-Galega-Poesia-Federico-Mosquera-Baldo-Ramos-Anxo-Angueira-Fernandez-Sanmartin056-768x512.jpg 768w, https:\/\/corocantabile.gal\/wp-content\/uploads\/2021\/09\/Cantabile-Palabras-de-Luz-Coro-Galicia-Coruna-Musica-Galega-Poesia-Federico-Mosquera-Baldo-Ramos-Anxo-Angueira-Fernandez-Sanmartin056-960x640.jpg 960w, https:\/\/corocantabile.gal\/wp-content\/uploads\/2021\/09\/Cantabile-Palabras-de-Luz-Coro-Galicia-Coruna-Musica-Galega-Poesia-Federico-Mosquera-Baldo-Ramos-Anxo-Angueira-Fernandez-Sanmartin056-615x410.jpg 615w, https:\/\/corocantabile.gal\/wp-content\/uploads\/2021\/09\/Cantabile-Palabras-de-Luz-Coro-Galicia-Coruna-Musica-Galega-Poesia-Federico-Mosquera-Baldo-Ramos-Anxo-Angueira-Fernandez-Sanmartin056-1290x860.jpg 1290w, https:\/\/corocantabile.gal\/wp-content\/uploads\/2021\/09\/Cantabile-Palabras-de-Luz-Coro-Galicia-Coruna-Musica-Galega-Poesia-Federico-Mosquera-Baldo-Ramos-Anxo-Angueira-Fernandez-Sanmartin056-690x460.jpg 690w, https:\/\/corocantabile.gal\/wp-content\/uploads\/2021\/09\/Cantabile-Palabras-de-Luz-Coro-Galicia-Coruna-Musica-Galega-Poesia-Federico-Mosquera-Baldo-Ramos-Anxo-Angueira-Fernandez-Sanmartin056.jpg 1500w\" sizes=\"(max-width: 1024px) 100vw, 1024px\" \/><\/figure><\/li><li class=\"blocks-gallery-item\"><figure><img loading=\"lazy\" width=\"1024\" height=\"683\" src=\"https:\/\/corocantabile.gal\/wp-content\/uploads\/2021\/09\/Cantabile-Palabras-de-Luz-Coro-Galicia-Coruna-Musica-Galega-Poesia-Jesus-Rodil-Carlos-Negro-Estibaliz-Espinosa-Eva-Veiga-Maria-Lado-Mosquera085-1024x683.jpg\" alt=\"\" data-id=\"472\" data-full-url=\"https:\/\/corocantabile.gal\/wp-content\/uploads\/2021\/09\/Cantabile-Palabras-de-Luz-Coro-Galicia-Coruna-Musica-Galega-Poesia-Jesus-Rodil-Carlos-Negro-Estibaliz-Espinosa-Eva-Veiga-Maria-Lado-Mosquera085.jpg\" data-link=\"https:\/\/corocantabile.gal\/presentacion-de-palabras-de-luz-galeria-de-imaxes\/cantabile-palabras-de-luz-coro-galicia-coruna-musica-galega-poesia-jesus-rodil-carlos-negro-estibaliz-espinosa-eva-veiga-maria-lado-mosquera085\/\" class=\"wp-image-472\" srcset=\"https:\/\/corocantabile.gal\/wp-content\/uploads\/2021\/09\/Cantabile-Palabras-de-Luz-Coro-Galicia-Coruna-Musica-Galega-Poesia-Jesus-Rodil-Carlos-Negro-Estibaliz-Espinosa-Eva-Veiga-Maria-Lado-Mosquera085-1024x683.jpg 1024w, https:\/\/corocantabile.gal\/wp-content\/uploads\/2021\/09\/Cantabile-Palabras-de-Luz-Coro-Galicia-Coruna-Musica-Galega-Poesia-Jesus-Rodil-Carlos-Negro-Estibaliz-Espinosa-Eva-Veiga-Maria-Lado-Mosquera085-300x200.jpg 300w, https:\/\/corocantabile.gal\/wp-content\/uploads\/2021\/09\/Cantabile-Palabras-de-Luz-Coro-Galicia-Coruna-Musica-Galega-Poesia-Jesus-Rodil-Carlos-Negro-Estibaliz-Espinosa-Eva-Veiga-Maria-Lado-Mosquera085-768x512.jpg 768w, https:\/\/corocantabile.gal\/wp-content\/uploads\/2021\/09\/Cantabile-Palabras-de-Luz-Coro-Galicia-Coruna-Musica-Galega-Poesia-Jesus-Rodil-Carlos-Negro-Estibaliz-Espinosa-Eva-Veiga-Maria-Lado-Mosquera085-960x640.jpg 960w, https:\/\/corocantabile.gal\/wp-content\/uploads\/2021\/09\/Cantabile-Palabras-de-Luz-Coro-Galicia-Coruna-Musica-Galega-Poesia-Jesus-Rodil-Carlos-Negro-Estibaliz-Espinosa-Eva-Veiga-Maria-Lado-Mosquera085-615x410.jpg 615w, https:\/\/corocantabile.gal\/wp-content\/uploads\/2021\/09\/Cantabile-Palabras-de-Luz-Coro-Galicia-Coruna-Musica-Galega-Poesia-Jesus-Rodil-Carlos-Negro-Estibaliz-Espinosa-Eva-Veiga-Maria-Lado-Mosquera085-1290x860.jpg 1290w, https:\/\/corocantabile.gal\/wp-content\/uploads\/2021\/09\/Cantabile-Palabras-de-Luz-Coro-Galicia-Coruna-Musica-Galega-Poesia-Jesus-Rodil-Carlos-Negro-Estibaliz-Espinosa-Eva-Veiga-Maria-Lado-Mosquera085-690x460.jpg 690w, https:\/\/corocantabile.gal\/wp-content\/uploads\/2021\/09\/Cantabile-Palabras-de-Luz-Coro-Galicia-Coruna-Musica-Galega-Poesia-Jesus-Rodil-Carlos-Negro-Estibaliz-Espinosa-Eva-Veiga-Maria-Lado-Mosquera085.jpg 1500w\" sizes=\"(max-width: 1024px) 100vw, 1024px\" \/><\/figure><\/li><li class=\"blocks-gallery-item\"><figure><img loading=\"lazy\" width=\"1024\" height=\"683\" src=\"https:\/\/corocantabile.gal\/wp-content\/uploads\/2021\/09\/Cantabile-Palabras-de-Luz-Coro-Galicia-Coruna-Musica-Galega-Poesia-Jesus-Rodil-Carlos-Negro-Estibaliz-Espinosa-Eva-Veiga-Maria-Lado-Mosquera066-1024x683.jpg\" alt=\"\" data-id=\"473\" data-full-url=\"https:\/\/corocantabile.gal\/wp-content\/uploads\/2021\/09\/Cantabile-Palabras-de-Luz-Coro-Galicia-Coruna-Musica-Galega-Poesia-Jesus-Rodil-Carlos-Negro-Estibaliz-Espinosa-Eva-Veiga-Maria-Lado-Mosquera066.jpg\" data-link=\"https:\/\/corocantabile.gal\/presentacion-de-palabras-de-luz-galeria-de-imaxes\/cantabile-palabras-de-luz-coro-galicia-coruna-musica-galega-poesia-jesus-rodil-carlos-negro-estibaliz-espinosa-eva-veiga-maria-lado-mosquera066\/\" class=\"wp-image-473\" srcset=\"https:\/\/corocantabile.gal\/wp-content\/uploads\/2021\/09\/Cantabile-Palabras-de-Luz-Coro-Galicia-Coruna-Musica-Galega-Poesia-Jesus-Rodil-Carlos-Negro-Estibaliz-Espinosa-Eva-Veiga-Maria-Lado-Mosquera066-1024x683.jpg 1024w, https:\/\/corocantabile.gal\/wp-content\/uploads\/2021\/09\/Cantabile-Palabras-de-Luz-Coro-Galicia-Coruna-Musica-Galega-Poesia-Jesus-Rodil-Carlos-Negro-Estibaliz-Espinosa-Eva-Veiga-Maria-Lado-Mosquera066-300x200.jpg 300w, https:\/\/corocantabile.gal\/wp-content\/uploads\/2021\/09\/Cantabile-Palabras-de-Luz-Coro-Galicia-Coruna-Musica-Galega-Poesia-Jesus-Rodil-Carlos-Negro-Estibaliz-Espinosa-Eva-Veiga-Maria-Lado-Mosquera066-768x512.jpg 768w, https:\/\/corocantabile.gal\/wp-content\/uploads\/2021\/09\/Cantabile-Palabras-de-Luz-Coro-Galicia-Coruna-Musica-Galega-Poesia-Jesus-Rodil-Carlos-Negro-Estibaliz-Espinosa-Eva-Veiga-Maria-Lado-Mosquera066-960x640.jpg 960w, https:\/\/corocantabile.gal\/wp-content\/uploads\/2021\/09\/Cantabile-Palabras-de-Luz-Coro-Galicia-Coruna-Musica-Galega-Poesia-Jesus-Rodil-Carlos-Negro-Estibaliz-Espinosa-Eva-Veiga-Maria-Lado-Mosquera066-615x410.jpg 615w, https:\/\/corocantabile.gal\/wp-content\/uploads\/2021\/09\/Cantabile-Palabras-de-Luz-Coro-Galicia-Coruna-Musica-Galega-Poesia-Jesus-Rodil-Carlos-Negro-Estibaliz-Espinosa-Eva-Veiga-Maria-Lado-Mosquera066-1290x860.jpg 1290w, https:\/\/corocantabile.gal\/wp-content\/uploads\/2021\/09\/Cantabile-Palabras-de-Luz-Coro-Galicia-Coruna-Musica-Galega-Poesia-Jesus-Rodil-Carlos-Negro-Estibaliz-Espinosa-Eva-Veiga-Maria-Lado-Mosquera066-690x460.jpg 690w, https:\/\/corocantabile.gal\/wp-content\/uploads\/2021\/09\/Cantabile-Palabras-de-Luz-Coro-Galicia-Coruna-Musica-Galega-Poesia-Jesus-Rodil-Carlos-Negro-Estibaliz-Espinosa-Eva-Veiga-Maria-Lado-Mosquera066.jpg 1500w\" sizes=\"(max-width: 1024px) 100vw, 1024px\" \/><\/figure><\/li><li class=\"blocks-gallery-item\"><figure><img loading=\"lazy\" width=\"1024\" height=\"683\" src=\"https:\/\/corocantabile.gal\/wp-content\/uploads\/2021\/09\/Cantabile-Palabras-de-Luz-Coro-Galicia-Coruna-Musica-Galega-Poesia-Federico-Mosquera-Baldo-Ramos-Anxo-Angueira-Fernandez-Sanmartin048-1024x683.jpg\" alt=\"\" data-id=\"474\" data-full-url=\"https:\/\/corocantabile.gal\/wp-content\/uploads\/2021\/09\/Cantabile-Palabras-de-Luz-Coro-Galicia-Coruna-Musica-Galega-Poesia-Federico-Mosquera-Baldo-Ramos-Anxo-Angueira-Fernandez-Sanmartin048.jpg\" data-link=\"https:\/\/corocantabile.gal\/presentacion-de-palabras-de-luz-galeria-de-imaxes\/cantabile-palabras-de-luz-coro-galicia-coruna-musica-galega-poesia-federico-mosquera-baldo-ramos-anxo-angueira-fernandez-sanmartin048\/\" class=\"wp-image-474\" srcset=\"https:\/\/corocantabile.gal\/wp-content\/uploads\/2021\/09\/Cantabile-Palabras-de-Luz-Coro-Galicia-Coruna-Musica-Galega-Poesia-Federico-Mosquera-Baldo-Ramos-Anxo-Angueira-Fernandez-Sanmartin048-1024x683.jpg 1024w, https:\/\/corocantabile.gal\/wp-content\/uploads\/2021\/09\/Cantabile-Palabras-de-Luz-Coro-Galicia-Coruna-Musica-Galega-Poesia-Federico-Mosquera-Baldo-Ramos-Anxo-Angueira-Fernandez-Sanmartin048-300x200.jpg 300w, https:\/\/corocantabile.gal\/wp-content\/uploads\/2021\/09\/Cantabile-Palabras-de-Luz-Coro-Galicia-Coruna-Musica-Galega-Poesia-Federico-Mosquera-Baldo-Ramos-Anxo-Angueira-Fernandez-Sanmartin048-768x512.jpg 768w, https:\/\/corocantabile.gal\/wp-content\/uploads\/2021\/09\/Cantabile-Palabras-de-Luz-Coro-Galicia-Coruna-Musica-Galega-Poesia-Federico-Mosquera-Baldo-Ramos-Anxo-Angueira-Fernandez-Sanmartin048-960x640.jpg 960w, https:\/\/corocantabile.gal\/wp-content\/uploads\/2021\/09\/Cantabile-Palabras-de-Luz-Coro-Galicia-Coruna-Musica-Galega-Poesia-Federico-Mosquera-Baldo-Ramos-Anxo-Angueira-Fernandez-Sanmartin048-615x410.jpg 615w, https:\/\/corocantabile.gal\/wp-content\/uploads\/2021\/09\/Cantabile-Palabras-de-Luz-Coro-Galicia-Coruna-Musica-Galega-Poesia-Federico-Mosquera-Baldo-Ramos-Anxo-Angueira-Fernandez-Sanmartin048-1290x860.jpg 1290w, https:\/\/corocantabile.gal\/wp-content\/uploads\/2021\/09\/Cantabile-Palabras-de-Luz-Coro-Galicia-Coruna-Musica-Galega-Poesia-Federico-Mosquera-Baldo-Ramos-Anxo-Angueira-Fernandez-Sanmartin048-690x460.jpg 690w, https:\/\/corocantabile.gal\/wp-content\/uploads\/2021\/09\/Cantabile-Palabras-de-Luz-Coro-Galicia-Coruna-Musica-Galega-Poesia-Federico-Mosquera-Baldo-Ramos-Anxo-Angueira-Fernandez-Sanmartin048.jpg 1500w\" sizes=\"(max-width: 1024px) 100vw, 1024px\" \/><\/figure><\/li><li class=\"blocks-gallery-item\"><figure><img loading=\"lazy\" width=\"1024\" height=\"683\" src=\"https:\/\/corocantabile.gal\/wp-content\/uploads\/2021\/09\/Cantabile-Palabras-de-Luz-Coro-Galicia-Coruna-Musica-Galega-Poesia-Manuel-Rivas-Juan-Duran-Buide-Lucia-Cernadas-Traballo-Galego-Dores-Tembras-Antia-Otero-Pallares014-1024x683.jpg\" alt=\"\" data-id=\"475\" data-full-url=\"https:\/\/corocantabile.gal\/wp-content\/uploads\/2021\/09\/Cantabile-Palabras-de-Luz-Coro-Galicia-Coruna-Musica-Galega-Poesia-Manuel-Rivas-Juan-Duran-Buide-Lucia-Cernadas-Traballo-Galego-Dores-Tembras-Antia-Otero-Pallares014.jpg\" data-link=\"https:\/\/corocantabile.gal\/presentacion-de-palabras-de-luz-galeria-de-imaxes\/cantabile-palabras-de-luz-coro-galicia-coruna-musica-galega-poesia-manuel-rivas-juan-duran-buide-lucia-cernadas-traballo-galego-dores-tembras-antia-otero-pallares014\/\" class=\"wp-image-475\" srcset=\"https:\/\/corocantabile.gal\/wp-content\/uploads\/2021\/09\/Cantabile-Palabras-de-Luz-Coro-Galicia-Coruna-Musica-Galega-Poesia-Manuel-Rivas-Juan-Duran-Buide-Lucia-Cernadas-Traballo-Galego-Dores-Tembras-Antia-Otero-Pallares014-1024x683.jpg 1024w, https:\/\/corocantabile.gal\/wp-content\/uploads\/2021\/09\/Cantabile-Palabras-de-Luz-Coro-Galicia-Coruna-Musica-Galega-Poesia-Manuel-Rivas-Juan-Duran-Buide-Lucia-Cernadas-Traballo-Galego-Dores-Tembras-Antia-Otero-Pallares014-300x200.jpg 300w, https:\/\/corocantabile.gal\/wp-content\/uploads\/2021\/09\/Cantabile-Palabras-de-Luz-Coro-Galicia-Coruna-Musica-Galega-Poesia-Manuel-Rivas-Juan-Duran-Buide-Lucia-Cernadas-Traballo-Galego-Dores-Tembras-Antia-Otero-Pallares014-768x512.jpg 768w, https:\/\/corocantabile.gal\/wp-content\/uploads\/2021\/09\/Cantabile-Palabras-de-Luz-Coro-Galicia-Coruna-Musica-Galega-Poesia-Manuel-Rivas-Juan-Duran-Buide-Lucia-Cernadas-Traballo-Galego-Dores-Tembras-Antia-Otero-Pallares014-960x640.jpg 960w, https:\/\/corocantabile.gal\/wp-content\/uploads\/2021\/09\/Cantabile-Palabras-de-Luz-Coro-Galicia-Coruna-Musica-Galega-Poesia-Manuel-Rivas-Juan-Duran-Buide-Lucia-Cernadas-Traballo-Galego-Dores-Tembras-Antia-Otero-Pallares014-615x410.jpg 615w, https:\/\/corocantabile.gal\/wp-content\/uploads\/2021\/09\/Cantabile-Palabras-de-Luz-Coro-Galicia-Coruna-Musica-Galega-Poesia-Manuel-Rivas-Juan-Duran-Buide-Lucia-Cernadas-Traballo-Galego-Dores-Tembras-Antia-Otero-Pallares014-1290x860.jpg 1290w, https:\/\/corocantabile.gal\/wp-content\/uploads\/2021\/09\/Cantabile-Palabras-de-Luz-Coro-Galicia-Coruna-Musica-Galega-Poesia-Manuel-Rivas-Juan-Duran-Buide-Lucia-Cernadas-Traballo-Galego-Dores-Tembras-Antia-Otero-Pallares014-690x460.jpg 690w, https:\/\/corocantabile.gal\/wp-content\/uploads\/2021\/09\/Cantabile-Palabras-de-Luz-Coro-Galicia-Coruna-Musica-Galega-Poesia-Manuel-Rivas-Juan-Duran-Buide-Lucia-Cernadas-Traballo-Galego-Dores-Tembras-Antia-Otero-Pallares014.jpg 1500w\" sizes=\"(max-width: 1024px) 100vw, 1024px\" \/><\/figure><\/li><li class=\"blocks-gallery-item\"><figure><img loading=\"lazy\" width=\"1024\" height=\"683\" src=\"https:\/\/corocantabile.gal\/wp-content\/uploads\/2021\/09\/Cantabile-Palabras-de-Luz-Coro-Galicia-Coruna-Musica-Galega-Poesia-Manuel-Rivas-Juan-Duran-Buide-Lucia-Cernadas-Colon-Galego-Dores-Tembras-Antia-Otero-Pallares030-1024x683.jpg\" alt=\"\" data-id=\"476\" data-full-url=\"https:\/\/corocantabile.gal\/wp-content\/uploads\/2021\/09\/Cantabile-Palabras-de-Luz-Coro-Galicia-Coruna-Musica-Galega-Poesia-Manuel-Rivas-Juan-Duran-Buide-Lucia-Cernadas-Colon-Galego-Dores-Tembras-Antia-Otero-Pallares030.jpg\" data-link=\"https:\/\/corocantabile.gal\/presentacion-de-palabras-de-luz-galeria-de-imaxes\/cantabile-palabras-de-luz-coro-galicia-coruna-musica-galega-poesia-manuel-rivas-juan-duran-buide-lucia-cernadas-colon-galego-dores-tembras-antia-otero-pallares030\/\" class=\"wp-image-476\" srcset=\"https:\/\/corocantabile.gal\/wp-content\/uploads\/2021\/09\/Cantabile-Palabras-de-Luz-Coro-Galicia-Coruna-Musica-Galega-Poesia-Manuel-Rivas-Juan-Duran-Buide-Lucia-Cernadas-Colon-Galego-Dores-Tembras-Antia-Otero-Pallares030-1024x683.jpg 1024w, https:\/\/corocantabile.gal\/wp-content\/uploads\/2021\/09\/Cantabile-Palabras-de-Luz-Coro-Galicia-Coruna-Musica-Galega-Poesia-Manuel-Rivas-Juan-Duran-Buide-Lucia-Cernadas-Colon-Galego-Dores-Tembras-Antia-Otero-Pallares030-300x200.jpg 300w, https:\/\/corocantabile.gal\/wp-content\/uploads\/2021\/09\/Cantabile-Palabras-de-Luz-Coro-Galicia-Coruna-Musica-Galega-Poesia-Manuel-Rivas-Juan-Duran-Buide-Lucia-Cernadas-Colon-Galego-Dores-Tembras-Antia-Otero-Pallares030-768x512.jpg 768w, https:\/\/corocantabile.gal\/wp-content\/uploads\/2021\/09\/Cantabile-Palabras-de-Luz-Coro-Galicia-Coruna-Musica-Galega-Poesia-Manuel-Rivas-Juan-Duran-Buide-Lucia-Cernadas-Colon-Galego-Dores-Tembras-Antia-Otero-Pallares030-960x640.jpg 960w, https:\/\/corocantabile.gal\/wp-content\/uploads\/2021\/09\/Cantabile-Palabras-de-Luz-Coro-Galicia-Coruna-Musica-Galega-Poesia-Manuel-Rivas-Juan-Duran-Buide-Lucia-Cernadas-Colon-Galego-Dores-Tembras-Antia-Otero-Pallares030-615x410.jpg 615w, https:\/\/corocantabile.gal\/wp-content\/uploads\/2021\/09\/Cantabile-Palabras-de-Luz-Coro-Galicia-Coruna-Musica-Galega-Poesia-Manuel-Rivas-Juan-Duran-Buide-Lucia-Cernadas-Colon-Galego-Dores-Tembras-Antia-Otero-Pallares030-1290x860.jpg 1290w, https:\/\/corocantabile.gal\/wp-content\/uploads\/2021\/09\/Cantabile-Palabras-de-Luz-Coro-Galicia-Coruna-Musica-Galega-Poesia-Manuel-Rivas-Juan-Duran-Buide-Lucia-Cernadas-Colon-Galego-Dores-Tembras-Antia-Otero-Pallares030-690x460.jpg 690w, https:\/\/corocantabile.gal\/wp-content\/uploads\/2021\/09\/Cantabile-Palabras-de-Luz-Coro-Galicia-Coruna-Musica-Galega-Poesia-Manuel-Rivas-Juan-Duran-Buide-Lucia-Cernadas-Colon-Galego-Dores-Tembras-Antia-Otero-Pallares030.jpg 1500w\" sizes=\"(max-width: 1024px) 100vw, 1024px\" \/><\/figure><\/li><li class=\"blocks-gallery-item\"><figure><img loading=\"lazy\" width=\"1024\" height=\"683\" src=\"https:\/\/corocantabile.gal\/wp-content\/uploads\/2021\/09\/Cantabile-Palabras-de-Luz-Coro-Galicia-Coruna-Musica-Galega-Poesia-Manuel-Rivas-Juan-Duran-Buide-Lucia-Cernadas-Traballo-Galego-Dores-Tembras-Antia-Otero-Pallares013-1024x683.jpg\" alt=\"\" data-id=\"477\" data-full-url=\"https:\/\/corocantabile.gal\/wp-content\/uploads\/2021\/09\/Cantabile-Palabras-de-Luz-Coro-Galicia-Coruna-Musica-Galega-Poesia-Manuel-Rivas-Juan-Duran-Buide-Lucia-Cernadas-Traballo-Galego-Dores-Tembras-Antia-Otero-Pallares013.jpg\" data-link=\"https:\/\/corocantabile.gal\/presentacion-de-palabras-de-luz-galeria-de-imaxes\/cantabile-palabras-de-luz-coro-galicia-coruna-musica-galega-poesia-manuel-rivas-juan-duran-buide-lucia-cernadas-traballo-galego-dores-tembras-antia-otero-pallares013\/\" class=\"wp-image-477\" srcset=\"https:\/\/corocantabile.gal\/wp-content\/uploads\/2021\/09\/Cantabile-Palabras-de-Luz-Coro-Galicia-Coruna-Musica-Galega-Poesia-Manuel-Rivas-Juan-Duran-Buide-Lucia-Cernadas-Traballo-Galego-Dores-Tembras-Antia-Otero-Pallares013-1024x683.jpg 1024w, https:\/\/corocantabile.gal\/wp-content\/uploads\/2021\/09\/Cantabile-Palabras-de-Luz-Coro-Galicia-Coruna-Musica-Galega-Poesia-Manuel-Rivas-Juan-Duran-Buide-Lucia-Cernadas-Traballo-Galego-Dores-Tembras-Antia-Otero-Pallares013-300x200.jpg 300w, https:\/\/corocantabile.gal\/wp-content\/uploads\/2021\/09\/Cantabile-Palabras-de-Luz-Coro-Galicia-Coruna-Musica-Galega-Poesia-Manuel-Rivas-Juan-Duran-Buide-Lucia-Cernadas-Traballo-Galego-Dores-Tembras-Antia-Otero-Pallares013-768x512.jpg 768w, https:\/\/corocantabile.gal\/wp-content\/uploads\/2021\/09\/Cantabile-Palabras-de-Luz-Coro-Galicia-Coruna-Musica-Galega-Poesia-Manuel-Rivas-Juan-Duran-Buide-Lucia-Cernadas-Traballo-Galego-Dores-Tembras-Antia-Otero-Pallares013-960x640.jpg 960w, https:\/\/corocantabile.gal\/wp-content\/uploads\/2021\/09\/Cantabile-Palabras-de-Luz-Coro-Galicia-Coruna-Musica-Galega-Poesia-Manuel-Rivas-Juan-Duran-Buide-Lucia-Cernadas-Traballo-Galego-Dores-Tembras-Antia-Otero-Pallares013-615x410.jpg 615w, https:\/\/corocantabile.gal\/wp-content\/uploads\/2021\/09\/Cantabile-Palabras-de-Luz-Coro-Galicia-Coruna-Musica-Galega-Poesia-Manuel-Rivas-Juan-Duran-Buide-Lucia-Cernadas-Traballo-Galego-Dores-Tembras-Antia-Otero-Pallares013-1290x860.jpg 1290w, https:\/\/corocantabile.gal\/wp-content\/uploads\/2021\/09\/Cantabile-Palabras-de-Luz-Coro-Galicia-Coruna-Musica-Galega-Poesia-Manuel-Rivas-Juan-Duran-Buide-Lucia-Cernadas-Traballo-Galego-Dores-Tembras-Antia-Otero-Pallares013-690x460.jpg 690w, https:\/\/corocantabile.gal\/wp-content\/uploads\/2021\/09\/Cantabile-Palabras-de-Luz-Coro-Galicia-Coruna-Musica-Galega-Poesia-Manuel-Rivas-Juan-Duran-Buide-Lucia-Cernadas-Traballo-Galego-Dores-Tembras-Antia-Otero-Pallares013.jpg 1500w\" sizes=\"(max-width: 1024px) 100vw, 1024px\" \/><\/figure><\/li><li class=\"blocks-gallery-item\"><figure><img loading=\"lazy\" width=\"1024\" height=\"683\" src=\"https:\/\/corocantabile.gal\/wp-content\/uploads\/2021\/09\/Cantabile-Palabras-de-Luz-Coro-Galicia-Coruna-Musica-Galega-Poesia-Manuel-Rivas-Juan-Duran-Buide-Lucia-Cernadas-Colon-Galego-Dores-Tembras-Antia-Otero-Pallares040-1024x683.jpg\" alt=\"\" data-id=\"478\" data-full-url=\"https:\/\/corocantabile.gal\/wp-content\/uploads\/2021\/09\/Cantabile-Palabras-de-Luz-Coro-Galicia-Coruna-Musica-Galega-Poesia-Manuel-Rivas-Juan-Duran-Buide-Lucia-Cernadas-Colon-Galego-Dores-Tembras-Antia-Otero-Pallares040.jpg\" data-link=\"https:\/\/corocantabile.gal\/presentacion-de-palabras-de-luz-galeria-de-imaxes\/cantabile-palabras-de-luz-coro-galicia-coruna-musica-galega-poesia-manuel-rivas-juan-duran-buide-lucia-cernadas-colon-galego-dores-tembras-antia-otero-pallares040\/\" class=\"wp-image-478\" srcset=\"https:\/\/corocantabile.gal\/wp-content\/uploads\/2021\/09\/Cantabile-Palabras-de-Luz-Coro-Galicia-Coruna-Musica-Galega-Poesia-Manuel-Rivas-Juan-Duran-Buide-Lucia-Cernadas-Colon-Galego-Dores-Tembras-Antia-Otero-Pallares040-1024x683.jpg 1024w, https:\/\/corocantabile.gal\/wp-content\/uploads\/2021\/09\/Cantabile-Palabras-de-Luz-Coro-Galicia-Coruna-Musica-Galega-Poesia-Manuel-Rivas-Juan-Duran-Buide-Lucia-Cernadas-Colon-Galego-Dores-Tembras-Antia-Otero-Pallares040-300x200.jpg 300w, https:\/\/corocantabile.gal\/wp-content\/uploads\/2021\/09\/Cantabile-Palabras-de-Luz-Coro-Galicia-Coruna-Musica-Galega-Poesia-Manuel-Rivas-Juan-Duran-Buide-Lucia-Cernadas-Colon-Galego-Dores-Tembras-Antia-Otero-Pallares040-768x512.jpg 768w, https:\/\/corocantabile.gal\/wp-content\/uploads\/2021\/09\/Cantabile-Palabras-de-Luz-Coro-Galicia-Coruna-Musica-Galega-Poesia-Manuel-Rivas-Juan-Duran-Buide-Lucia-Cernadas-Colon-Galego-Dores-Tembras-Antia-Otero-Pallares040-960x640.jpg 960w, https:\/\/corocantabile.gal\/wp-content\/uploads\/2021\/09\/Cantabile-Palabras-de-Luz-Coro-Galicia-Coruna-Musica-Galega-Poesia-Manuel-Rivas-Juan-Duran-Buide-Lucia-Cernadas-Colon-Galego-Dores-Tembras-Antia-Otero-Pallares040-615x410.jpg 615w, https:\/\/corocantabile.gal\/wp-content\/uploads\/2021\/09\/Cantabile-Palabras-de-Luz-Coro-Galicia-Coruna-Musica-Galega-Poesia-Manuel-Rivas-Juan-Duran-Buide-Lucia-Cernadas-Colon-Galego-Dores-Tembras-Antia-Otero-Pallares040-1290x860.jpg 1290w, https:\/\/corocantabile.gal\/wp-content\/uploads\/2021\/09\/Cantabile-Palabras-de-Luz-Coro-Galicia-Coruna-Musica-Galega-Poesia-Manuel-Rivas-Juan-Duran-Buide-Lucia-Cernadas-Colon-Galego-Dores-Tembras-Antia-Otero-Pallares040-690x460.jpg 690w, https:\/\/corocantabile.gal\/wp-content\/uploads\/2021\/09\/Cantabile-Palabras-de-Luz-Coro-Galicia-Coruna-Musica-Galega-Poesia-Manuel-Rivas-Juan-Duran-Buide-Lucia-Cernadas-Colon-Galego-Dores-Tembras-Antia-Otero-Pallares040.jpg 1500w\" sizes=\"(max-width: 1024px) 100vw, 1024px\" \/><\/figure><\/li><li class=\"blocks-gallery-item\"><figure><img loading=\"lazy\" width=\"1024\" height=\"683\" src=\"https:\/\/corocantabile.gal\/wp-content\/uploads\/2021\/09\/Cantabile-Palabras-de-Luz-Coro-Galicia-Coruna-Musica-Galega-Poesia-Federico-Mosquera-Baldo-Ramos-Anxo-Angueira-Fernandez-Sanmartin063-1024x683.jpg\" alt=\"\" data-id=\"479\" data-full-url=\"https:\/\/corocantabile.gal\/wp-content\/uploads\/2021\/09\/Cantabile-Palabras-de-Luz-Coro-Galicia-Coruna-Musica-Galega-Poesia-Federico-Mosquera-Baldo-Ramos-Anxo-Angueira-Fernandez-Sanmartin063.jpg\" data-link=\"https:\/\/corocantabile.gal\/presentacion-de-palabras-de-luz-galeria-de-imaxes\/cantabile-palabras-de-luz-coro-galicia-coruna-musica-galega-poesia-federico-mosquera-baldo-ramos-anxo-angueira-fernandez-sanmartin063\/\" class=\"wp-image-479\" srcset=\"https:\/\/corocantabile.gal\/wp-content\/uploads\/2021\/09\/Cantabile-Palabras-de-Luz-Coro-Galicia-Coruna-Musica-Galega-Poesia-Federico-Mosquera-Baldo-Ramos-Anxo-Angueira-Fernandez-Sanmartin063-1024x683.jpg 1024w, https:\/\/corocantabile.gal\/wp-content\/uploads\/2021\/09\/Cantabile-Palabras-de-Luz-Coro-Galicia-Coruna-Musica-Galega-Poesia-Federico-Mosquera-Baldo-Ramos-Anxo-Angueira-Fernandez-Sanmartin063-300x200.jpg 300w, https:\/\/corocantabile.gal\/wp-content\/uploads\/2021\/09\/Cantabile-Palabras-de-Luz-Coro-Galicia-Coruna-Musica-Galega-Poesia-Federico-Mosquera-Baldo-Ramos-Anxo-Angueira-Fernandez-Sanmartin063-768x512.jpg 768w, https:\/\/corocantabile.gal\/wp-content\/uploads\/2021\/09\/Cantabile-Palabras-de-Luz-Coro-Galicia-Coruna-Musica-Galega-Poesia-Federico-Mosquera-Baldo-Ramos-Anxo-Angueira-Fernandez-Sanmartin063-960x640.jpg 960w, https:\/\/corocantabile.gal\/wp-content\/uploads\/2021\/09\/Cantabile-Palabras-de-Luz-Coro-Galicia-Coruna-Musica-Galega-Poesia-Federico-Mosquera-Baldo-Ramos-Anxo-Angueira-Fernandez-Sanmartin063-615x410.jpg 615w, https:\/\/corocantabile.gal\/wp-content\/uploads\/2021\/09\/Cantabile-Palabras-de-Luz-Coro-Galicia-Coruna-Musica-Galega-Poesia-Federico-Mosquera-Baldo-Ramos-Anxo-Angueira-Fernandez-Sanmartin063-1290x860.jpg 1290w, https:\/\/corocantabile.gal\/wp-content\/uploads\/2021\/09\/Cantabile-Palabras-de-Luz-Coro-Galicia-Coruna-Musica-Galega-Poesia-Federico-Mosquera-Baldo-Ramos-Anxo-Angueira-Fernandez-Sanmartin063-690x460.jpg 690w, https:\/\/corocantabile.gal\/wp-content\/uploads\/2021\/09\/Cantabile-Palabras-de-Luz-Coro-Galicia-Coruna-Musica-Galega-Poesia-Federico-Mosquera-Baldo-Ramos-Anxo-Angueira-Fernandez-Sanmartin063.jpg 1500w\" sizes=\"(max-width: 1024px) 100vw, 1024px\" \/><\/figure><\/li><li class=\"blocks-gallery-item\"><figure><img loading=\"lazy\" width=\"1024\" height=\"683\" src=\"https:\/\/corocantabile.gal\/wp-content\/uploads\/2021\/09\/Cantabile-Palabras-de-Luz-Coro-Galicia-Coruna-Musica-Galega-Poesia-Manuel-Rivas-Juan-Duran-Buide-Lucia-Cernadas-Colon-Galego-Dores-Tembras-Antia-Otero-Pallares024-1024x683.jpg\" alt=\"\" data-id=\"480\" data-full-url=\"https:\/\/corocantabile.gal\/wp-content\/uploads\/2021\/09\/Cantabile-Palabras-de-Luz-Coro-Galicia-Coruna-Musica-Galega-Poesia-Manuel-Rivas-Juan-Duran-Buide-Lucia-Cernadas-Colon-Galego-Dores-Tembras-Antia-Otero-Pallares024.jpg\" data-link=\"https:\/\/corocantabile.gal\/presentacion-de-palabras-de-luz-galeria-de-imaxes\/cantabile-palabras-de-luz-coro-galicia-coruna-musica-galega-poesia-manuel-rivas-juan-duran-buide-lucia-cernadas-colon-galego-dores-tembras-antia-otero-pallares024\/\" class=\"wp-image-480\" srcset=\"https:\/\/corocantabile.gal\/wp-content\/uploads\/2021\/09\/Cantabile-Palabras-de-Luz-Coro-Galicia-Coruna-Musica-Galega-Poesia-Manuel-Rivas-Juan-Duran-Buide-Lucia-Cernadas-Colon-Galego-Dores-Tembras-Antia-Otero-Pallares024-1024x683.jpg 1024w, https:\/\/corocantabile.gal\/wp-content\/uploads\/2021\/09\/Cantabile-Palabras-de-Luz-Coro-Galicia-Coruna-Musica-Galega-Poesia-Manuel-Rivas-Juan-Duran-Buide-Lucia-Cernadas-Colon-Galego-Dores-Tembras-Antia-Otero-Pallares024-300x200.jpg 300w, https:\/\/corocantabile.gal\/wp-content\/uploads\/2021\/09\/Cantabile-Palabras-de-Luz-Coro-Galicia-Coruna-Musica-Galega-Poesia-Manuel-Rivas-Juan-Duran-Buide-Lucia-Cernadas-Colon-Galego-Dores-Tembras-Antia-Otero-Pallares024-768x512.jpg 768w, https:\/\/corocantabile.gal\/wp-content\/uploads\/2021\/09\/Cantabile-Palabras-de-Luz-Coro-Galicia-Coruna-Musica-Galega-Poesia-Manuel-Rivas-Juan-Duran-Buide-Lucia-Cernadas-Colon-Galego-Dores-Tembras-Antia-Otero-Pallares024-960x640.jpg 960w, https:\/\/corocantabile.gal\/wp-content\/uploads\/2021\/09\/Cantabile-Palabras-de-Luz-Coro-Galicia-Coruna-Musica-Galega-Poesia-Manuel-Rivas-Juan-Duran-Buide-Lucia-Cernadas-Colon-Galego-Dores-Tembras-Antia-Otero-Pallares024-615x410.jpg 615w, https:\/\/corocantabile.gal\/wp-content\/uploads\/2021\/09\/Cantabile-Palabras-de-Luz-Coro-Galicia-Coruna-Musica-Galega-Poesia-Manuel-Rivas-Juan-Duran-Buide-Lucia-Cernadas-Colon-Galego-Dores-Tembras-Antia-Otero-Pallares024-1290x860.jpg 1290w, https:\/\/corocantabile.gal\/wp-content\/uploads\/2021\/09\/Cantabile-Palabras-de-Luz-Coro-Galicia-Coruna-Musica-Galega-Poesia-Manuel-Rivas-Juan-Duran-Buide-Lucia-Cernadas-Colon-Galego-Dores-Tembras-Antia-Otero-Pallares024-690x460.jpg 690w, https:\/\/corocantabile.gal\/wp-content\/uploads\/2021\/09\/Cantabile-Palabras-de-Luz-Coro-Galicia-Coruna-Musica-Galega-Poesia-Manuel-Rivas-Juan-Duran-Buide-Lucia-Cernadas-Colon-Galego-Dores-Tembras-Antia-Otero-Pallares024.jpg 1500w\" sizes=\"(max-width: 1024px) 100vw, 1024px\" \/><\/figure><\/li><li class=\"blocks-gallery-item\"><figure><img loading=\"lazy\" width=\"1024\" height=\"683\" src=\"https:\/\/corocantabile.gal\/wp-content\/uploads\/2021\/09\/Cantabile-Palabras-de-Luz-Coro-Galicia-Coruna-Musica-Galega-Poesia-Manuel-Rivas-Juan-Duran-Buide-Lucia-Cernadas-Traballo-Galego-Dores-Tembras-Antia-Otero-Pallares016-1024x683.jpg\" alt=\"\" data-id=\"481\" data-full-url=\"https:\/\/corocantabile.gal\/wp-content\/uploads\/2021\/09\/Cantabile-Palabras-de-Luz-Coro-Galicia-Coruna-Musica-Galega-Poesia-Manuel-Rivas-Juan-Duran-Buide-Lucia-Cernadas-Traballo-Galego-Dores-Tembras-Antia-Otero-Pallares016.jpg\" data-link=\"https:\/\/corocantabile.gal\/presentacion-de-palabras-de-luz-galeria-de-imaxes\/cantabile-palabras-de-luz-coro-galicia-coruna-musica-galega-poesia-manuel-rivas-juan-duran-buide-lucia-cernadas-traballo-galego-dores-tembras-antia-otero-pallares016\/\" class=\"wp-image-481\" srcset=\"https:\/\/corocantabile.gal\/wp-content\/uploads\/2021\/09\/Cantabile-Palabras-de-Luz-Coro-Galicia-Coruna-Musica-Galega-Poesia-Manuel-Rivas-Juan-Duran-Buide-Lucia-Cernadas-Traballo-Galego-Dores-Tembras-Antia-Otero-Pallares016-1024x683.jpg 1024w, https:\/\/corocantabile.gal\/wp-content\/uploads\/2021\/09\/Cantabile-Palabras-de-Luz-Coro-Galicia-Coruna-Musica-Galega-Poesia-Manuel-Rivas-Juan-Duran-Buide-Lucia-Cernadas-Traballo-Galego-Dores-Tembras-Antia-Otero-Pallares016-300x200.jpg 300w, https:\/\/corocantabile.gal\/wp-content\/uploads\/2021\/09\/Cantabile-Palabras-de-Luz-Coro-Galicia-Coruna-Musica-Galega-Poesia-Manuel-Rivas-Juan-Duran-Buide-Lucia-Cernadas-Traballo-Galego-Dores-Tembras-Antia-Otero-Pallares016-768x512.jpg 768w, https:\/\/corocantabile.gal\/wp-content\/uploads\/2021\/09\/Cantabile-Palabras-de-Luz-Coro-Galicia-Coruna-Musica-Galega-Poesia-Manuel-Rivas-Juan-Duran-Buide-Lucia-Cernadas-Traballo-Galego-Dores-Tembras-Antia-Otero-Pallares016-960x640.jpg 960w, https:\/\/corocantabile.gal\/wp-content\/uploads\/2021\/09\/Cantabile-Palabras-de-Luz-Coro-Galicia-Coruna-Musica-Galega-Poesia-Manuel-Rivas-Juan-Duran-Buide-Lucia-Cernadas-Traballo-Galego-Dores-Tembras-Antia-Otero-Pallares016-615x410.jpg 615w, https:\/\/corocantabile.gal\/wp-content\/uploads\/2021\/09\/Cantabile-Palabras-de-Luz-Coro-Galicia-Coruna-Musica-Galega-Poesia-Manuel-Rivas-Juan-Duran-Buide-Lucia-Cernadas-Traballo-Galego-Dores-Tembras-Antia-Otero-Pallares016-1290x860.jpg 1290w, https:\/\/corocantabile.gal\/wp-content\/uploads\/2021\/09\/Cantabile-Palabras-de-Luz-Coro-Galicia-Coruna-Musica-Galega-Poesia-Manuel-Rivas-Juan-Duran-Buide-Lucia-Cernadas-Traballo-Galego-Dores-Tembras-Antia-Otero-Pallares016-690x460.jpg 690w, https:\/\/corocantabile.gal\/wp-content\/uploads\/2021\/09\/Cantabile-Palabras-de-Luz-Coro-Galicia-Coruna-Musica-Galega-Poesia-Manuel-Rivas-Juan-Duran-Buide-Lucia-Cernadas-Traballo-Galego-Dores-Tembras-Antia-Otero-Pallares016.jpg 1500w\" sizes=\"(max-width: 1024px) 100vw, 1024px\" \/><\/figure><\/li><li class=\"blocks-gallery-item\"><figure><img loading=\"lazy\" width=\"1024\" height=\"683\" src=\"https:\/\/corocantabile.gal\/wp-content\/uploads\/2021\/09\/Cantabile-Palabras-de-Luz-Coro-Galicia-Coruna-Musica-Galega-Poesia-Manuel-Rivas-Juan-Duran-Buide-Lucia-Cernadas-Colon-Galego-Dores-Tembras-Antia-Otero-Pallares029-1024x683.jpg\" alt=\"\" data-id=\"482\" data-full-url=\"https:\/\/corocantabile.gal\/wp-content\/uploads\/2021\/09\/Cantabile-Palabras-de-Luz-Coro-Galicia-Coruna-Musica-Galega-Poesia-Manuel-Rivas-Juan-Duran-Buide-Lucia-Cernadas-Colon-Galego-Dores-Tembras-Antia-Otero-Pallares029.jpg\" data-link=\"https:\/\/corocantabile.gal\/presentacion-de-palabras-de-luz-galeria-de-imaxes\/cantabile-palabras-de-luz-coro-galicia-coruna-musica-galega-poesia-manuel-rivas-juan-duran-buide-lucia-cernadas-colon-galego-dores-tembras-antia-otero-pallares029\/\" class=\"wp-image-482\" srcset=\"https:\/\/corocantabile.gal\/wp-content\/uploads\/2021\/09\/Cantabile-Palabras-de-Luz-Coro-Galicia-Coruna-Musica-Galega-Poesia-Manuel-Rivas-Juan-Duran-Buide-Lucia-Cernadas-Colon-Galego-Dores-Tembras-Antia-Otero-Pallares029-1024x683.jpg 1024w, https:\/\/corocantabile.gal\/wp-content\/uploads\/2021\/09\/Cantabile-Palabras-de-Luz-Coro-Galicia-Coruna-Musica-Galega-Poesia-Manuel-Rivas-Juan-Duran-Buide-Lucia-Cernadas-Colon-Galego-Dores-Tembras-Antia-Otero-Pallares029-300x200.jpg 300w, https:\/\/corocantabile.gal\/wp-content\/uploads\/2021\/09\/Cantabile-Palabras-de-Luz-Coro-Galicia-Coruna-Musica-Galega-Poesia-Manuel-Rivas-Juan-Duran-Buide-Lucia-Cernadas-Colon-Galego-Dores-Tembras-Antia-Otero-Pallares029-768x512.jpg 768w, https:\/\/corocantabile.gal\/wp-content\/uploads\/2021\/09\/Cantabile-Palabras-de-Luz-Coro-Galicia-Coruna-Musica-Galega-Poesia-Manuel-Rivas-Juan-Duran-Buide-Lucia-Cernadas-Colon-Galego-Dores-Tembras-Antia-Otero-Pallares029-960x640.jpg 960w, https:\/\/corocantabile.gal\/wp-content\/uploads\/2021\/09\/Cantabile-Palabras-de-Luz-Coro-Galicia-Coruna-Musica-Galega-Poesia-Manuel-Rivas-Juan-Duran-Buide-Lucia-Cernadas-Colon-Galego-Dores-Tembras-Antia-Otero-Pallares029-615x410.jpg 615w, https:\/\/corocantabile.gal\/wp-content\/uploads\/2021\/09\/Cantabile-Palabras-de-Luz-Coro-Galicia-Coruna-Musica-Galega-Poesia-Manuel-Rivas-Juan-Duran-Buide-Lucia-Cernadas-Colon-Galego-Dores-Tembras-Antia-Otero-Pallares029-1290x860.jpg 1290w, https:\/\/corocantabile.gal\/wp-content\/uploads\/2021\/09\/Cantabile-Palabras-de-Luz-Coro-Galicia-Coruna-Musica-Galega-Poesia-Manuel-Rivas-Juan-Duran-Buide-Lucia-Cernadas-Colon-Galego-Dores-Tembras-Antia-Otero-Pallares029-690x460.jpg 690w, https:\/\/corocantabile.gal\/wp-content\/uploads\/2021\/09\/Cantabile-Palabras-de-Luz-Coro-Galicia-Coruna-Musica-Galega-Poesia-Manuel-Rivas-Juan-Duran-Buide-Lucia-Cernadas-Colon-Galego-Dores-Tembras-Antia-Otero-Pallares029.jpg 1500w\" sizes=\"(max-width: 1024px) 100vw, 1024px\" \/><\/figure><\/li><li class=\"blocks-gallery-item\"><figure><img loading=\"lazy\" width=\"1024\" height=\"683\" src=\"https:\/\/corocantabile.gal\/wp-content\/uploads\/2021\/09\/Cantabile-Palabras-de-Luz-Coro-Galicia-Coruna-Musica-Galega-Poesia-Manuel-Rivas-Juan-Duran-Buide-Lucia-Cernadas-Colon-Galego-Dores-Tembras-Antia-Otero-Pallares027-1024x683.jpg\" alt=\"\" data-id=\"483\" data-full-url=\"https:\/\/corocantabile.gal\/wp-content\/uploads\/2021\/09\/Cantabile-Palabras-de-Luz-Coro-Galicia-Coruna-Musica-Galega-Poesia-Manuel-Rivas-Juan-Duran-Buide-Lucia-Cernadas-Colon-Galego-Dores-Tembras-Antia-Otero-Pallares027.jpg\" data-link=\"https:\/\/corocantabile.gal\/presentacion-de-palabras-de-luz-galeria-de-imaxes\/cantabile-palabras-de-luz-coro-galicia-coruna-musica-galega-poesia-manuel-rivas-juan-duran-buide-lucia-cernadas-colon-galego-dores-tembras-antia-otero-pallares027\/\" class=\"wp-image-483\" srcset=\"https:\/\/corocantabile.gal\/wp-content\/uploads\/2021\/09\/Cantabile-Palabras-de-Luz-Coro-Galicia-Coruna-Musica-Galega-Poesia-Manuel-Rivas-Juan-Duran-Buide-Lucia-Cernadas-Colon-Galego-Dores-Tembras-Antia-Otero-Pallares027-1024x683.jpg 1024w, https:\/\/corocantabile.gal\/wp-content\/uploads\/2021\/09\/Cantabile-Palabras-de-Luz-Coro-Galicia-Coruna-Musica-Galega-Poesia-Manuel-Rivas-Juan-Duran-Buide-Lucia-Cernadas-Colon-Galego-Dores-Tembras-Antia-Otero-Pallares027-300x200.jpg 300w, https:\/\/corocantabile.gal\/wp-content\/uploads\/2021\/09\/Cantabile-Palabras-de-Luz-Coro-Galicia-Coruna-Musica-Galega-Poesia-Manuel-Rivas-Juan-Duran-Buide-Lucia-Cernadas-Colon-Galego-Dores-Tembras-Antia-Otero-Pallares027-768x512.jpg 768w, https:\/\/corocantabile.gal\/wp-content\/uploads\/2021\/09\/Cantabile-Palabras-de-Luz-Coro-Galicia-Coruna-Musica-Galega-Poesia-Manuel-Rivas-Juan-Duran-Buide-Lucia-Cernadas-Colon-Galego-Dores-Tembras-Antia-Otero-Pallares027-960x640.jpg 960w, https:\/\/corocantabile.gal\/wp-content\/uploads\/2021\/09\/Cantabile-Palabras-de-Luz-Coro-Galicia-Coruna-Musica-Galega-Poesia-Manuel-Rivas-Juan-Duran-Buide-Lucia-Cernadas-Colon-Galego-Dores-Tembras-Antia-Otero-Pallares027-615x410.jpg 615w, https:\/\/corocantabile.gal\/wp-content\/uploads\/2021\/09\/Cantabile-Palabras-de-Luz-Coro-Galicia-Coruna-Musica-Galega-Poesia-Manuel-Rivas-Juan-Duran-Buide-Lucia-Cernadas-Colon-Galego-Dores-Tembras-Antia-Otero-Pallares027-1290x860.jpg 1290w, https:\/\/corocantabile.gal\/wp-content\/uploads\/2021\/09\/Cantabile-Palabras-de-Luz-Coro-Galicia-Coruna-Musica-Galega-Poesia-Manuel-Rivas-Juan-Duran-Buide-Lucia-Cernadas-Colon-Galego-Dores-Tembras-Antia-Otero-Pallares027-690x460.jpg 690w, https:\/\/corocantabile.gal\/wp-content\/uploads\/2021\/09\/Cantabile-Palabras-de-Luz-Coro-Galicia-Coruna-Musica-Galega-Poesia-Manuel-Rivas-Juan-Duran-Buide-Lucia-Cernadas-Colon-Galego-Dores-Tembras-Antia-Otero-Pallares027.jpg 1500w\" sizes=\"(max-width: 1024px) 100vw, 1024px\" \/><\/figure><\/li><li class=\"blocks-gallery-item\"><figure><img loading=\"lazy\" width=\"1024\" height=\"683\" src=\"https:\/\/corocantabile.gal\/wp-content\/uploads\/2021\/09\/Cantabile-Palabras-de-Luz-Coro-Galicia-Coruna-Musica-Galega-Poesia-Manuel-Rivas-Juan-Duran-Fernando-Buide-Lucia-Cernadas-Traballo-Galego-Dores-Tembras-Antia-Otero-Pallares001-1024x683.jpg\" alt=\"\" data-id=\"484\" data-full-url=\"https:\/\/corocantabile.gal\/wp-content\/uploads\/2021\/09\/Cantabile-Palabras-de-Luz-Coro-Galicia-Coruna-Musica-Galega-Poesia-Manuel-Rivas-Juan-Duran-Fernando-Buide-Lucia-Cernadas-Traballo-Galego-Dores-Tembras-Antia-Otero-Pallares001.jpg\" data-link=\"https:\/\/corocantabile.gal\/presentacion-de-palabras-de-luz-galeria-de-imaxes\/cantabile-palabras-de-luz-coro-galicia-coruna-musica-galega-poesia-manuel-rivas-juan-duran-fernando-buide-lucia-cernadas-traballo-galego-dores-tembras-antia-otero-pallares001\/\" class=\"wp-image-484\" srcset=\"https:\/\/corocantabile.gal\/wp-content\/uploads\/2021\/09\/Cantabile-Palabras-de-Luz-Coro-Galicia-Coruna-Musica-Galega-Poesia-Manuel-Rivas-Juan-Duran-Fernando-Buide-Lucia-Cernadas-Traballo-Galego-Dores-Tembras-Antia-Otero-Pallares001-1024x683.jpg 1024w, https:\/\/corocantabile.gal\/wp-content\/uploads\/2021\/09\/Cantabile-Palabras-de-Luz-Coro-Galicia-Coruna-Musica-Galega-Poesia-Manuel-Rivas-Juan-Duran-Fernando-Buide-Lucia-Cernadas-Traballo-Galego-Dores-Tembras-Antia-Otero-Pallares001-300x200.jpg 300w, https:\/\/corocantabile.gal\/wp-content\/uploads\/2021\/09\/Cantabile-Palabras-de-Luz-Coro-Galicia-Coruna-Musica-Galega-Poesia-Manuel-Rivas-Juan-Duran-Fernando-Buide-Lucia-Cernadas-Traballo-Galego-Dores-Tembras-Antia-Otero-Pallares001-768x512.jpg 768w, https:\/\/corocantabile.gal\/wp-content\/uploads\/2021\/09\/Cantabile-Palabras-de-Luz-Coro-Galicia-Coruna-Musica-Galega-Poesia-Manuel-Rivas-Juan-Duran-Fernando-Buide-Lucia-Cernadas-Traballo-Galego-Dores-Tembras-Antia-Otero-Pallares001-960x640.jpg 960w, https:\/\/corocantabile.gal\/wp-content\/uploads\/2021\/09\/Cantabile-Palabras-de-Luz-Coro-Galicia-Coruna-Musica-Galega-Poesia-Manuel-Rivas-Juan-Duran-Fernando-Buide-Lucia-Cernadas-Traballo-Galego-Dores-Tembras-Antia-Otero-Pallares001-615x410.jpg 615w, https:\/\/corocantabile.gal\/wp-content\/uploads\/2021\/09\/Cantabile-Palabras-de-Luz-Coro-Galicia-Coruna-Musica-Galega-Poesia-Manuel-Rivas-Juan-Duran-Fernando-Buide-Lucia-Cernadas-Traballo-Galego-Dores-Tembras-Antia-Otero-Pallares001-1290x860.jpg 1290w, https:\/\/corocantabile.gal\/wp-content\/uploads\/2021\/09\/Cantabile-Palabras-de-Luz-Coro-Galicia-Coruna-Musica-Galega-Poesia-Manuel-Rivas-Juan-Duran-Fernando-Buide-Lucia-Cernadas-Traballo-Galego-Dores-Tembras-Antia-Otero-Pallares001-690x460.jpg 690w, https:\/\/corocantabile.gal\/wp-content\/uploads\/2021\/09\/Cantabile-Palabras-de-Luz-Coro-Galicia-Coruna-Musica-Galega-Poesia-Manuel-Rivas-Juan-Duran-Fernando-Buide-Lucia-Cernadas-Traballo-Galego-Dores-Tembras-Antia-Otero-Pallares001.jpg 1500w\" sizes=\"(max-width: 1024px) 100vw, 1024px\" \/><\/figure><\/li><li class=\"blocks-gallery-item\"><figure><img loading=\"lazy\" width=\"1024\" height=\"683\" src=\"https:\/\/corocantabile.gal\/wp-content\/uploads\/2021\/09\/Cantabile-Palabras-de-Luz-Coro-Galicia-Coruna-Musica-Galega-Poesia-Jesus-Rodil-Carlos-Negro-Estibaliz-Espinosa-Eva-Veiga-Maria-Lado-Mosquera091-1024x683.jpg\" alt=\"\" data-id=\"485\" data-full-url=\"https:\/\/corocantabile.gal\/wp-content\/uploads\/2021\/09\/Cantabile-Palabras-de-Luz-Coro-Galicia-Coruna-Musica-Galega-Poesia-Jesus-Rodil-Carlos-Negro-Estibaliz-Espinosa-Eva-Veiga-Maria-Lado-Mosquera091.jpg\" data-link=\"https:\/\/corocantabile.gal\/presentacion-de-palabras-de-luz-galeria-de-imaxes\/cantabile-palabras-de-luz-coro-galicia-coruna-musica-galega-poesia-jesus-rodil-carlos-negro-estibaliz-espinosa-eva-veiga-maria-lado-mosquera091\/\" class=\"wp-image-485\" srcset=\"https:\/\/corocantabile.gal\/wp-content\/uploads\/2021\/09\/Cantabile-Palabras-de-Luz-Coro-Galicia-Coruna-Musica-Galega-Poesia-Jesus-Rodil-Carlos-Negro-Estibaliz-Espinosa-Eva-Veiga-Maria-Lado-Mosquera091-1024x683.jpg 1024w, https:\/\/corocantabile.gal\/wp-content\/uploads\/2021\/09\/Cantabile-Palabras-de-Luz-Coro-Galicia-Coruna-Musica-Galega-Poesia-Jesus-Rodil-Carlos-Negro-Estibaliz-Espinosa-Eva-Veiga-Maria-Lado-Mosquera091-300x200.jpg 300w, https:\/\/corocantabile.gal\/wp-content\/uploads\/2021\/09\/Cantabile-Palabras-de-Luz-Coro-Galicia-Coruna-Musica-Galega-Poesia-Jesus-Rodil-Carlos-Negro-Estibaliz-Espinosa-Eva-Veiga-Maria-Lado-Mosquera091-768x512.jpg 768w, https:\/\/corocantabile.gal\/wp-content\/uploads\/2021\/09\/Cantabile-Palabras-de-Luz-Coro-Galicia-Coruna-Musica-Galega-Poesia-Jesus-Rodil-Carlos-Negro-Estibaliz-Espinosa-Eva-Veiga-Maria-Lado-Mosquera091-960x640.jpg 960w, https:\/\/corocantabile.gal\/wp-content\/uploads\/2021\/09\/Cantabile-Palabras-de-Luz-Coro-Galicia-Coruna-Musica-Galega-Poesia-Jesus-Rodil-Carlos-Negro-Estibaliz-Espinosa-Eva-Veiga-Maria-Lado-Mosquera091-615x410.jpg 615w, https:\/\/corocantabile.gal\/wp-content\/uploads\/2021\/09\/Cantabile-Palabras-de-Luz-Coro-Galicia-Coruna-Musica-Galega-Poesia-Jesus-Rodil-Carlos-Negro-Estibaliz-Espinosa-Eva-Veiga-Maria-Lado-Mosquera091-1290x860.jpg 1290w, https:\/\/corocantabile.gal\/wp-content\/uploads\/2021\/09\/Cantabile-Palabras-de-Luz-Coro-Galicia-Coruna-Musica-Galega-Poesia-Jesus-Rodil-Carlos-Negro-Estibaliz-Espinosa-Eva-Veiga-Maria-Lado-Mosquera091-690x460.jpg 690w, https:\/\/corocantabile.gal\/wp-content\/uploads\/2021\/09\/Cantabile-Palabras-de-Luz-Coro-Galicia-Coruna-Musica-Galega-Poesia-Jesus-Rodil-Carlos-Negro-Estibaliz-Espinosa-Eva-Veiga-Maria-Lado-Mosquera091.jpg 1500w\" sizes=\"(max-width: 1024px) 100vw, 1024px\" \/><\/figure><\/li><li class=\"blocks-gallery-item\"><figure><img loading=\"lazy\" width=\"1024\" height=\"683\" src=\"https:\/\/corocantabile.gal\/wp-content\/uploads\/2021\/09\/Cantabile-Palabras-de-Luz-Coro-Galicia-Coruna-Musica-Galega-Poesia-Jesus-Rodil-Carlos-Negro-Estibaliz-Espinosa-Eva-Veiga-Maria-Lado-Mosquera081-1024x683.jpg\" alt=\"\" data-id=\"486\" data-full-url=\"https:\/\/corocantabile.gal\/wp-content\/uploads\/2021\/09\/Cantabile-Palabras-de-Luz-Coro-Galicia-Coruna-Musica-Galega-Poesia-Jesus-Rodil-Carlos-Negro-Estibaliz-Espinosa-Eva-Veiga-Maria-Lado-Mosquera081.jpg\" data-link=\"https:\/\/corocantabile.gal\/presentacion-de-palabras-de-luz-galeria-de-imaxes\/cantabile-palabras-de-luz-coro-galicia-coruna-musica-galega-poesia-jesus-rodil-carlos-negro-estibaliz-espinosa-eva-veiga-maria-lado-mosquera081\/\" class=\"wp-image-486\" srcset=\"https:\/\/corocantabile.gal\/wp-content\/uploads\/2021\/09\/Cantabile-Palabras-de-Luz-Coro-Galicia-Coruna-Musica-Galega-Poesia-Jesus-Rodil-Carlos-Negro-Estibaliz-Espinosa-Eva-Veiga-Maria-Lado-Mosquera081-1024x683.jpg 1024w, https:\/\/corocantabile.gal\/wp-content\/uploads\/2021\/09\/Cantabile-Palabras-de-Luz-Coro-Galicia-Coruna-Musica-Galega-Poesia-Jesus-Rodil-Carlos-Negro-Estibaliz-Espinosa-Eva-Veiga-Maria-Lado-Mosquera081-300x200.jpg 300w, https:\/\/corocantabile.gal\/wp-content\/uploads\/2021\/09\/Cantabile-Palabras-de-Luz-Coro-Galicia-Coruna-Musica-Galega-Poesia-Jesus-Rodil-Carlos-Negro-Estibaliz-Espinosa-Eva-Veiga-Maria-Lado-Mosquera081-768x512.jpg 768w, https:\/\/corocantabile.gal\/wp-content\/uploads\/2021\/09\/Cantabile-Palabras-de-Luz-Coro-Galicia-Coruna-Musica-Galega-Poesia-Jesus-Rodil-Carlos-Negro-Estibaliz-Espinosa-Eva-Veiga-Maria-Lado-Mosquera081-960x640.jpg 960w, https:\/\/corocantabile.gal\/wp-content\/uploads\/2021\/09\/Cantabile-Palabras-de-Luz-Coro-Galicia-Coruna-Musica-Galega-Poesia-Jesus-Rodil-Carlos-Negro-Estibaliz-Espinosa-Eva-Veiga-Maria-Lado-Mosquera081-615x410.jpg 615w, https:\/\/corocantabile.gal\/wp-content\/uploads\/2021\/09\/Cantabile-Palabras-de-Luz-Coro-Galicia-Coruna-Musica-Galega-Poesia-Jesus-Rodil-Carlos-Negro-Estibaliz-Espinosa-Eva-Veiga-Maria-Lado-Mosquera081-1290x860.jpg 1290w, https:\/\/corocantabile.gal\/wp-content\/uploads\/2021\/09\/Cantabile-Palabras-de-Luz-Coro-Galicia-Coruna-Musica-Galega-Poesia-Jesus-Rodil-Carlos-Negro-Estibaliz-Espinosa-Eva-Veiga-Maria-Lado-Mosquera081-690x460.jpg 690w, https:\/\/corocantabile.gal\/wp-content\/uploads\/2021\/09\/Cantabile-Palabras-de-Luz-Coro-Galicia-Coruna-Musica-Galega-Poesia-Jesus-Rodil-Carlos-Negro-Estibaliz-Espinosa-Eva-Veiga-Maria-Lado-Mosquera081.jpg 1500w\" sizes=\"(max-width: 1024px) 100vw, 1024px\" \/><\/figure><\/li><li class=\"blocks-gallery-item\"><figure><img loading=\"lazy\" width=\"1024\" height=\"683\" src=\"https:\/\/corocantabile.gal\/wp-content\/uploads\/2021\/09\/Cantabile-Palabras-de-Luz-Coro-Galicia-Coruna-Musica-Galega-Poesia-Jesus-Rodil-Carlos-Negro-Estibaliz-Espinosa-Eva-Veiga-Maria-Lado-Mosquera086-1024x683.jpg\" alt=\"\" data-id=\"487\" data-full-url=\"https:\/\/corocantabile.gal\/wp-content\/uploads\/2021\/09\/Cantabile-Palabras-de-Luz-Coro-Galicia-Coruna-Musica-Galega-Poesia-Jesus-Rodil-Carlos-Negro-Estibaliz-Espinosa-Eva-Veiga-Maria-Lado-Mosquera086.jpg\" data-link=\"https:\/\/corocantabile.gal\/presentacion-de-palabras-de-luz-galeria-de-imaxes\/cantabile-palabras-de-luz-coro-galicia-coruna-musica-galega-poesia-jesus-rodil-carlos-negro-estibaliz-espinosa-eva-veiga-maria-lado-mosquera086\/\" class=\"wp-image-487\" srcset=\"https:\/\/corocantabile.gal\/wp-content\/uploads\/2021\/09\/Cantabile-Palabras-de-Luz-Coro-Galicia-Coruna-Musica-Galega-Poesia-Jesus-Rodil-Carlos-Negro-Estibaliz-Espinosa-Eva-Veiga-Maria-Lado-Mosquera086-1024x683.jpg 1024w, https:\/\/corocantabile.gal\/wp-content\/uploads\/2021\/09\/Cantabile-Palabras-de-Luz-Coro-Galicia-Coruna-Musica-Galega-Poesia-Jesus-Rodil-Carlos-Negro-Estibaliz-Espinosa-Eva-Veiga-Maria-Lado-Mosquera086-300x200.jpg 300w, https:\/\/corocantabile.gal\/wp-content\/uploads\/2021\/09\/Cantabile-Palabras-de-Luz-Coro-Galicia-Coruna-Musica-Galega-Poesia-Jesus-Rodil-Carlos-Negro-Estibaliz-Espinosa-Eva-Veiga-Maria-Lado-Mosquera086-768x512.jpg 768w, https:\/\/corocantabile.gal\/wp-content\/uploads\/2021\/09\/Cantabile-Palabras-de-Luz-Coro-Galicia-Coruna-Musica-Galega-Poesia-Jesus-Rodil-Carlos-Negro-Estibaliz-Espinosa-Eva-Veiga-Maria-Lado-Mosquera086-960x640.jpg 960w, https:\/\/corocantabile.gal\/wp-content\/uploads\/2021\/09\/Cantabile-Palabras-de-Luz-Coro-Galicia-Coruna-Musica-Galega-Poesia-Jesus-Rodil-Carlos-Negro-Estibaliz-Espinosa-Eva-Veiga-Maria-Lado-Mosquera086-615x410.jpg 615w, https:\/\/corocantabile.gal\/wp-content\/uploads\/2021\/09\/Cantabile-Palabras-de-Luz-Coro-Galicia-Coruna-Musica-Galega-Poesia-Jesus-Rodil-Carlos-Negro-Estibaliz-Espinosa-Eva-Veiga-Maria-Lado-Mosquera086-1290x860.jpg 1290w, https:\/\/corocantabile.gal\/wp-content\/uploads\/2021\/09\/Cantabile-Palabras-de-Luz-Coro-Galicia-Coruna-Musica-Galega-Poesia-Jesus-Rodil-Carlos-Negro-Estibaliz-Espinosa-Eva-Veiga-Maria-Lado-Mosquera086-690x460.jpg 690w, https:\/\/corocantabile.gal\/wp-content\/uploads\/2021\/09\/Cantabile-Palabras-de-Luz-Coro-Galicia-Coruna-Musica-Galega-Poesia-Jesus-Rodil-Carlos-Negro-Estibaliz-Espinosa-Eva-Veiga-Maria-Lado-Mosquera086.jpg 1500w\" sizes=\"(max-width: 1024px) 100vw, 1024px\" \/><\/figure><\/li><li class=\"blocks-gallery-item\"><figure><img loading=\"lazy\" width=\"1024\" height=\"683\" src=\"https:\/\/corocantabile.gal\/wp-content\/uploads\/2021\/09\/Cantabile-Palabras-de-Luz-Coro-Galicia-Coruna-Musica-Galega-Poesia-Manuel-Rivas-Juan-Duran-Buide-Lucia-Cernadas-Colon-Galego-Dores-Tembras-Antia-Otero-Pallares020-1024x683.jpg\" alt=\"\" data-id=\"488\" data-full-url=\"https:\/\/corocantabile.gal\/wp-content\/uploads\/2021\/09\/Cantabile-Palabras-de-Luz-Coro-Galicia-Coruna-Musica-Galega-Poesia-Manuel-Rivas-Juan-Duran-Buide-Lucia-Cernadas-Colon-Galego-Dores-Tembras-Antia-Otero-Pallares020.jpg\" data-link=\"https:\/\/corocantabile.gal\/presentacion-de-palabras-de-luz-galeria-de-imaxes\/cantabile-palabras-de-luz-coro-galicia-coruna-musica-galega-poesia-manuel-rivas-juan-duran-buide-lucia-cernadas-colon-galego-dores-tembras-antia-otero-pallares020\/\" class=\"wp-image-488\" srcset=\"https:\/\/corocantabile.gal\/wp-content\/uploads\/2021\/09\/Cantabile-Palabras-de-Luz-Coro-Galicia-Coruna-Musica-Galega-Poesia-Manuel-Rivas-Juan-Duran-Buide-Lucia-Cernadas-Colon-Galego-Dores-Tembras-Antia-Otero-Pallares020-1024x683.jpg 1024w, https:\/\/corocantabile.gal\/wp-content\/uploads\/2021\/09\/Cantabile-Palabras-de-Luz-Coro-Galicia-Coruna-Musica-Galega-Poesia-Manuel-Rivas-Juan-Duran-Buide-Lucia-Cernadas-Colon-Galego-Dores-Tembras-Antia-Otero-Pallares020-300x200.jpg 300w, https:\/\/corocantabile.gal\/wp-content\/uploads\/2021\/09\/Cantabile-Palabras-de-Luz-Coro-Galicia-Coruna-Musica-Galega-Poesia-Manuel-Rivas-Juan-Duran-Buide-Lucia-Cernadas-Colon-Galego-Dores-Tembras-Antia-Otero-Pallares020-768x512.jpg 768w, https:\/\/corocantabile.gal\/wp-content\/uploads\/2021\/09\/Cantabile-Palabras-de-Luz-Coro-Galicia-Coruna-Musica-Galega-Poesia-Manuel-Rivas-Juan-Duran-Buide-Lucia-Cernadas-Colon-Galego-Dores-Tembras-Antia-Otero-Pallares020-960x640.jpg 960w, https:\/\/corocantabile.gal\/wp-content\/uploads\/2021\/09\/Cantabile-Palabras-de-Luz-Coro-Galicia-Coruna-Musica-Galega-Poesia-Manuel-Rivas-Juan-Duran-Buide-Lucia-Cernadas-Colon-Galego-Dores-Tembras-Antia-Otero-Pallares020-615x410.jpg 615w, https:\/\/corocantabile.gal\/wp-content\/uploads\/2021\/09\/Cantabile-Palabras-de-Luz-Coro-Galicia-Coruna-Musica-Galega-Poesia-Manuel-Rivas-Juan-Duran-Buide-Lucia-Cernadas-Colon-Galego-Dores-Tembras-Antia-Otero-Pallares020-1290x860.jpg 1290w, https:\/\/corocantabile.gal\/wp-content\/uploads\/2021\/09\/Cantabile-Palabras-de-Luz-Coro-Galicia-Coruna-Musica-Galega-Poesia-Manuel-Rivas-Juan-Duran-Buide-Lucia-Cernadas-Colon-Galego-Dores-Tembras-Antia-Otero-Pallares020-690x460.jpg 690w, https:\/\/corocantabile.gal\/wp-content\/uploads\/2021\/09\/Cantabile-Palabras-de-Luz-Coro-Galicia-Coruna-Musica-Galega-Poesia-Manuel-Rivas-Juan-Duran-Buide-Lucia-Cernadas-Colon-Galego-Dores-Tembras-Antia-Otero-Pallares020.jpg 1500w\" sizes=\"(max-width: 1024px) 100vw, 1024px\" \/><\/figure><\/li><li class=\"blocks-gallery-item\"><figure><img loading=\"lazy\" width=\"1024\" height=\"683\" src=\"https:\/\/corocantabile.gal\/wp-content\/uploads\/2021\/09\/Cantabile-Palabras-de-Luz-Coro-Galicia-Coruna-Musica-Galega-Poesia-Jesus-Rodil-Carlos-Negro-Estibaliz-Espinosa-Eva-Veiga-Maria-Lado-Mosquera080-1024x683.jpg\" alt=\"\" data-id=\"489\" data-full-url=\"https:\/\/corocantabile.gal\/wp-content\/uploads\/2021\/09\/Cantabile-Palabras-de-Luz-Coro-Galicia-Coruna-Musica-Galega-Poesia-Jesus-Rodil-Carlos-Negro-Estibaliz-Espinosa-Eva-Veiga-Maria-Lado-Mosquera080.jpg\" data-link=\"https:\/\/corocantabile.gal\/presentacion-de-palabras-de-luz-galeria-de-imaxes\/cantabile-palabras-de-luz-coro-galicia-coruna-musica-galega-poesia-jesus-rodil-carlos-negro-estibaliz-espinosa-eva-veiga-maria-lado-mosquera080\/\" class=\"wp-image-489\" srcset=\"https:\/\/corocantabile.gal\/wp-content\/uploads\/2021\/09\/Cantabile-Palabras-de-Luz-Coro-Galicia-Coruna-Musica-Galega-Poesia-Jesus-Rodil-Carlos-Negro-Estibaliz-Espinosa-Eva-Veiga-Maria-Lado-Mosquera080-1024x683.jpg 1024w, https:\/\/corocantabile.gal\/wp-content\/uploads\/2021\/09\/Cantabile-Palabras-de-Luz-Coro-Galicia-Coruna-Musica-Galega-Poesia-Jesus-Rodil-Carlos-Negro-Estibaliz-Espinosa-Eva-Veiga-Maria-Lado-Mosquera080-300x200.jpg 300w, https:\/\/corocantabile.gal\/wp-content\/uploads\/2021\/09\/Cantabile-Palabras-de-Luz-Coro-Galicia-Coruna-Musica-Galega-Poesia-Jesus-Rodil-Carlos-Negro-Estibaliz-Espinosa-Eva-Veiga-Maria-Lado-Mosquera080-768x512.jpg 768w, https:\/\/corocantabile.gal\/wp-content\/uploads\/2021\/09\/Cantabile-Palabras-de-Luz-Coro-Galicia-Coruna-Musica-Galega-Poesia-Jesus-Rodil-Carlos-Negro-Estibaliz-Espinosa-Eva-Veiga-Maria-Lado-Mosquera080-960x640.jpg 960w, https:\/\/corocantabile.gal\/wp-content\/uploads\/2021\/09\/Cantabile-Palabras-de-Luz-Coro-Galicia-Coruna-Musica-Galega-Poesia-Jesus-Rodil-Carlos-Negro-Estibaliz-Espinosa-Eva-Veiga-Maria-Lado-Mosquera080-615x410.jpg 615w, https:\/\/corocantabile.gal\/wp-content\/uploads\/2021\/09\/Cantabile-Palabras-de-Luz-Coro-Galicia-Coruna-Musica-Galega-Poesia-Jesus-Rodil-Carlos-Negro-Estibaliz-Espinosa-Eva-Veiga-Maria-Lado-Mosquera080-1290x860.jpg 1290w, https:\/\/corocantabile.gal\/wp-content\/uploads\/2021\/09\/Cantabile-Palabras-de-Luz-Coro-Galicia-Coruna-Musica-Galega-Poesia-Jesus-Rodil-Carlos-Negro-Estibaliz-Espinosa-Eva-Veiga-Maria-Lado-Mosquera080-690x460.jpg 690w, https:\/\/corocantabile.gal\/wp-content\/uploads\/2021\/09\/Cantabile-Palabras-de-Luz-Coro-Galicia-Coruna-Musica-Galega-Poesia-Jesus-Rodil-Carlos-Negro-Estibaliz-Espinosa-Eva-Veiga-Maria-Lado-Mosquera080.jpg 1500w\" sizes=\"(max-width: 1024px) 100vw, 1024px\" \/><\/figure><\/li><li class=\"blocks-gallery-item\"><figure><img loading=\"lazy\" width=\"1024\" height=\"683\" src=\"https:\/\/corocantabile.gal\/wp-content\/uploads\/2021\/09\/Cantabile-Palabras-de-Luz-Coro-Galicia-Coruna-Musica-Galega-Poesia-Jesus-Rodil-Carlos-Negro-Estibaliz-Espinosa-Eva-Veiga-Maria-Lado-Mosquera082-1024x683.jpg\" alt=\"\" data-id=\"490\" data-full-url=\"https:\/\/corocantabile.gal\/wp-content\/uploads\/2021\/09\/Cantabile-Palabras-de-Luz-Coro-Galicia-Coruna-Musica-Galega-Poesia-Jesus-Rodil-Carlos-Negro-Estibaliz-Espinosa-Eva-Veiga-Maria-Lado-Mosquera082.jpg\" data-link=\"https:\/\/corocantabile.gal\/presentacion-de-palabras-de-luz-galeria-de-imaxes\/cantabile-palabras-de-luz-coro-galicia-coruna-musica-galega-poesia-jesus-rodil-carlos-negro-estibaliz-espinosa-eva-veiga-maria-lado-mosquera082\/\" class=\"wp-image-490\" srcset=\"https:\/\/corocantabile.gal\/wp-content\/uploads\/2021\/09\/Cantabile-Palabras-de-Luz-Coro-Galicia-Coruna-Musica-Galega-Poesia-Jesus-Rodil-Carlos-Negro-Estibaliz-Espinosa-Eva-Veiga-Maria-Lado-Mosquera082-1024x683.jpg 1024w, https:\/\/corocantabile.gal\/wp-content\/uploads\/2021\/09\/Cantabile-Palabras-de-Luz-Coro-Galicia-Coruna-Musica-Galega-Poesia-Jesus-Rodil-Carlos-Negro-Estibaliz-Espinosa-Eva-Veiga-Maria-Lado-Mosquera082-300x200.jpg 300w, https:\/\/corocantabile.gal\/wp-content\/uploads\/2021\/09\/Cantabile-Palabras-de-Luz-Coro-Galicia-Coruna-Musica-Galega-Poesia-Jesus-Rodil-Carlos-Negro-Estibaliz-Espinosa-Eva-Veiga-Maria-Lado-Mosquera082-768x512.jpg 768w, https:\/\/corocantabile.gal\/wp-content\/uploads\/2021\/09\/Cantabile-Palabras-de-Luz-Coro-Galicia-Coruna-Musica-Galega-Poesia-Jesus-Rodil-Carlos-Negro-Estibaliz-Espinosa-Eva-Veiga-Maria-Lado-Mosquera082-960x640.jpg 960w, https:\/\/corocantabile.gal\/wp-content\/uploads\/2021\/09\/Cantabile-Palabras-de-Luz-Coro-Galicia-Coruna-Musica-Galega-Poesia-Jesus-Rodil-Carlos-Negro-Estibaliz-Espinosa-Eva-Veiga-Maria-Lado-Mosquera082-615x410.jpg 615w, https:\/\/corocantabile.gal\/wp-content\/uploads\/2021\/09\/Cantabile-Palabras-de-Luz-Coro-Galicia-Coruna-Musica-Galega-Poesia-Jesus-Rodil-Carlos-Negro-Estibaliz-Espinosa-Eva-Veiga-Maria-Lado-Mosquera082-1290x860.jpg 1290w, https:\/\/corocantabile.gal\/wp-content\/uploads\/2021\/09\/Cantabile-Palabras-de-Luz-Coro-Galicia-Coruna-Musica-Galega-Poesia-Jesus-Rodil-Carlos-Negro-Estibaliz-Espinosa-Eva-Veiga-Maria-Lado-Mosquera082-690x460.jpg 690w, https:\/\/corocantabile.gal\/wp-content\/uploads\/2021\/09\/Cantabile-Palabras-de-Luz-Coro-Galicia-Coruna-Musica-Galega-Poesia-Jesus-Rodil-Carlos-Negro-Estibaliz-Espinosa-Eva-Veiga-Maria-Lado-Mosquera082.jpg 1500w\" sizes=\"(max-width: 1024px) 100vw, 1024px\" \/><\/figure><\/li><li class=\"blocks-gallery-item\"><figure><img loading=\"lazy\" width=\"1024\" height=\"683\" src=\"https:\/\/corocantabile.gal\/wp-content\/uploads\/2021\/09\/Cantabile-Palabras-de-Luz-Coro-Galicia-Coruna-Musica-Galega-Poesia-Federico-Mosquera-Baldo-Ramos-Anxo-Angueira-Fernandez-Sanmartin064-1024x683.jpg\" alt=\"\" data-id=\"491\" data-full-url=\"https:\/\/corocantabile.gal\/wp-content\/uploads\/2021\/09\/Cantabile-Palabras-de-Luz-Coro-Galicia-Coruna-Musica-Galega-Poesia-Federico-Mosquera-Baldo-Ramos-Anxo-Angueira-Fernandez-Sanmartin064.jpg\" data-link=\"https:\/\/corocantabile.gal\/presentacion-de-palabras-de-luz-galeria-de-imaxes\/cantabile-palabras-de-luz-coro-galicia-coruna-musica-galega-poesia-federico-mosquera-baldo-ramos-anxo-angueira-fernandez-sanmartin064\/\" class=\"wp-image-491\" srcset=\"https:\/\/corocantabile.gal\/wp-content\/uploads\/2021\/09\/Cantabile-Palabras-de-Luz-Coro-Galicia-Coruna-Musica-Galega-Poesia-Federico-Mosquera-Baldo-Ramos-Anxo-Angueira-Fernandez-Sanmartin064-1024x683.jpg 1024w, https:\/\/corocantabile.gal\/wp-content\/uploads\/2021\/09\/Cantabile-Palabras-de-Luz-Coro-Galicia-Coruna-Musica-Galega-Poesia-Federico-Mosquera-Baldo-Ramos-Anxo-Angueira-Fernandez-Sanmartin064-300x200.jpg 300w, https:\/\/corocantabile.gal\/wp-content\/uploads\/2021\/09\/Cantabile-Palabras-de-Luz-Coro-Galicia-Coruna-Musica-Galega-Poesia-Federico-Mosquera-Baldo-Ramos-Anxo-Angueira-Fernandez-Sanmartin064-768x512.jpg 768w, https:\/\/corocantabile.gal\/wp-content\/uploads\/2021\/09\/Cantabile-Palabras-de-Luz-Coro-Galicia-Coruna-Musica-Galega-Poesia-Federico-Mosquera-Baldo-Ramos-Anxo-Angueira-Fernandez-Sanmartin064-960x640.jpg 960w, https:\/\/corocantabile.gal\/wp-content\/uploads\/2021\/09\/Cantabile-Palabras-de-Luz-Coro-Galicia-Coruna-Musica-Galega-Poesia-Federico-Mosquera-Baldo-Ramos-Anxo-Angueira-Fernandez-Sanmartin064-615x410.jpg 615w, https:\/\/corocantabile.gal\/wp-content\/uploads\/2021\/09\/Cantabile-Palabras-de-Luz-Coro-Galicia-Coruna-Musica-Galega-Poesia-Federico-Mosquera-Baldo-Ramos-Anxo-Angueira-Fernandez-Sanmartin064-1290x860.jpg 1290w, https:\/\/corocantabile.gal\/wp-content\/uploads\/2021\/09\/Cantabile-Palabras-de-Luz-Coro-Galicia-Coruna-Musica-Galega-Poesia-Federico-Mosquera-Baldo-Ramos-Anxo-Angueira-Fernandez-Sanmartin064-690x460.jpg 690w, https:\/\/corocantabile.gal\/wp-content\/uploads\/2021\/09\/Cantabile-Palabras-de-Luz-Coro-Galicia-Coruna-Musica-Galega-Poesia-Federico-Mosquera-Baldo-Ramos-Anxo-Angueira-Fernandez-Sanmartin064.jpg 1500w\" sizes=\"(max-width: 1024px) 100vw, 1024px\" \/><\/figure><\/li><li class=\"blocks-gallery-item\"><figure><img loading=\"lazy\" width=\"1024\" height=\"683\" src=\"https:\/\/corocantabile.gal\/wp-content\/uploads\/2021\/09\/Cantabile-Palabras-de-Luz-Coro-Galicia-Coruna-Musica-Galega-Poesia-Manuel-Rivas-Juan-Duran-Buide-Lucia-Cernadas-Colon-Galego-Dores-Tembras-Antia-Otero-Pallares019-1024x683.jpg\" alt=\"\" data-id=\"492\" data-full-url=\"https:\/\/corocantabile.gal\/wp-content\/uploads\/2021\/09\/Cantabile-Palabras-de-Luz-Coro-Galicia-Coruna-Musica-Galega-Poesia-Manuel-Rivas-Juan-Duran-Buide-Lucia-Cernadas-Colon-Galego-Dores-Tembras-Antia-Otero-Pallares019.jpg\" data-link=\"https:\/\/corocantabile.gal\/presentacion-de-palabras-de-luz-galeria-de-imaxes\/cantabile-palabras-de-luz-coro-galicia-coruna-musica-galega-poesia-manuel-rivas-juan-duran-buide-lucia-cernadas-colon-galego-dores-tembras-antia-otero-pallares019\/\" class=\"wp-image-492\" srcset=\"https:\/\/corocantabile.gal\/wp-content\/uploads\/2021\/09\/Cantabile-Palabras-de-Luz-Coro-Galicia-Coruna-Musica-Galega-Poesia-Manuel-Rivas-Juan-Duran-Buide-Lucia-Cernadas-Colon-Galego-Dores-Tembras-Antia-Otero-Pallares019-1024x683.jpg 1024w, https:\/\/corocantabile.gal\/wp-content\/uploads\/2021\/09\/Cantabile-Palabras-de-Luz-Coro-Galicia-Coruna-Musica-Galega-Poesia-Manuel-Rivas-Juan-Duran-Buide-Lucia-Cernadas-Colon-Galego-Dores-Tembras-Antia-Otero-Pallares019-300x200.jpg 300w, https:\/\/corocantabile.gal\/wp-content\/uploads\/2021\/09\/Cantabile-Palabras-de-Luz-Coro-Galicia-Coruna-Musica-Galega-Poesia-Manuel-Rivas-Juan-Duran-Buide-Lucia-Cernadas-Colon-Galego-Dores-Tembras-Antia-Otero-Pallares019-768x512.jpg 768w, https:\/\/corocantabile.gal\/wp-content\/uploads\/2021\/09\/Cantabile-Palabras-de-Luz-Coro-Galicia-Coruna-Musica-Galega-Poesia-Manuel-Rivas-Juan-Duran-Buide-Lucia-Cernadas-Colon-Galego-Dores-Tembras-Antia-Otero-Pallares019-960x640.jpg 960w, https:\/\/corocantabile.gal\/wp-content\/uploads\/2021\/09\/Cantabile-Palabras-de-Luz-Coro-Galicia-Coruna-Musica-Galega-Poesia-Manuel-Rivas-Juan-Duran-Buide-Lucia-Cernadas-Colon-Galego-Dores-Tembras-Antia-Otero-Pallares019-615x410.jpg 615w, https:\/\/corocantabile.gal\/wp-content\/uploads\/2021\/09\/Cantabile-Palabras-de-Luz-Coro-Galicia-Coruna-Musica-Galega-Poesia-Manuel-Rivas-Juan-Duran-Buide-Lucia-Cernadas-Colon-Galego-Dores-Tembras-Antia-Otero-Pallares019-1290x860.jpg 1290w, https:\/\/corocantabile.gal\/wp-content\/uploads\/2021\/09\/Cantabile-Palabras-de-Luz-Coro-Galicia-Coruna-Musica-Galega-Poesia-Manuel-Rivas-Juan-Duran-Buide-Lucia-Cernadas-Colon-Galego-Dores-Tembras-Antia-Otero-Pallares019-690x460.jpg 690w, https:\/\/corocantabile.gal\/wp-content\/uploads\/2021\/09\/Cantabile-Palabras-de-Luz-Coro-Galicia-Coruna-Musica-Galega-Poesia-Manuel-Rivas-Juan-Duran-Buide-Lucia-Cernadas-Colon-Galego-Dores-Tembras-Antia-Otero-Pallares019.jpg 1500w\" sizes=\"(max-width: 1024px) 100vw, 1024px\" \/><\/figure><\/li><li class=\"blocks-gallery-item\"><figure><img loading=\"lazy\" width=\"1024\" height=\"683\" src=\"https:\/\/corocantabile.gal\/wp-content\/uploads\/2021\/09\/Cantabile-Palabras-de-Luz-Coro-Galicia-Coruna-Musica-Galega-Poesia-Jesus-Rodil-Carlos-Negro-Estibaliz-Espinosa-Eva-Veiga-Maria-Lado-Mosquera073-1024x683.jpg\" alt=\"\" data-id=\"493\" data-full-url=\"https:\/\/corocantabile.gal\/wp-content\/uploads\/2021\/09\/Cantabile-Palabras-de-Luz-Coro-Galicia-Coruna-Musica-Galega-Poesia-Jesus-Rodil-Carlos-Negro-Estibaliz-Espinosa-Eva-Veiga-Maria-Lado-Mosquera073.jpg\" data-link=\"https:\/\/corocantabile.gal\/presentacion-de-palabras-de-luz-galeria-de-imaxes\/cantabile-palabras-de-luz-coro-galicia-coruna-musica-galega-poesia-jesus-rodil-carlos-negro-estibaliz-espinosa-eva-veiga-maria-lado-mosquera073\/\" class=\"wp-image-493\" srcset=\"https:\/\/corocantabile.gal\/wp-content\/uploads\/2021\/09\/Cantabile-Palabras-de-Luz-Coro-Galicia-Coruna-Musica-Galega-Poesia-Jesus-Rodil-Carlos-Negro-Estibaliz-Espinosa-Eva-Veiga-Maria-Lado-Mosquera073-1024x683.jpg 1024w, https:\/\/corocantabile.gal\/wp-content\/uploads\/2021\/09\/Cantabile-Palabras-de-Luz-Coro-Galicia-Coruna-Musica-Galega-Poesia-Jesus-Rodil-Carlos-Negro-Estibaliz-Espinosa-Eva-Veiga-Maria-Lado-Mosquera073-300x200.jpg 300w, https:\/\/corocantabile.gal\/wp-content\/uploads\/2021\/09\/Cantabile-Palabras-de-Luz-Coro-Galicia-Coruna-Musica-Galega-Poesia-Jesus-Rodil-Carlos-Negro-Estibaliz-Espinosa-Eva-Veiga-Maria-Lado-Mosquera073-768x512.jpg 768w, https:\/\/corocantabile.gal\/wp-content\/uploads\/2021\/09\/Cantabile-Palabras-de-Luz-Coro-Galicia-Coruna-Musica-Galega-Poesia-Jesus-Rodil-Carlos-Negro-Estibaliz-Espinosa-Eva-Veiga-Maria-Lado-Mosquera073-960x640.jpg 960w, https:\/\/corocantabile.gal\/wp-content\/uploads\/2021\/09\/Cantabile-Palabras-de-Luz-Coro-Galicia-Coruna-Musica-Galega-Poesia-Jesus-Rodil-Carlos-Negro-Estibaliz-Espinosa-Eva-Veiga-Maria-Lado-Mosquera073-615x410.jpg 615w, https:\/\/corocantabile.gal\/wp-content\/uploads\/2021\/09\/Cantabile-Palabras-de-Luz-Coro-Galicia-Coruna-Musica-Galega-Poesia-Jesus-Rodil-Carlos-Negro-Estibaliz-Espinosa-Eva-Veiga-Maria-Lado-Mosquera073-1290x860.jpg 1290w, https:\/\/corocantabile.gal\/wp-content\/uploads\/2021\/09\/Cantabile-Palabras-de-Luz-Coro-Galicia-Coruna-Musica-Galega-Poesia-Jesus-Rodil-Carlos-Negro-Estibaliz-Espinosa-Eva-Veiga-Maria-Lado-Mosquera073-690x460.jpg 690w, https:\/\/corocantabile.gal\/wp-content\/uploads\/2021\/09\/Cantabile-Palabras-de-Luz-Coro-Galicia-Coruna-Musica-Galega-Poesia-Jesus-Rodil-Carlos-Negro-Estibaliz-Espinosa-Eva-Veiga-Maria-Lado-Mosquera073.jpg 1500w\" sizes=\"(max-width: 1024px) 100vw, 1024px\" \/><\/figure><\/li><li class=\"blocks-gallery-item\"><figure><img loading=\"lazy\" width=\"1024\" height=\"683\" src=\"https:\/\/corocantabile.gal\/wp-content\/uploads\/2021\/09\/Cantabile-Palabras-de-Luz-Coro-Galicia-Coruna-Musica-Galega-Poesia-Federico-Mosquera-Baldo-Ramos-Anxo-Angueira-Fernandez-Sanmartin059-1024x683.jpg\" alt=\"\" data-id=\"494\" data-full-url=\"https:\/\/corocantabile.gal\/wp-content\/uploads\/2021\/09\/Cantabile-Palabras-de-Luz-Coro-Galicia-Coruna-Musica-Galega-Poesia-Federico-Mosquera-Baldo-Ramos-Anxo-Angueira-Fernandez-Sanmartin059.jpg\" data-link=\"https:\/\/corocantabile.gal\/presentacion-de-palabras-de-luz-galeria-de-imaxes\/cantabile-palabras-de-luz-coro-galicia-coruna-musica-galega-poesia-federico-mosquera-baldo-ramos-anxo-angueira-fernandez-sanmartin059\/\" class=\"wp-image-494\" srcset=\"https:\/\/corocantabile.gal\/wp-content\/uploads\/2021\/09\/Cantabile-Palabras-de-Luz-Coro-Galicia-Coruna-Musica-Galega-Poesia-Federico-Mosquera-Baldo-Ramos-Anxo-Angueira-Fernandez-Sanmartin059-1024x683.jpg 1024w, https:\/\/corocantabile.gal\/wp-content\/uploads\/2021\/09\/Cantabile-Palabras-de-Luz-Coro-Galicia-Coruna-Musica-Galega-Poesia-Federico-Mosquera-Baldo-Ramos-Anxo-Angueira-Fernandez-Sanmartin059-300x200.jpg 300w, https:\/\/corocantabile.gal\/wp-content\/uploads\/2021\/09\/Cantabile-Palabras-de-Luz-Coro-Galicia-Coruna-Musica-Galega-Poesia-Federico-Mosquera-Baldo-Ramos-Anxo-Angueira-Fernandez-Sanmartin059-768x512.jpg 768w, https:\/\/corocantabile.gal\/wp-content\/uploads\/2021\/09\/Cantabile-Palabras-de-Luz-Coro-Galicia-Coruna-Musica-Galega-Poesia-Federico-Mosquera-Baldo-Ramos-Anxo-Angueira-Fernandez-Sanmartin059-960x640.jpg 960w, https:\/\/corocantabile.gal\/wp-content\/uploads\/2021\/09\/Cantabile-Palabras-de-Luz-Coro-Galicia-Coruna-Musica-Galega-Poesia-Federico-Mosquera-Baldo-Ramos-Anxo-Angueira-Fernandez-Sanmartin059-615x410.jpg 615w, https:\/\/corocantabile.gal\/wp-content\/uploads\/2021\/09\/Cantabile-Palabras-de-Luz-Coro-Galicia-Coruna-Musica-Galega-Poesia-Federico-Mosquera-Baldo-Ramos-Anxo-Angueira-Fernandez-Sanmartin059-1290x860.jpg 1290w, https:\/\/corocantabile.gal\/wp-content\/uploads\/2021\/09\/Cantabile-Palabras-de-Luz-Coro-Galicia-Coruna-Musica-Galega-Poesia-Federico-Mosquera-Baldo-Ramos-Anxo-Angueira-Fernandez-Sanmartin059-690x460.jpg 690w, https:\/\/corocantabile.gal\/wp-content\/uploads\/2021\/09\/Cantabile-Palabras-de-Luz-Coro-Galicia-Coruna-Musica-Galega-Poesia-Federico-Mosquera-Baldo-Ramos-Anxo-Angueira-Fernandez-Sanmartin059.jpg 1500w\" sizes=\"(max-width: 1024px) 100vw, 1024px\" \/><\/figure><\/li><li class=\"blocks-gallery-item\"><figure><img loading=\"lazy\" width=\"1024\" height=\"683\" src=\"https:\/\/corocantabile.gal\/wp-content\/uploads\/2021\/09\/Cantabile-Palabras-de-Luz-Coro-Galicia-Coruna-Musica-Galega-Poesia-Manuel-Rivas-Juan-Duran-Buide-Lucia-Cernadas-Colon-Galego-Dores-Tembras-Antia-Otero-Pallares042-1024x683.jpg\" alt=\"\" data-id=\"495\" data-full-url=\"https:\/\/corocantabile.gal\/wp-content\/uploads\/2021\/09\/Cantabile-Palabras-de-Luz-Coro-Galicia-Coruna-Musica-Galega-Poesia-Manuel-Rivas-Juan-Duran-Buide-Lucia-Cernadas-Colon-Galego-Dores-Tembras-Antia-Otero-Pallares042.jpg\" data-link=\"https:\/\/corocantabile.gal\/presentacion-de-palabras-de-luz-galeria-de-imaxes\/cantabile-palabras-de-luz-coro-galicia-coruna-musica-galega-poesia-manuel-rivas-juan-duran-buide-lucia-cernadas-colon-galego-dores-tembras-antia-otero-pallares042\/\" class=\"wp-image-495\" srcset=\"https:\/\/corocantabile.gal\/wp-content\/uploads\/2021\/09\/Cantabile-Palabras-de-Luz-Coro-Galicia-Coruna-Musica-Galega-Poesia-Manuel-Rivas-Juan-Duran-Buide-Lucia-Cernadas-Colon-Galego-Dores-Tembras-Antia-Otero-Pallares042-1024x683.jpg 1024w, https:\/\/corocantabile.gal\/wp-content\/uploads\/2021\/09\/Cantabile-Palabras-de-Luz-Coro-Galicia-Coruna-Musica-Galega-Poesia-Manuel-Rivas-Juan-Duran-Buide-Lucia-Cernadas-Colon-Galego-Dores-Tembras-Antia-Otero-Pallares042-300x200.jpg 300w, https:\/\/corocantabile.gal\/wp-content\/uploads\/2021\/09\/Cantabile-Palabras-de-Luz-Coro-Galicia-Coruna-Musica-Galega-Poesia-Manuel-Rivas-Juan-Duran-Buide-Lucia-Cernadas-Colon-Galego-Dores-Tembras-Antia-Otero-Pallares042-768x512.jpg 768w, https:\/\/corocantabile.gal\/wp-content\/uploads\/2021\/09\/Cantabile-Palabras-de-Luz-Coro-Galicia-Coruna-Musica-Galega-Poesia-Manuel-Rivas-Juan-Duran-Buide-Lucia-Cernadas-Colon-Galego-Dores-Tembras-Antia-Otero-Pallares042-960x640.jpg 960w, https:\/\/corocantabile.gal\/wp-content\/uploads\/2021\/09\/Cantabile-Palabras-de-Luz-Coro-Galicia-Coruna-Musica-Galega-Poesia-Manuel-Rivas-Juan-Duran-Buide-Lucia-Cernadas-Colon-Galego-Dores-Tembras-Antia-Otero-Pallares042-615x410.jpg 615w, https:\/\/corocantabile.gal\/wp-content\/uploads\/2021\/09\/Cantabile-Palabras-de-Luz-Coro-Galicia-Coruna-Musica-Galega-Poesia-Manuel-Rivas-Juan-Duran-Buide-Lucia-Cernadas-Colon-Galego-Dores-Tembras-Antia-Otero-Pallares042-1290x860.jpg 1290w, https:\/\/corocantabile.gal\/wp-content\/uploads\/2021\/09\/Cantabile-Palabras-de-Luz-Coro-Galicia-Coruna-Musica-Galega-Poesia-Manuel-Rivas-Juan-Duran-Buide-Lucia-Cernadas-Colon-Galego-Dores-Tembras-Antia-Otero-Pallares042-690x460.jpg 690w, https:\/\/corocantabile.gal\/wp-content\/uploads\/2021\/09\/Cantabile-Palabras-de-Luz-Coro-Galicia-Coruna-Musica-Galega-Poesia-Manuel-Rivas-Juan-Duran-Buide-Lucia-Cernadas-Colon-Galego-Dores-Tembras-Antia-Otero-Pallares042.jpg 1500w\" sizes=\"(max-width: 1024px) 100vw, 1024px\" \/><\/figure><\/li><li class=\"blocks-gallery-item\"><figure><img loading=\"lazy\" width=\"1024\" height=\"683\" src=\"https:\/\/corocantabile.gal\/wp-content\/uploads\/2021\/09\/Cantabile-Palabras-de-Luz-Coro-Galicia-Coruna-Musica-Galega-Poesia-Manuel-Rivas-Juan-Duran-Buide-Lucia-Cernadas-Colon-Galego-Dores-Tembras-Antia-Otero-Pallares041-1024x683.jpg\" alt=\"\" data-id=\"496\" data-full-url=\"https:\/\/corocantabile.gal\/wp-content\/uploads\/2021\/09\/Cantabile-Palabras-de-Luz-Coro-Galicia-Coruna-Musica-Galega-Poesia-Manuel-Rivas-Juan-Duran-Buide-Lucia-Cernadas-Colon-Galego-Dores-Tembras-Antia-Otero-Pallares041.jpg\" data-link=\"https:\/\/corocantabile.gal\/presentacion-de-palabras-de-luz-galeria-de-imaxes\/cantabile-palabras-de-luz-coro-galicia-coruna-musica-galega-poesia-manuel-rivas-juan-duran-buide-lucia-cernadas-colon-galego-dores-tembras-antia-otero-pallares041\/\" class=\"wp-image-496\" srcset=\"https:\/\/corocantabile.gal\/wp-content\/uploads\/2021\/09\/Cantabile-Palabras-de-Luz-Coro-Galicia-Coruna-Musica-Galega-Poesia-Manuel-Rivas-Juan-Duran-Buide-Lucia-Cernadas-Colon-Galego-Dores-Tembras-Antia-Otero-Pallares041-1024x683.jpg 1024w, https:\/\/corocantabile.gal\/wp-content\/uploads\/2021\/09\/Cantabile-Palabras-de-Luz-Coro-Galicia-Coruna-Musica-Galega-Poesia-Manuel-Rivas-Juan-Duran-Buide-Lucia-Cernadas-Colon-Galego-Dores-Tembras-Antia-Otero-Pallares041-300x200.jpg 300w, https:\/\/corocantabile.gal\/wp-content\/uploads\/2021\/09\/Cantabile-Palabras-de-Luz-Coro-Galicia-Coruna-Musica-Galega-Poesia-Manuel-Rivas-Juan-Duran-Buide-Lucia-Cernadas-Colon-Galego-Dores-Tembras-Antia-Otero-Pallares041-768x512.jpg 768w, https:\/\/corocantabile.gal\/wp-content\/uploads\/2021\/09\/Cantabile-Palabras-de-Luz-Coro-Galicia-Coruna-Musica-Galega-Poesia-Manuel-Rivas-Juan-Duran-Buide-Lucia-Cernadas-Colon-Galego-Dores-Tembras-Antia-Otero-Pallares041-960x640.jpg 960w, https:\/\/corocantabile.gal\/wp-content\/uploads\/2021\/09\/Cantabile-Palabras-de-Luz-Coro-Galicia-Coruna-Musica-Galega-Poesia-Manuel-Rivas-Juan-Duran-Buide-Lucia-Cernadas-Colon-Galego-Dores-Tembras-Antia-Otero-Pallares041-615x410.jpg 615w, https:\/\/corocantabile.gal\/wp-content\/uploads\/2021\/09\/Cantabile-Palabras-de-Luz-Coro-Galicia-Coruna-Musica-Galega-Poesia-Manuel-Rivas-Juan-Duran-Buide-Lucia-Cernadas-Colon-Galego-Dores-Tembras-Antia-Otero-Pallares041-1290x860.jpg 1290w, https:\/\/corocantabile.gal\/wp-content\/uploads\/2021\/09\/Cantabile-Palabras-de-Luz-Coro-Galicia-Coruna-Musica-Galega-Poesia-Manuel-Rivas-Juan-Duran-Buide-Lucia-Cernadas-Colon-Galego-Dores-Tembras-Antia-Otero-Pallares041-690x460.jpg 690w, https:\/\/corocantabile.gal\/wp-content\/uploads\/2021\/09\/Cantabile-Palabras-de-Luz-Coro-Galicia-Coruna-Musica-Galega-Poesia-Manuel-Rivas-Juan-Duran-Buide-Lucia-Cernadas-Colon-Galego-Dores-Tembras-Antia-Otero-Pallares041.jpg 1500w\" sizes=\"(max-width: 1024px) 100vw, 1024px\" \/><\/figure><\/li><li class=\"blocks-gallery-item\"><figure><img loading=\"lazy\" width=\"1024\" height=\"683\" src=\"https:\/\/corocantabile.gal\/wp-content\/uploads\/2021\/09\/Cantabile-Palabras-de-Luz-Coro-Galicia-Coruna-Musica-Galega-Poesia-Jesus-Rodil-Carlos-Negro-Estibaliz-Espinosa-Eva-Veiga-Maria-Lado-Mosquera071-1024x683.jpg\" alt=\"\" data-id=\"497\" data-full-url=\"https:\/\/corocantabile.gal\/wp-content\/uploads\/2021\/09\/Cantabile-Palabras-de-Luz-Coro-Galicia-Coruna-Musica-Galega-Poesia-Jesus-Rodil-Carlos-Negro-Estibaliz-Espinosa-Eva-Veiga-Maria-Lado-Mosquera071.jpg\" data-link=\"https:\/\/corocantabile.gal\/presentacion-de-palabras-de-luz-galeria-de-imaxes\/cantabile-palabras-de-luz-coro-galicia-coruna-musica-galega-poesia-jesus-rodil-carlos-negro-estibaliz-espinosa-eva-veiga-maria-lado-mosquera071\/\" class=\"wp-image-497\" srcset=\"https:\/\/corocantabile.gal\/wp-content\/uploads\/2021\/09\/Cantabile-Palabras-de-Luz-Coro-Galicia-Coruna-Musica-Galega-Poesia-Jesus-Rodil-Carlos-Negro-Estibaliz-Espinosa-Eva-Veiga-Maria-Lado-Mosquera071-1024x683.jpg 1024w, https:\/\/corocantabile.gal\/wp-content\/uploads\/2021\/09\/Cantabile-Palabras-de-Luz-Coro-Galicia-Coruna-Musica-Galega-Poesia-Jesus-Rodil-Carlos-Negro-Estibaliz-Espinosa-Eva-Veiga-Maria-Lado-Mosquera071-300x200.jpg 300w, https:\/\/corocantabile.gal\/wp-content\/uploads\/2021\/09\/Cantabile-Palabras-de-Luz-Coro-Galicia-Coruna-Musica-Galega-Poesia-Jesus-Rodil-Carlos-Negro-Estibaliz-Espinosa-Eva-Veiga-Maria-Lado-Mosquera071-768x512.jpg 768w, https:\/\/corocantabile.gal\/wp-content\/uploads\/2021\/09\/Cantabile-Palabras-de-Luz-Coro-Galicia-Coruna-Musica-Galega-Poesia-Jesus-Rodil-Carlos-Negro-Estibaliz-Espinosa-Eva-Veiga-Maria-Lado-Mosquera071-960x640.jpg 960w, https:\/\/corocantabile.gal\/wp-content\/uploads\/2021\/09\/Cantabile-Palabras-de-Luz-Coro-Galicia-Coruna-Musica-Galega-Poesia-Jesus-Rodil-Carlos-Negro-Estibaliz-Espinosa-Eva-Veiga-Maria-Lado-Mosquera071-615x410.jpg 615w, https:\/\/corocantabile.gal\/wp-content\/uploads\/2021\/09\/Cantabile-Palabras-de-Luz-Coro-Galicia-Coruna-Musica-Galega-Poesia-Jesus-Rodil-Carlos-Negro-Estibaliz-Espinosa-Eva-Veiga-Maria-Lado-Mosquera071-1290x860.jpg 1290w, https:\/\/corocantabile.gal\/wp-content\/uploads\/2021\/09\/Cantabile-Palabras-de-Luz-Coro-Galicia-Coruna-Musica-Galega-Poesia-Jesus-Rodil-Carlos-Negro-Estibaliz-Espinosa-Eva-Veiga-Maria-Lado-Mosquera071-690x460.jpg 690w, https:\/\/corocantabile.gal\/wp-content\/uploads\/2021\/09\/Cantabile-Palabras-de-Luz-Coro-Galicia-Coruna-Musica-Galega-Poesia-Jesus-Rodil-Carlos-Negro-Estibaliz-Espinosa-Eva-Veiga-Maria-Lado-Mosquera071.jpg 1500w\" sizes=\"(max-width: 1024px) 100vw, 1024px\" \/><\/figure><\/li><li class=\"blocks-gallery-item\"><figure><img loading=\"lazy\" width=\"1024\" height=\"683\" src=\"https:\/\/corocantabile.gal\/wp-content\/uploads\/2021\/09\/Cantabile-Palabras-de-Luz-Coro-Galicia-Coruna-Musica-Galega-Poesia-Jesus-Rodil-Carlos-Negro-Estibaliz-Espinosa-Eva-Veiga-Maria-Lado-Mosquera077-1024x683.jpg\" alt=\"\" data-id=\"498\" data-full-url=\"https:\/\/corocantabile.gal\/wp-content\/uploads\/2021\/09\/Cantabile-Palabras-de-Luz-Coro-Galicia-Coruna-Musica-Galega-Poesia-Jesus-Rodil-Carlos-Negro-Estibaliz-Espinosa-Eva-Veiga-Maria-Lado-Mosquera077.jpg\" data-link=\"https:\/\/corocantabile.gal\/presentacion-de-palabras-de-luz-galeria-de-imaxes\/cantabile-palabras-de-luz-coro-galicia-coruna-musica-galega-poesia-jesus-rodil-carlos-negro-estibaliz-espinosa-eva-veiga-maria-lado-mosquera077\/\" class=\"wp-image-498\" srcset=\"https:\/\/corocantabile.gal\/wp-content\/uploads\/2021\/09\/Cantabile-Palabras-de-Luz-Coro-Galicia-Coruna-Musica-Galega-Poesia-Jesus-Rodil-Carlos-Negro-Estibaliz-Espinosa-Eva-Veiga-Maria-Lado-Mosquera077-1024x683.jpg 1024w, https:\/\/corocantabile.gal\/wp-content\/uploads\/2021\/09\/Cantabile-Palabras-de-Luz-Coro-Galicia-Coruna-Musica-Galega-Poesia-Jesus-Rodil-Carlos-Negro-Estibaliz-Espinosa-Eva-Veiga-Maria-Lado-Mosquera077-300x200.jpg 300w, https:\/\/corocantabile.gal\/wp-content\/uploads\/2021\/09\/Cantabile-Palabras-de-Luz-Coro-Galicia-Coruna-Musica-Galega-Poesia-Jesus-Rodil-Carlos-Negro-Estibaliz-Espinosa-Eva-Veiga-Maria-Lado-Mosquera077-768x512.jpg 768w, https:\/\/corocantabile.gal\/wp-content\/uploads\/2021\/09\/Cantabile-Palabras-de-Luz-Coro-Galicia-Coruna-Musica-Galega-Poesia-Jesus-Rodil-Carlos-Negro-Estibaliz-Espinosa-Eva-Veiga-Maria-Lado-Mosquera077-960x640.jpg 960w, https:\/\/corocantabile.gal\/wp-content\/uploads\/2021\/09\/Cantabile-Palabras-de-Luz-Coro-Galicia-Coruna-Musica-Galega-Poesia-Jesus-Rodil-Carlos-Negro-Estibaliz-Espinosa-Eva-Veiga-Maria-Lado-Mosquera077-615x410.jpg 615w, https:\/\/corocantabile.gal\/wp-content\/uploads\/2021\/09\/Cantabile-Palabras-de-Luz-Coro-Galicia-Coruna-Musica-Galega-Poesia-Jesus-Rodil-Carlos-Negro-Estibaliz-Espinosa-Eva-Veiga-Maria-Lado-Mosquera077-1290x860.jpg 1290w, https:\/\/corocantabile.gal\/wp-content\/uploads\/2021\/09\/Cantabile-Palabras-de-Luz-Coro-Galicia-Coruna-Musica-Galega-Poesia-Jesus-Rodil-Carlos-Negro-Estibaliz-Espinosa-Eva-Veiga-Maria-Lado-Mosquera077-690x460.jpg 690w, https:\/\/corocantabile.gal\/wp-content\/uploads\/2021\/09\/Cantabile-Palabras-de-Luz-Coro-Galicia-Coruna-Musica-Galega-Poesia-Jesus-Rodil-Carlos-Negro-Estibaliz-Espinosa-Eva-Veiga-Maria-Lado-Mosquera077.jpg 1500w\" sizes=\"(max-width: 1024px) 100vw, 1024px\" \/><\/figure><\/li><\/ul><\/figure>\n","protected":false},"excerpt":{"rendered":"<p>A\u00ednda estamos procesando o emocionante que foi o concerto de presentaci\u00f3n de Palabras de luz. Estamos enormemente agradecidas a todas as persoas que fixeron que este proxecto sexa hoxe unha realidade: artistas, coralistas e familias, [&hellip;]<\/p>\n","protected":false},"author":3,"featured_media":391,"comment_status":"closed","ping_status":"closed","sticky":false,"template":"","format":"standard","meta":[],"categories":[80],"tags":[25,24],"jetpack_featured_media_url":"https:\/\/corocantabile.gal\/wp-content\/uploads\/2021\/09\/presentacion-palabras-luz.jpg","_links":{"self":[{"href":"https:\/\/corocantabile.gal\/es\/wp-json\/wp\/v2\/posts\/394"}],"collection":[{"href":"https:\/\/corocantabile.gal\/es\/wp-json\/wp\/v2\/posts"}],"about":[{"href":"https:\/\/corocantabile.gal\/es\/wp-json\/wp\/v2\/types\/post"}],"author":[{"embeddable":true,"href":"https:\/\/corocantabile.gal\/es\/wp-json\/wp\/v2\/users\/3"}],"replies":[{"embeddable":true,"href":"https:\/\/corocantabile.gal\/es\/wp-json\/wp\/v2\/comments?post=394"}],"version-history":[{"count":1,"href":"https:\/\/corocantabile.gal\/es\/wp-json\/wp\/v2\/posts\/394\/revisions"}],"predecessor-version":[{"id":501,"href":"https:\/\/corocantabile.gal\/es\/wp-json\/wp\/v2\/posts\/394\/revisions\/501"}],"wp:featuredmedia":[{"embeddable":true,"href":"https:\/\/corocantabile.gal\/es\/wp-json\/wp\/v2\/media\/391"}],"wp:attachment":[{"href":"https:\/\/corocantabile.gal\/es\/wp-json\/wp\/v2\/media?parent=394"}],"wp:term":[{"taxonomy":"category","embeddable":true,"href":"https:\/\/corocantabile.gal\/es\/wp-json\/wp\/v2\/categories?post=394"},{"taxonomy":"post_tag","embeddable":true,"href":"https:\/\/corocantabile.gal\/es\/wp-json\/wp\/v2\/tags?post=394"}],"curies":[{"name":"wp","href":"https:\/\/api.w.org\/{rel}","templated":true}]}}