{"id":839,"date":"2021-10-11T11:17:21","date_gmt":"2021-10-11T11:17:21","guid":{"rendered":"https:\/\/corocantabile.gal\/?p=839"},"modified":"2021-12-01T18:21:34","modified_gmt":"2021-12-01T18:21:34","slug":"xix-aniversario-do-coro-cantabile","status":"publish","type":"post","link":"https:\/\/corocantabile.gal\/es\/xix-aniversario-do-coro-cantabile\/","title":{"rendered":"XIX Aniversario do Coro Cantabile"},"content":{"rendered":"\n<p>O pr\u00f3ximo s\u00e1bado 6 de novembro poderemos vernos no XIX Aniversario Cantabile, que nesta ocasi\u00f3n, estamos a organizar coa colaboraci\u00f3n do Concello da Coru\u00f1a.<\/p>\n\n\n\n<p>O concerto ter\u00e1 lugar \u00e1s 18:00h na igrexa de Santiago, na Cidade Vella, e contar\u00e1 cun programa moi especial de m\u00fasica medieval e renacentista.<\/p>\n\n\n\n<p>Como o aforo ser\u00e1 restrinxido, hai que inscribirse enviando un correo electr\u00f3nico a info@corocantabile.gal, indicando convivintes e n\u00famero de tel\u00e9fono, antes do 29 de outubro.<\/p>\n\n\n\n<p>V\u00e9monos axi\u00f1a!<\/p>\n","protected":false},"excerpt":{"rendered":"<p>O pr\u00f3ximo s\u00e1bado 6 de novembro poderemos vernos no XIX Aniversario Cantabile, que nesta ocasi\u00f3n, estamos a organizar coa colaboraci\u00f3n do Concello da Coru\u00f1a. O concerto ter\u00e1 lugar \u00e1s 18:00h na igrexa de Santiago, na [&hellip;]<\/p>\n","protected":false},"author":3,"featured_media":842,"comment_status":"closed","ping_status":"closed","sticky":false,"template":"","format":"standard","meta":[],"categories":[80],"tags":[30,29],"jetpack_featured_media_url":"https:\/\/corocantabile.gal\/wp-content\/uploads\/2021\/10\/XIX-aniversario-coro-cantabile.jpg","_links":{"self":[{"href":"https:\/\/corocantabile.gal\/es\/wp-json\/wp\/v2\/posts\/839"}],"collection":[{"href":"https:\/\/corocantabile.gal\/es\/wp-json\/wp\/v2\/posts"}],"about":[{"href":"https:\/\/corocantabile.gal\/es\/wp-json\/wp\/v2\/types\/post"}],"author":[{"embeddable":true,"href":"https:\/\/corocantabile.gal\/es\/wp-json\/wp\/v2\/users\/3"}],"replies":[{"embeddable":true,"href":"https:\/\/corocantabile.gal\/es\/wp-json\/wp\/v2\/comments?post=839"}],"version-history":[{"count":1,"href":"https:\/\/corocantabile.gal\/es\/wp-json\/wp\/v2\/posts\/839\/revisions"}],"predecessor-version":[{"id":843,"href":"https:\/\/corocantabile.gal\/es\/wp-json\/wp\/v2\/posts\/839\/revisions\/843"}],"wp:featuredmedia":[{"embeddable":true,"href":"https:\/\/corocantabile.gal\/es\/wp-json\/wp\/v2\/media\/842"}],"wp:attachment":[{"href":"https:\/\/corocantabile.gal\/es\/wp-json\/wp\/v2\/media?parent=839"}],"wp:term":[{"taxonomy":"category","embeddable":true,"href":"https:\/\/corocantabile.gal\/es\/wp-json\/wp\/v2\/categories?post=839"},{"taxonomy":"post_tag","embeddable":true,"href":"https:\/\/corocantabile.gal\/es\/wp-json\/wp\/v2\/tags?post=839"}],"curies":[{"name":"wp","href":"https:\/\/api.w.org\/{rel}","templated":true}]}}